{"id":9999,"date":"2023-11-26T13:57:01","date_gmt":"2023-11-26T11:57:01","guid":{"rendered":"http:\/\/www.museosdemequinenza.com\/?p=9999"},"modified":"2023-11-26T13:59:51","modified_gmt":"2023-11-26T11:59:51","slug":"12-sense-pietat-del-grup-de-teatre-associacio-cultural-i-recreativa-de-fals-triunfadora-del-vi-certamen-de-teatro-amateur-de-mequinenza","status":"publish","type":"post","link":"https:\/\/www.museosdemequinenza.com\/ca\/12-sense-pietat-del-grup-de-teatre-associacio-cultural-i-recreativa-de-fals-triunfadora-del-vi-certamen-de-teatro-amateur-de-mequinenza\/","title":{"rendered":"12 sense pietat del Grup de Teatre Associaci\u00f3 Cultural i Recreativa de Fals, triomfadora del VI Certamen de Teatre Amateur de Mequinensa"},"content":{"rendered":"<div data-elementor-type=\"wp-post\" data-elementor-id=\"9999\" class=\"elementor elementor-9999\">\n\t\t\t\t\t\t<section class=\"elementor-section elementor-top-section elementor-element elementor-element-2909d23 elementor-section-boxed elementor-section-height-default elementor-section-height-default\" data-id=\"2909d23\" data-element_type=\"section\" data-e-type=\"section\">\n\t\t\t\t\t\t<div class=\"elementor-container elementor-column-gap-default\">\n\t\t\t\t\t<div class=\"elementor-column elementor-col-100 elementor-top-column elementor-element elementor-element-6ea8f78\" data-id=\"6ea8f78\" data-element_type=\"column\" data-e-type=\"column\">\n\t\t\t<div class=\"elementor-widget-wrap elementor-element-populated\">\n\t\t\t\t\t\t<div class=\"elementor-element elementor-element-9e30ab8 elementor-widget elementor-widget-image\" data-id=\"9e30ab8\" data-element_type=\"widget\" data-e-type=\"widget\" data-widget_type=\"image.default\">\n\t\t\t\t<div class=\"elementor-widget-container\">\n\t\t\t\t\t\t\t\t\t\t\t\t\t\t\t<img fetchpriority=\"high\" decoding=\"async\" width=\"1024\" height=\"512\" src=\"https:\/\/www.museosdemequinenza.com\/wp-content\/uploads\/2023\/11\/IMG_6705-scaled-e1700999795463-1024x512.jpg\" class=\"attachment-large size-large wp-image-10000\" alt=\"\" srcset=\"https:\/\/www.museosdemequinenza.com\/wp-content\/uploads\/2023\/11\/IMG_6705-scaled-e1700999795463-1024x512.jpg 1024w, https:\/\/www.museosdemequinenza.com\/wp-content\/uploads\/2023\/11\/IMG_6705-scaled-e1700999795463-300x150.jpg 300w, https:\/\/www.museosdemequinenza.com\/wp-content\/uploads\/2023\/11\/IMG_6705-scaled-e1700999795463-768x384.jpg 768w, https:\/\/www.museosdemequinenza.com\/wp-content\/uploads\/2023\/11\/IMG_6705-scaled-e1700999795463-1536x768.jpg 1536w, https:\/\/www.museosdemequinenza.com\/wp-content\/uploads\/2023\/11\/IMG_6705-scaled-e1700999795463-2048x1024.jpg 2048w, https:\/\/www.museosdemequinenza.com\/wp-content\/uploads\/2023\/11\/IMG_6705-scaled-e1700999795463-18x9.jpg 18w, https:\/\/www.museosdemequinenza.com\/wp-content\/uploads\/2023\/11\/IMG_6705-scaled-e1700999795463-570x285.jpg 570w, https:\/\/www.museosdemequinenza.com\/wp-content\/uploads\/2023\/11\/IMG_6705-scaled-e1700999795463-380x190.jpg 380w, https:\/\/www.museosdemequinenza.com\/wp-content\/uploads\/2023\/11\/IMG_6705-scaled-e1700999795463-285x143.jpg 285w\" sizes=\"(max-width: 1024px) 100vw, 1024px\" \/>\t\t\t\t\t\t\t\t\t\t\t\t\t\t\t<\/div>\n\t\t\t\t<\/div>\n\t\t\t\t<div class=\"elementor-element elementor-element-de5489b elementor-widget elementor-widget-text-editor\" data-id=\"de5489b\" data-element_type=\"widget\" data-e-type=\"widget\" data-widget_type=\"text-editor.default\">\n\t\t\t\t<div class=\"elementor-widget-container\">\n\t\t\t\t\t\t\t\t\t<p><strong>La compa\u00f1\u00eda se llev\u00f3 el primer premio y los premios a mejor actor y mejor direcci\u00f3n, que recayeron en Santi Cervera y Francesc Parcerisas respectivamente. El segundo premio ha sido para \u201cLas cuatro torres\u201d de Doble R Teatro seguida de \u201cUn cop l\u2019any\u201d del Grup de Teatre T\u00e0ndem, la favorita del p\u00fablico, y de \u201c\u00a1Qui\u00e9reme o me mato!\u201d de Teatro Nim\u00fa de Lui.<\/strong><\/p>\t\t\t\t\t\t\t\t<\/div>\n\t\t\t\t<\/div>\n\t\t\t\t<div class=\"elementor-element elementor-element-020fa47 elementor-widget elementor-widget-text-editor\" data-id=\"020fa47\" data-element_type=\"widget\" data-e-type=\"widget\" data-widget_type=\"text-editor.default\">\n\t\t\t\t<div class=\"elementor-widget-container\">\n\t\t\t\t\t\t\t\t\t<p>El Grup de Teatre Associaci\u00f3 Cultural i Recreativa de Fals se ha proclamado ganadora del VI Certamen de teatro Amateur de Mequinenza con la obra \u201c12 sense pietat\u201d. El jurado ha querido destacar la complejidad de coordinar a una docena de actores en escena. La obra, original de Reginald Rose, se llev\u00f3 al cine en 1957 y tiene como protagonista a los miembros de un jurado que deben determinar si un adolescente es culpable del asesinato de su padre. La compa\u00f1\u00eda barcelonesa ha recibido tambi\u00e9n \u00a0los premios a mejor actor, que ha reca\u00eddo en Santi Cervera en su papel de jurado n\u00famero 3, y a mejor direcci\u00f3n, para Francesc Parcerisas.<\/p><p>El segundo premio y mejor montaje esc\u00e9nico ha sido para el thriller futurista \u201cLas cuatro torres\u201d de los alicantinos Doble R Teatro, una obra original de Rub\u00e9n Yuste y en la que el p\u00fablico jug\u00f3 un papel determinante al escoger el final. El Grup de Teatre T\u00e0ndem, de la localidad barcelonesa de Santa Perp\u00e8tua de Mogoda, con \u201cUn cop l\u2019any\u201d, se ha hecho con la tercera plaza, el premio del p\u00fablico y el premio a mejor actriz para Laia Sabata por el papel de Pilar en esta comedia rom\u00e1ntica original de Bernard Slade y dirigida por Vicen\u00e7 Gurrea en la que una pareja revive, en secreto y a\u00f1o tras a\u00f1o, un t\u00f3rrido encuentro. Por \u00faltimo la comedia sobre el poliamor \u201c\u00a1Qui\u00e9reme o me mato!\u201d de la compa\u00f1\u00eda Teatro Nim\u00fa de Lui\u00a0 de la localidad turolense de Piedrahita-Loscos, basada en la obra \u201cPareja abierta\u201d de Dar\u00edo Fo y Franca Rame, se ha llevado el cuarto premio.<br \/><br \/>Los premiados mostraban su agradecimiento y coincid\u00edan en destacar \u201cla gran acogida\u201d que han recibo. Coincid\u00edan en poner el acento en el trabajo que llevan a cabo las compa\u00f1\u00edas amateurs, \u00a0\u201cun trabajo coral que implica a muchas personas, adem\u00e1s de los actores\u201d, y en tono reivindicativo agradec\u00edan la posibilidad de llevar a escena la obra en catal\u00e1n, \u201cnuestras lengua com\u00fan que est\u00e1 amenazada\u201d.<\/p><p>Por su parte Dar\u00edo Vidallet, concejal de cultura del Ayuntamiento de Mequinenza, ha destacado la calidad de las 22 obras presentadas a concurso y \u201clo dif\u00edcil que result\u00f3 escoger las cuatro finalistas\u201d e incid\u00eda en la apuesta por la cultura como una de las se\u00f1as de identidad de la localidad. Cuesti\u00f3n esta, la de la cultura en el medio rural,\u00a0 en la que se ha detenido Abraham Mart\u00ednez, diputado de la Diputaci\u00f3n de Zaragoza (DPZ) \u201ces un pilar para que nuestros pueblos sigan vivos y es una herramienta que genera riqueza como polo de atracci\u00f3n de visitantes\u201d.<\/p><p>Por \u00faltimo Antonio Sanju\u00e1n, alcalde de Mequinenza, se ha referido al incremento de p\u00fablico que se ha registrado en el VI CTAM y \u201cla interpretaciones de nivel de los actores que hemos visto en este escenario de la Sala Goya\u201d. Adem\u00e1s ha puesto el acento en \u201cel trabajo muchas veces callado que hacen personas y entidades\u201d, refiri\u00e9ndose a las personas implicadas en la organizaci\u00f3n del Certamen y tambi\u00e9n a las compa\u00f1\u00edas, \u201cpara que iniciativas como estas salgan adelante, algo que hay que apoyar e incentivar\u201d.<\/p><p>En la entrega de premios a los ganadores han participado Conchi Exp\u00f3sito, presidenta de la Asociaci\u00f3n de la Mujer Mequinenzana \u201cLa Dona\u201d, y los miembros del jurado Bego\u00f1a Navarro, Ra\u00fal Roca, Igor Ar\u00e1n, Liana Condis y Sheila Abella a quien se ha agradecido especialmente su colaboraci\u00f3n junto con las personas que han hecho posible la edici\u00f3n 2023 del Certamen as\u00ed como a todas la compa\u00f1\u00edas participantes y en concreto a las finalistas, presentes en la ceremonia, que han recibido el cari\u00f1o del p\u00fablico que ha llenado la Sala Goya y que ha seguido la puesta en escena de la obra, fuera de concurso, \u201c\u00a1Viva la Pepa!\u201d protagonizada por la televisiva actriz Pepa Rus que ha puesto la guinda al VI Certamen de Teatro Amateur de Mequinenza.<\/p>\t\t\t\t\t\t\t\t<\/div>\n\t\t\t\t<\/div>\n\t\t\t\t\t<\/div>\n\t\t<\/div>\n\t\t\t\t\t<\/div>\n\t\t<\/section>\n\t\t\t\t<\/div>","protected":false},"excerpt":{"rendered":"<p>La compa\u00f1\u00eda se llev\u00f3 el primer premio y los premios a mejor actor y mejor direcci\u00f3n, que recayeron en Santi Cervera y Francesc Parcerisas respectivamente. El segundo premio ha sido para \u201cLas cuatro torres\u201d de Doble R Teatro seguida de \u201cUn cop l\u2019any\u201d del Grup de Teatre T\u00e0ndem, la favorita del p\u00fablico, y de \u201c\u00a1Qui\u00e9reme<\/p>\n<p><a href=\"https:\/\/www.museosdemequinenza.com\/ca\/12-sense-pietat-del-grup-de-teatre-associacio-cultural-i-recreativa-de-fals-triunfadora-del-vi-certamen-de-teatro-amateur-de-mequinenza\/\" class=\"more-link themebutton\">Read More<\/a><\/p>","protected":false},"author":1,"featured_media":10000,"comment_status":"closed","ping_status":"closed","sticky":false,"template":"","format":"standard","meta":{"_monsterinsights_skip_tracking":false,"_monsterinsights_sitenote_active":false,"_monsterinsights_sitenote_note":"","_monsterinsights_sitenote_category":0,"footnotes":""},"categories":[18],"tags":[],"class_list":["post-9999","post","type-post","status-publish","format-standard","has-post-thumbnail","hentry","category-sin-categoria-en"],"aioseo_notices":[],"_links":{"self":[{"href":"https:\/\/www.museosdemequinenza.com\/ca\/wp-json\/wp\/v2\/posts\/9999","targetHints":{"allow":["GET"]}}],"collection":[{"href":"https:\/\/www.museosdemequinenza.com\/ca\/wp-json\/wp\/v2\/posts"}],"about":[{"href":"https:\/\/www.museosdemequinenza.com\/ca\/wp-json\/wp\/v2\/types\/post"}],"author":[{"embeddable":true,"href":"https:\/\/www.museosdemequinenza.com\/ca\/wp-json\/wp\/v2\/users\/1"}],"replies":[{"embeddable":true,"href":"https:\/\/www.museosdemequinenza.com\/ca\/wp-json\/wp\/v2\/comments?post=9999"}],"version-history":[{"count":4,"href":"https:\/\/www.museosdemequinenza.com\/ca\/wp-json\/wp\/v2\/posts\/9999\/revisions"}],"predecessor-version":[{"id":10004,"href":"https:\/\/www.museosdemequinenza.com\/ca\/wp-json\/wp\/v2\/posts\/9999\/revisions\/10004"}],"wp:featuredmedia":[{"embeddable":true,"href":"https:\/\/www.museosdemequinenza.com\/ca\/wp-json\/wp\/v2\/media\/10000"}],"wp:attachment":[{"href":"https:\/\/www.museosdemequinenza.com\/ca\/wp-json\/wp\/v2\/media?parent=9999"}],"wp:term":[{"taxonomy":"category","embeddable":true,"href":"https:\/\/www.museosdemequinenza.com\/ca\/wp-json\/wp\/v2\/categories?post=9999"},{"taxonomy":"post_tag","embeddable":true,"href":"https:\/\/www.museosdemequinenza.com\/ca\/wp-json\/wp\/v2\/tags?post=9999"}],"curies":[{"name":"wp","href":"https:\/\/api.w.org\/{rel}","templated":true}]}}