{"id":826,"date":"2018-11-22T11:15:27","date_gmt":"2018-11-22T11:15:27","guid":{"rendered":"http:\/\/www.museosdemequinenza.com\/?p=826"},"modified":"2018-11-22T11:15:27","modified_gmt":"2018-11-22T11:15:27","slug":"laura-farre-badia-y-artur-garcia-fuster-ganadores-ex-aequo-del-i-premio-de-investigacion-jesus-moncada","status":"publish","type":"post","link":"https:\/\/www.museosdemequinenza.com\/ca\/laura-farre-badia-y-artur-garcia-fuster-ganadores-ex-aequo-del-i-premio-de-investigacion-jesus-moncada\/","title":{"rendered":"Laura Farr\u00e9 Bad\u00eda y Artur Garc\u00eda Fuster ganadores \u2018ex aequo\u2019 del I Premio de Investigaci\u00f3n \u2018Jes\u00fas Moncada\u2019"},"content":{"rendered":"<p align=\"justify\"><strong>El acto de entrega del Premio tendr\u00e1 lugar el pr\u00f3ximo s\u00e1bado 1 de diciembre, d\u00eda de nacimiento del escritor de Mequinenza, en el Sal\u00f3n de Plenos del Ayuntamiento de Mequinenza.<\/strong><!--more--><\/p>\n<p align=\"justify\">Laura Farr\u00e9 Bad\u00eda, con \u201cL\u2019estil literari de Jes\u00fas Moncada a \u2018Estremida mem\u00f2ria\u2019: entre el catal\u00e0 normatiu i la llengua de Mequinensa\u00bb, y Artur Garc\u00eda Fuster, con \u201cMem\u00f2ria, oralitat i ironia a la narrativa de Jes\u00fas Moncada\u201d, han resultado los ganadores \u2018ex aequo\u2019 del <strong>I Premio de Investigaci\u00f3n \u201cJes\u00fas Moncada\u201d<\/strong>. El Premio, dotado con 3.000 euros, tiene por objeto promover el estudio de la literatura, la lengua y la cultura en relaci\u00f3n con la obra y figura de <a href=\"http:\/\/www.jesusmoncada.cat\">Jes\u00fas Moncada<\/a>, con la historia de Mequinenza o con ambas.<\/p>\n<p align=\"justify\"><img fetchpriority=\"high\" decoding=\"async\" class=\"alignleft  wp-image-828\" src=\"http:\/\/www.museosdemequinenza.com\/wp-content\/uploads\/2018\/11\/IMG_5238-1-300x200.jpg\" alt=\"\" width=\"368\" height=\"245\" srcset=\"https:\/\/www.museosdemequinenza.com\/wp-content\/uploads\/2018\/11\/IMG_5238-1-300x200.jpg 300w, https:\/\/www.museosdemequinenza.com\/wp-content\/uploads\/2018\/11\/IMG_5238-1-768x512.jpg 768w, https:\/\/www.museosdemequinenza.com\/wp-content\/uploads\/2018\/11\/IMG_5238-1-1024x683.jpg 1024w\" sizes=\"(max-width: 368px) 100vw, 368px\" \/>El jurado, formado por Chus\u00e9 Arag\u00fc\u00e9s, Carme Alcover, Jordi Estruga y Ram\u00f3n Sistac, en representaci\u00f3n del mundo editorial, literario y universitario, y presidido por Magda Godia, alcaldesa de Mequinenza, ha otorgado el Premio en atenci\u00f3n a la calidad literaria y novedad estil\u00edstica discursiva, la originalidad y buen desarrollo de la tem\u00e1tica y el rigor cient\u00edfico que presentan ambos trabajos.<\/p>\n<p align=\"justify\">El acto de entrega de la primera edici\u00f3n del <strong>Premi d'Investigaci\u00f3 Jes\u00fas Moncada<\/strong> se celebrar\u00e1 el pr\u00f3ximo 1 de diciembre a mediod\u00eda, fecha del nacimiento del escritor de Mequinenza, y tendr\u00e1 lugar en el Sal\u00f3n de Actos del <a href=\"http:\/\/www.mequinensa.com\">Ajuntament de Mequinensa<\/a>. Las actividades se completar\u00e1n, por la tarde en la Sala Goya, con la proyecci\u00f3n de un audiovisual que conmemora el 30 aniversario de la publicaci\u00f3n de la galardonada \u201cCam\u00ed de Sirga\u201d, traducida a m\u00e1s de 20 idiomas, y un espect\u00e1culo literario a cargo de Eduard Muntada, Carles Mart\u00ednez, Sandra Pujol y Ferran Aixal\u00e0 con fragmentos de \u201cDante S.A.\u201d, la novela inacabada de Moncada.<\/p>","protected":false},"excerpt":{"rendered":"<p>El acto de entrega del Premio tendr\u00e1 lugar el pr\u00f3ximo s\u00e1bado 1 de diciembre, d\u00eda de nacimiento del escritor de Mequinenza, en el Sal\u00f3n de Plenos del Ayuntamiento de Mequinenza.<\/p>","protected":false},"author":1,"featured_media":827,"comment_status":"closed","ping_status":"closed","sticky":false,"template":"","format":"standard","meta":{"_monsterinsights_skip_tracking":false,"_monsterinsights_sitenote_active":false,"_monsterinsights_sitenote_note":"","_monsterinsights_sitenote_category":0,"footnotes":""},"categories":[1],"tags":[],"class_list":["post-826","post","type-post","status-publish","format-standard","has-post-thumbnail","hentry","category-uncategorized"],"aioseo_notices":[],"_links":{"self":[{"href":"https:\/\/www.museosdemequinenza.com\/ca\/wp-json\/wp\/v2\/posts\/826","targetHints":{"allow":["GET"]}}],"collection":[{"href":"https:\/\/www.museosdemequinenza.com\/ca\/wp-json\/wp\/v2\/posts"}],"about":[{"href":"https:\/\/www.museosdemequinenza.com\/ca\/wp-json\/wp\/v2\/types\/post"}],"author":[{"embeddable":true,"href":"https:\/\/www.museosdemequinenza.com\/ca\/wp-json\/wp\/v2\/users\/1"}],"replies":[{"embeddable":true,"href":"https:\/\/www.museosdemequinenza.com\/ca\/wp-json\/wp\/v2\/comments?post=826"}],"version-history":[{"count":2,"href":"https:\/\/www.museosdemequinenza.com\/ca\/wp-json\/wp\/v2\/posts\/826\/revisions"}],"predecessor-version":[{"id":830,"href":"https:\/\/www.museosdemequinenza.com\/ca\/wp-json\/wp\/v2\/posts\/826\/revisions\/830"}],"wp:featuredmedia":[{"embeddable":true,"href":"https:\/\/www.museosdemequinenza.com\/ca\/wp-json\/wp\/v2\/media\/827"}],"wp:attachment":[{"href":"https:\/\/www.museosdemequinenza.com\/ca\/wp-json\/wp\/v2\/media?parent=826"}],"wp:term":[{"taxonomy":"category","embeddable":true,"href":"https:\/\/www.museosdemequinenza.com\/ca\/wp-json\/wp\/v2\/categories?post=826"},{"taxonomy":"post_tag","embeddable":true,"href":"https:\/\/www.museosdemequinenza.com\/ca\/wp-json\/wp\/v2\/tags?post=826"}],"curies":[{"name":"wp","href":"https:\/\/api.w.org\/{rel}","templated":true}]}}