{"id":8258,"date":"2022-10-13T09:22:07","date_gmt":"2022-10-13T07:22:07","guid":{"rendered":"https:\/\/www.museosdemequinenza.com\/?p=8258"},"modified":"2022-10-13T09:23:37","modified_gmt":"2022-10-13T07:23:37","slug":"mequinenza-vuelve-a-celebrar-la-festividad-del-pilar-con-normalidad","status":"publish","type":"post","link":"https:\/\/www.museosdemequinenza.com\/ca\/mequinenza-vuelve-a-celebrar-la-festividad-del-pilar-con-normalidad\/","title":{"rendered":"Mequinensa torna a celebrar la festivitat del Pilar amb normalitat"},"content":{"rendered":"<div data-elementor-type=\"wp-post\" data-elementor-id=\"8258\" class=\"elementor elementor-8258\">\n\t\t\t\t\t\t<section class=\"elementor-section elementor-top-section elementor-element elementor-element-56497fb elementor-section-boxed elementor-section-height-default elementor-section-height-default\" data-id=\"56497fb\" data-element_type=\"section\" data-e-type=\"section\">\n\t\t\t\t\t\t<div class=\"elementor-container elementor-column-gap-default\">\n\t\t\t\t\t<div class=\"elementor-column elementor-col-100 elementor-top-column elementor-element elementor-element-ca2798e\" data-id=\"ca2798e\" data-element_type=\"column\" data-e-type=\"column\">\n\t\t\t<div class=\"elementor-widget-wrap elementor-element-populated\">\n\t\t\t\t\t\t<div class=\"elementor-element elementor-element-f4ce0b6 elementor-widget elementor-widget-image\" data-id=\"f4ce0b6\" data-element_type=\"widget\" data-e-type=\"widget\" data-widget_type=\"image.default\">\n\t\t\t\t<div class=\"elementor-widget-container\">\n\t\t\t\t\t\t\t\t\t\t\t\t\t\t\t<img fetchpriority=\"high\" decoding=\"async\" width=\"1024\" height=\"510\" src=\"https:\/\/www.museosdemequinenza.com\/wp-content\/uploads\/2022\/10\/IMG_2951-scaled-e1665645707987-1024x510.jpg\" class=\"attachment-large size-large wp-image-8259\" alt=\"\" srcset=\"https:\/\/www.museosdemequinenza.com\/wp-content\/uploads\/2022\/10\/IMG_2951-scaled-e1665645707987-1024x510.jpg 1024w, https:\/\/www.museosdemequinenza.com\/wp-content\/uploads\/2022\/10\/IMG_2951-scaled-e1665645707987-300x150.jpg 300w, https:\/\/www.museosdemequinenza.com\/wp-content\/uploads\/2022\/10\/IMG_2951-scaled-e1665645707987-768x383.jpg 768w, https:\/\/www.museosdemequinenza.com\/wp-content\/uploads\/2022\/10\/IMG_2951-scaled-e1665645707987-1536x766.jpg 1536w, https:\/\/www.museosdemequinenza.com\/wp-content\/uploads\/2022\/10\/IMG_2951-scaled-e1665645707987-2048x1021.jpg 2048w, https:\/\/www.museosdemequinenza.com\/wp-content\/uploads\/2022\/10\/IMG_2951-scaled-e1665645707987-18x9.jpg 18w, https:\/\/www.museosdemequinenza.com\/wp-content\/uploads\/2022\/10\/IMG_2951-scaled-e1665645707987-570x285.jpg 570w, https:\/\/www.museosdemequinenza.com\/wp-content\/uploads\/2022\/10\/IMG_2951-scaled-e1665645707987-380x190.jpg 380w, https:\/\/www.museosdemequinenza.com\/wp-content\/uploads\/2022\/10\/IMG_2951-scaled-e1665645707987-285x143.jpg 285w\" sizes=\"(max-width: 1024px) 100vw, 1024px\" \/>\t\t\t\t\t\t\t\t\t\t\t\t\t\t\t<\/div>\n\t\t\t\t<\/div>\n\t\t\t\t<div class=\"elementor-element elementor-element-bed43ad elementor-widget elementor-widget-text-editor\" data-id=\"bed43ad\" data-element_type=\"widget\" data-e-type=\"widget\" data-widget_type=\"text-editor.default\">\n\t\t\t\t<div class=\"elementor-widget-container\">\n\t\t\t\t\t\t\t\t\t<p><strong>La imagen de la Virgen ha vuelto a realizar su tradicional recorrido desde el acuartelamiento de la Guardia Civil a la Iglesia de Nuestra Se\u00f1ora de la Asunci\u00f3n donde se ha celebrado misa y ha tenido lugar la ofrenda floral.<\/strong><\/p>\t\t\t\t\t\t\t\t<\/div>\n\t\t\t\t<\/div>\n\t\t\t\t<div class=\"elementor-element elementor-element-c498da0 elementor-widget elementor-widget-text-editor\" data-id=\"c498da0\" data-element_type=\"widget\" data-e-type=\"widget\" data-widget_type=\"text-editor.default\">\n\t\t\t\t<div class=\"elementor-widget-container\">\n\t\t\t\t\t\t\t\t\t<p>Despu\u00e9s de dos a\u00f1os de restricciones la Hermandad de la Virgen del Pilar volv\u00eda a organizar los actos de celebraci\u00f3n del d\u00eda de Pilar en Mequinenza. El tiempo ha acompa\u00f1ado y pasadas las 10 de la ma\u00f1ana la imagen de la Virgen sal\u00eda de la Casa Cuartel de la Guardia Civil tras el estandarte de la Hermandad camino de la Iglesia de Nuestra Se\u00f1ora de la Asunci\u00f3n.<\/p><p>En su recorrido ha estado acompa\u00f1ada por Mequinenzanas y Mequinenzanos ataviados con el traje t\u00edpico, las autoridades locales, con el alcalde Antonio Sanju\u00e1n a la cabeza, los miembros de la Hermandad y su presidente Jos\u00e9 Antonio Cuch\u00ed, agentes de la Guardia Civil, voluntarios de Protecci\u00f3n Civil y numerosos vecinos de la localidad.<\/p><p>Ya en la Iglesia se ha celebrado misa cantada por el Coro de Mequinenzaen la que Carlos Areiza, p\u00e1rroco de la localidad, ha rendido homenaje a los ca\u00eddos y en concreto \u201ca los que siguen muriendo como consecuencia de la guerra, de las injusticias y de la miseria\u201d. En su homil\u00eda invitaba a los feligreses \u201ca escuchar la palabra de Dios y a cumplirla\u201d.<\/p><p>Al finalizar la ceremonia se ha procedido a la ofrenda floral a la Virgen del Pilar y, a continuaci\u00f3n, se ha ofrecido un peque\u00f1o refrigerio en los jardines parroquiales con el que se ha cerrado la celebraci\u00f3n.<\/p>\t\t\t\t\t\t\t\t<\/div>\n\t\t\t\t<\/div>\n\t\t\t\t<div class=\"elementor-element elementor-element-883c6bd elementor-widget elementor-widget-spacer\" data-id=\"883c6bd\" data-element_type=\"widget\" data-e-type=\"widget\" data-widget_type=\"spacer.default\">\n\t\t\t\t<div class=\"elementor-widget-container\">\n\t\t\t\t\t\t\t<div class=\"elementor-spacer\">\n\t\t\t<div class=\"elementor-spacer-inner\"><\/div>\n\t\t<\/div>\n\t\t\t\t\t\t<\/div>\n\t\t\t\t<\/div>\n\t\t\t\t\t<\/div>\n\t\t<\/div>\n\t\t\t\t\t<\/div>\n\t\t<\/section>\n\t\t\t\t<\/div>","protected":false},"excerpt":{"rendered":"<p>La imagen de la Virgen ha vuelto a realizar su tradicional recorrido desde el acuartelamiento de la Guardia Civil a la Iglesia de Nuestra Se\u00f1ora de la Asunci\u00f3n donde se ha celebrado misa y ha tenido lugar la ofrenda floral. Despu\u00e9s de dos a\u00f1os de restricciones la Hermandad de la Virgen del Pilar volv\u00eda a<\/p>\n<p><a href=\"https:\/\/www.museosdemequinenza.com\/ca\/mequinenza-vuelve-a-celebrar-la-festividad-del-pilar-con-normalidad\/\" class=\"more-link themebutton\">Read More<\/a><\/p>","protected":false},"author":1,"featured_media":8259,"comment_status":"closed","ping_status":"closed","sticky":false,"template":"","format":"standard","meta":{"_monsterinsights_skip_tracking":false,"_monsterinsights_sitenote_active":false,"_monsterinsights_sitenote_note":"","_monsterinsights_sitenote_category":0,"footnotes":""},"categories":[18],"tags":[],"class_list":["post-8258","post","type-post","status-publish","format-standard","has-post-thumbnail","hentry","category-sin-categoria-en"],"aioseo_notices":[],"_links":{"self":[{"href":"https:\/\/www.museosdemequinenza.com\/ca\/wp-json\/wp\/v2\/posts\/8258","targetHints":{"allow":["GET"]}}],"collection":[{"href":"https:\/\/www.museosdemequinenza.com\/ca\/wp-json\/wp\/v2\/posts"}],"about":[{"href":"https:\/\/www.museosdemequinenza.com\/ca\/wp-json\/wp\/v2\/types\/post"}],"author":[{"embeddable":true,"href":"https:\/\/www.museosdemequinenza.com\/ca\/wp-json\/wp\/v2\/users\/1"}],"replies":[{"embeddable":true,"href":"https:\/\/www.museosdemequinenza.com\/ca\/wp-json\/wp\/v2\/comments?post=8258"}],"version-history":[{"count":4,"href":"https:\/\/www.museosdemequinenza.com\/ca\/wp-json\/wp\/v2\/posts\/8258\/revisions"}],"predecessor-version":[{"id":8263,"href":"https:\/\/www.museosdemequinenza.com\/ca\/wp-json\/wp\/v2\/posts\/8258\/revisions\/8263"}],"wp:featuredmedia":[{"embeddable":true,"href":"https:\/\/www.museosdemequinenza.com\/ca\/wp-json\/wp\/v2\/media\/8259"}],"wp:attachment":[{"href":"https:\/\/www.museosdemequinenza.com\/ca\/wp-json\/wp\/v2\/media?parent=8258"}],"wp:term":[{"taxonomy":"category","embeddable":true,"href":"https:\/\/www.museosdemequinenza.com\/ca\/wp-json\/wp\/v2\/categories?post=8258"},{"taxonomy":"post_tag","embeddable":true,"href":"https:\/\/www.museosdemequinenza.com\/ca\/wp-json\/wp\/v2\/tags?post=8258"}],"curies":[{"name":"wp","href":"https:\/\/api.w.org\/{rel}","templated":true}]}}