{"id":7920,"date":"2022-09-04T11:42:09","date_gmt":"2022-09-04T09:42:09","guid":{"rendered":"http:\/\/www.museosdemequinenza.com\/?p=7920"},"modified":"2022-09-04T11:45:19","modified_gmt":"2022-09-04T09:45:19","slug":"el-agua-por-partida-doble-y-el-cine-aragones-protagonistas-de-la-segunda-jornada-del-vii-festival-internacional-de-cine-de-mequinenza","status":"publish","type":"post","link":"https:\/\/www.museosdemequinenza.com\/ca\/el-agua-por-partida-doble-y-el-cine-aragones-protagonistas-de-la-segunda-jornada-del-vii-festival-internacional-de-cine-de-mequinenza\/","title":{"rendered":"El agua, por partida doble, y el cine aragon\u00e9s protagonistas de la segunda jornada del VII Festival Internacional de Cine de Mequinenza"},"content":{"rendered":"<div data-elementor-type=\"wp-post\" data-elementor-id=\"7920\" class=\"elementor elementor-7920\">\n\t\t\t\t\t\t<section class=\"elementor-section elementor-top-section elementor-element elementor-element-9ce5072 elementor-section-boxed elementor-section-height-default elementor-section-height-default\" data-id=\"9ce5072\" data-element_type=\"section\" data-e-type=\"section\">\n\t\t\t\t\t\t<div class=\"elementor-container elementor-column-gap-default\">\n\t\t\t\t\t<div class=\"elementor-column elementor-col-100 elementor-top-column elementor-element elementor-element-0cdafa2\" data-id=\"0cdafa2\" data-element_type=\"column\" data-e-type=\"column\">\n\t\t\t<div class=\"elementor-widget-wrap elementor-element-populated\">\n\t\t\t\t\t\t<div class=\"elementor-element elementor-element-384bfd5 elementor-widget elementor-widget-image\" data-id=\"384bfd5\" data-element_type=\"widget\" data-e-type=\"widget\" data-widget_type=\"image.default\">\n\t\t\t\t<div class=\"elementor-widget-container\">\n\t\t\t\t\t\t\t\t\t\t\t\t\t\t\t<img fetchpriority=\"high\" decoding=\"async\" width=\"1024\" height=\"512\" src=\"https:\/\/www.museosdemequinenza.com\/wp-content\/uploads\/2022\/09\/IMG_6728-scaled-e1662284516685-1024x512.jpg\" class=\"attachment-large size-large wp-image-7921\" alt=\"\" srcset=\"https:\/\/www.museosdemequinenza.com\/wp-content\/uploads\/2022\/09\/IMG_6728-scaled-e1662284516685-1024x512.jpg 1024w, https:\/\/www.museosdemequinenza.com\/wp-content\/uploads\/2022\/09\/IMG_6728-scaled-e1662284516685-300x150.jpg 300w, https:\/\/www.museosdemequinenza.com\/wp-content\/uploads\/2022\/09\/IMG_6728-scaled-e1662284516685-768x384.jpg 768w, https:\/\/www.museosdemequinenza.com\/wp-content\/uploads\/2022\/09\/IMG_6728-scaled-e1662284516685-1536x768.jpg 1536w, https:\/\/www.museosdemequinenza.com\/wp-content\/uploads\/2022\/09\/IMG_6728-scaled-e1662284516685-2048x1024.jpg 2048w, https:\/\/www.museosdemequinenza.com\/wp-content\/uploads\/2022\/09\/IMG_6728-scaled-e1662284516685-16x8.jpg 16w, https:\/\/www.museosdemequinenza.com\/wp-content\/uploads\/2022\/09\/IMG_6728-scaled-e1662284516685-570x285.jpg 570w, https:\/\/www.museosdemequinenza.com\/wp-content\/uploads\/2022\/09\/IMG_6728-scaled-e1662284516685-380x190.jpg 380w, https:\/\/www.museosdemequinenza.com\/wp-content\/uploads\/2022\/09\/IMG_6728-scaled-e1662284516685-285x143.jpg 285w\" sizes=\"(max-width: 1024px) 100vw, 1024px\" \/>\t\t\t\t\t\t\t\t\t\t\t\t\t\t\t<\/div>\n\t\t\t\t<\/div>\n\t\t\t\t<div class=\"elementor-element elementor-element-266c154 elementor-widget elementor-widget-text-editor\" data-id=\"266c154\" data-element_type=\"widget\" data-e-type=\"widget\" data-widget_type=\"text-editor.default\">\n\t\t\t\t<div class=\"elementor-widget-container\">\n\t\t\t\t\t\t\t\t\t<h3><b>La lluvia en forma de tormenta se col\u00f3 en el inicio de la jornada haciendo honor a la tem\u00e1tica del Certamen, el agua, para dar paso al homenaje uno de los pioneros del cine europeo, el turolense Segundo de Chom\u00f3n.<\/b><\/h3>\t\t\t\t\t\t\t\t<\/div>\n\t\t\t\t<\/div>\n\t\t\t\t<div class=\"elementor-element elementor-element-893fa89 elementor-widget elementor-widget-text-editor\" data-id=\"893fa89\" data-element_type=\"widget\" data-e-type=\"widget\" data-widget_type=\"text-editor.default\">\n\t\t\t\t<div class=\"elementor-widget-container\">\n\t\t\t\t\t\t\t\t\t<p>La segunda jornada del VII Festival Internacional de Cine de Mequinenza (MIFF) estuvo dedicada al pasado, presente y futuro del cine aragon\u00e9s y en la que el agua fue doblemente protagonista. Por una parte lo es por la tem\u00e1tica escogida para los cortometrajes a concurso y por otra por la esperada lluvia en forma de tormenta que moj\u00f3 la alfombra roja de la Sala Goya justo al inicio del programa de actividades.<\/p><p>La jornada arrancaba con la presentaci\u00f3n del c\u00f3mic \u201cSegundo de Chom\u00f3n. El mago de la luz\u201d que corri\u00f3 a cargo de Roberto Morote, autor tambi\u00e9n de la versi\u00f3n c\u00f3mic de la universal \u201cCam\u00ed de Sirga\u201d del escritor de Mequinenza Jes\u00fas Moncada. Al finalizar se proyect\u00f3 una selecci\u00f3n de alguno de los trabajos del cineasta turolense, uno de los pioneros del cine europeo, datados en el primer cuarto del siglo XX.<\/p><p>Ya en competici\u00f3n oficial se proyectaron los 5 cortometrajes finalistas en la secci\u00f3n panorama aragon\u00e9s, de los 15 presentados a concurso, que cont\u00f3 con la participaci\u00f3n de tres de los directores que felicitaron a la organizaci\u00f3n por el Festival y por la oportunidad que nos brinda de dar a conocer nuestros proyectos y ver la reacci\u00f3n del p\u00fablico\u201d. Alfonso Desentre present\u00f3 \u201cLa canci\u00f3n del loco Ralph\u201d que \u00e9l mismo protagoniza, el mequinenzano Enrique Novials su western feminista \u201cM\u00e1talos y no vuelvas sola\u201d y Pablo Reigada \u00a0\u201cLife and butterflies\u201d, un corto de animaci\u00f3n en 3D.<\/p><p>A continuaci\u00f3n, y tras recoger los votos de los asistentes para determinar el ganador del premio \u201cAntonio Blas\u201d que entrega el p\u00fablico se proyectaron los cortometrajes de la secci\u00f3n Ebro con la que se cerr\u00f3 la jornada de cine y se dio paso a la gastron\u00f3mica ya en el exterior de la Sala Goya donde se instalaron dos food trucks, una de las novedades en el apartado de actividades paralelas del MIFF 2022.<\/p>\t\t\t\t\t\t\t\t<\/div>\n\t\t\t\t<\/div>\n\t\t\t\t<section class=\"elementor-section elementor-inner-section elementor-element elementor-element-49592b3 elementor-section-boxed elementor-section-height-default elementor-section-height-default\" data-id=\"49592b3\" data-element_type=\"section\" data-e-type=\"section\">\n\t\t\t\t\t\t<div class=\"elementor-container elementor-column-gap-default\">\n\t\t\t\t\t<div class=\"elementor-column elementor-col-50 elementor-inner-column elementor-element elementor-element-0ac8848\" data-id=\"0ac8848\" data-element_type=\"column\" data-e-type=\"column\">\n\t\t\t<div class=\"elementor-widget-wrap elementor-element-populated\">\n\t\t\t\t\t\t<div class=\"elementor-element elementor-element-61ff522 elementor-widget elementor-widget-image\" data-id=\"61ff522\" data-element_type=\"widget\" data-e-type=\"widget\" data-widget_type=\"image.default\">\n\t\t\t\t<div class=\"elementor-widget-container\">\n\t\t\t\t\t\t\t\t\t\t\t\t\t\t\t<img decoding=\"async\" width=\"1024\" height=\"683\" src=\"https:\/\/www.museosdemequinenza.com\/wp-content\/uploads\/2022\/09\/IMG_6692-1024x683.jpg\" class=\"attachment-large size-large wp-image-7922\" alt=\"\" srcset=\"https:\/\/www.museosdemequinenza.com\/wp-content\/uploads\/2022\/09\/IMG_6692-1024x683.jpg 1024w, https:\/\/www.museosdemequinenza.com\/wp-content\/uploads\/2022\/09\/IMG_6692-300x200.jpg 300w, https:\/\/www.museosdemequinenza.com\/wp-content\/uploads\/2022\/09\/IMG_6692-768x512.jpg 768w, https:\/\/www.museosdemequinenza.com\/wp-content\/uploads\/2022\/09\/IMG_6692-1536x1024.jpg 1536w, https:\/\/www.museosdemequinenza.com\/wp-content\/uploads\/2022\/09\/IMG_6692-2048x1365.jpg 2048w, https:\/\/www.museosdemequinenza.com\/wp-content\/uploads\/2022\/09\/IMG_6692-16x12.jpg 16w, https:\/\/www.museosdemequinenza.com\/wp-content\/uploads\/2022\/09\/IMG_6692-1140x760.jpg 1140w, https:\/\/www.museosdemequinenza.com\/wp-content\/uploads\/2022\/09\/IMG_6692-570x380.jpg 570w, https:\/\/www.museosdemequinenza.com\/wp-content\/uploads\/2022\/09\/IMG_6692-380x254.jpg 380w, https:\/\/www.museosdemequinenza.com\/wp-content\/uploads\/2022\/09\/IMG_6692-285x190.jpg 285w\" sizes=\"(max-width: 1024px) 100vw, 1024px\" \/>\t\t\t\t\t\t\t\t\t\t\t\t\t\t\t<\/div>\n\t\t\t\t<\/div>\n\t\t\t\t\t<\/div>\n\t\t<\/div>\n\t\t\t\t<div class=\"elementor-column elementor-col-50 elementor-inner-column elementor-element elementor-element-7d96f27\" data-id=\"7d96f27\" data-element_type=\"column\" data-e-type=\"column\">\n\t\t\t<div class=\"elementor-widget-wrap elementor-element-populated\">\n\t\t\t\t\t\t<div class=\"elementor-element elementor-element-2038ec4 elementor-widget elementor-widget-image\" data-id=\"2038ec4\" data-element_type=\"widget\" data-e-type=\"widget\" data-widget_type=\"image.default\">\n\t\t\t\t<div class=\"elementor-widget-container\">\n\t\t\t\t\t\t\t\t\t\t\t\t\t\t\t<img decoding=\"async\" width=\"1024\" height=\"683\" src=\"https:\/\/www.museosdemequinenza.com\/wp-content\/uploads\/2022\/09\/IMG_6607-1024x683.jpg\" class=\"attachment-large size-large wp-image-7923\" alt=\"\" srcset=\"https:\/\/www.museosdemequinenza.com\/wp-content\/uploads\/2022\/09\/IMG_6607-1024x683.jpg 1024w, https:\/\/www.museosdemequinenza.com\/wp-content\/uploads\/2022\/09\/IMG_6607-300x200.jpg 300w, https:\/\/www.museosdemequinenza.com\/wp-content\/uploads\/2022\/09\/IMG_6607-768x512.jpg 768w, https:\/\/www.museosdemequinenza.com\/wp-content\/uploads\/2022\/09\/IMG_6607-1536x1024.jpg 1536w, https:\/\/www.museosdemequinenza.com\/wp-content\/uploads\/2022\/09\/IMG_6607-2048x1365.jpg 2048w, https:\/\/www.museosdemequinenza.com\/wp-content\/uploads\/2022\/09\/IMG_6607-16x12.jpg 16w, https:\/\/www.museosdemequinenza.com\/wp-content\/uploads\/2022\/09\/IMG_6607-1140x760.jpg 1140w, https:\/\/www.museosdemequinenza.com\/wp-content\/uploads\/2022\/09\/IMG_6607-570x380.jpg 570w, https:\/\/www.museosdemequinenza.com\/wp-content\/uploads\/2022\/09\/IMG_6607-380x254.jpg 380w, https:\/\/www.museosdemequinenza.com\/wp-content\/uploads\/2022\/09\/IMG_6607-285x190.jpg 285w\" sizes=\"(max-width: 1024px) 100vw, 1024px\" \/>\t\t\t\t\t\t\t\t\t\t\t\t\t\t\t<\/div>\n\t\t\t\t<\/div>\n\t\t\t\t\t<\/div>\n\t\t<\/div>\n\t\t\t\t\t<\/div>\n\t\t<\/section>\n\t\t\t\t<div class=\"elementor-element elementor-element-0d4f694 elementor-widget elementor-widget-spacer\" data-id=\"0d4f694\" data-element_type=\"widget\" data-e-type=\"widget\" data-widget_type=\"spacer.default\">\n\t\t\t\t<div class=\"elementor-widget-container\">\n\t\t\t\t\t\t\t<div class=\"elementor-spacer\">\n\t\t\t<div class=\"elementor-spacer-inner\"><\/div>\n\t\t<\/div>\n\t\t\t\t\t\t<\/div>\n\t\t\t\t<\/div>\n\t\t\t\t\t<\/div>\n\t\t<\/div>\n\t\t\t\t\t<\/div>\n\t\t<\/section>\n\t\t\t\t<\/div>","protected":false},"excerpt":{"rendered":"<p>La lluvia en forma de tormenta se col\u00f3 en el inicio de la jornada haciendo honor a la tem\u00e1tica del Certamen, el agua, para dar paso al homenaje uno de los pioneros del cine europeo, el turolense Segundo de Chom\u00f3n. La segunda jornada del VII Festival Internacional de Cine de Mequinenza (MIFF) estuvo dedicada al<\/p>\n<p><a href=\"https:\/\/www.museosdemequinenza.com\/ca\/el-agua-por-partida-doble-y-el-cine-aragones-protagonistas-de-la-segunda-jornada-del-vii-festival-internacional-de-cine-de-mequinenza\/\" class=\"more-link themebutton\">Read More<\/a><\/p>","protected":false},"author":1,"featured_media":7921,"comment_status":"closed","ping_status":"closed","sticky":false,"template":"","format":"standard","meta":{"_monsterinsights_skip_tracking":false,"_monsterinsights_sitenote_active":false,"_monsterinsights_sitenote_note":"","_monsterinsights_sitenote_category":0,"footnotes":""},"categories":[18],"tags":[],"class_list":["post-7920","post","type-post","status-publish","format-standard","has-post-thumbnail","hentry","category-sin-categoria-en"],"aioseo_notices":[],"_links":{"self":[{"href":"https:\/\/www.museosdemequinenza.com\/ca\/wp-json\/wp\/v2\/posts\/7920","targetHints":{"allow":["GET"]}}],"collection":[{"href":"https:\/\/www.museosdemequinenza.com\/ca\/wp-json\/wp\/v2\/posts"}],"about":[{"href":"https:\/\/www.museosdemequinenza.com\/ca\/wp-json\/wp\/v2\/types\/post"}],"author":[{"embeddable":true,"href":"https:\/\/www.museosdemequinenza.com\/ca\/wp-json\/wp\/v2\/users\/1"}],"replies":[{"embeddable":true,"href":"https:\/\/www.museosdemequinenza.com\/ca\/wp-json\/wp\/v2\/comments?post=7920"}],"version-history":[{"count":7,"href":"https:\/\/www.museosdemequinenza.com\/ca\/wp-json\/wp\/v2\/posts\/7920\/revisions"}],"predecessor-version":[{"id":7930,"href":"https:\/\/www.museosdemequinenza.com\/ca\/wp-json\/wp\/v2\/posts\/7920\/revisions\/7930"}],"wp:featuredmedia":[{"embeddable":true,"href":"https:\/\/www.museosdemequinenza.com\/ca\/wp-json\/wp\/v2\/media\/7921"}],"wp:attachment":[{"href":"https:\/\/www.museosdemequinenza.com\/ca\/wp-json\/wp\/v2\/media?parent=7920"}],"wp:term":[{"taxonomy":"category","embeddable":true,"href":"https:\/\/www.museosdemequinenza.com\/ca\/wp-json\/wp\/v2\/categories?post=7920"},{"taxonomy":"post_tag","embeddable":true,"href":"https:\/\/www.museosdemequinenza.com\/ca\/wp-json\/wp\/v2\/tags?post=7920"}],"curies":[{"name":"wp","href":"https:\/\/api.w.org\/{rel}","templated":true}]}}