{"id":7786,"date":"2022-07-28T20:57:12","date_gmt":"2022-07-28T18:57:12","guid":{"rendered":"http:\/\/www.museosdemequinenza.com\/?p=7786"},"modified":"2022-07-28T22:44:27","modified_gmt":"2022-07-28T20:44:27","slug":"museos-de-mequinenza-contabiliza-mas-de-600-visitas-al-castillo-de-la-localidad-en-lo-que-va-de-ano","status":"publish","type":"post","link":"https:\/\/www.museosdemequinenza.com\/ca\/museos-de-mequinenza-contabiliza-mas-de-600-visitas-al-castillo-de-la-localidad-en-lo-que-va-de-ano\/","title":{"rendered":"Museus de Mequinensa comptabilitza m\u00e9s de 600 visites al Castell de la localitat des de comen\u00e7ament d'any"},"content":{"rendered":"<div data-elementor-type=\"wp-post\" data-elementor-id=\"7786\" class=\"elementor elementor-7786\">\n\t\t\t\t\t\t<section class=\"elementor-section elementor-top-section elementor-element elementor-element-3cd3b90 elementor-section-boxed elementor-section-height-default elementor-section-height-default\" data-id=\"3cd3b90\" data-element_type=\"section\" data-e-type=\"section\">\n\t\t\t\t\t\t<div class=\"elementor-container elementor-column-gap-default\">\n\t\t\t\t\t<div class=\"elementor-column elementor-col-100 elementor-top-column elementor-element elementor-element-9d70972\" data-id=\"9d70972\" data-element_type=\"column\" data-e-type=\"column\">\n\t\t\t<div class=\"elementor-widget-wrap elementor-element-populated\">\n\t\t\t\t\t\t<div class=\"elementor-element elementor-element-770347a elementor-widget elementor-widget-image\" data-id=\"770347a\" data-element_type=\"widget\" data-e-type=\"widget\" data-widget_type=\"image.default\">\n\t\t\t\t<div class=\"elementor-widget-container\">\n\t\t\t\t\t\t\t\t\t\t\t\t\t\t\t<img fetchpriority=\"high\" decoding=\"async\" width=\"1140\" height=\"380\" src=\"https:\/\/www.museosdemequinenza.com\/wp-content\/uploads\/2022\/07\/Visita_Castillo_Mequinenza-e1659034621530-1140x380.jpeg\" class=\"attachment-column1-1\/3 size-column1-1\/3 wp-image-7787\" alt=\"\" srcset=\"https:\/\/www.museosdemequinenza.com\/wp-content\/uploads\/2022\/07\/Visita_Castillo_Mequinenza-e1659034621530-1140x380.jpeg 1140w, https:\/\/www.museosdemequinenza.com\/wp-content\/uploads\/2022\/07\/Visita_Castillo_Mequinenza-e1659034621530-380x127.jpeg 380w\" sizes=\"(max-width: 1140px) 100vw, 1140px\" \/>\t\t\t\t\t\t\t\t\t\t\t\t\t\t\t<\/div>\n\t\t\t\t<\/div>\n\t\t\t\t<div class=\"elementor-element elementor-element-939ebea elementor-widget elementor-widget-text-editor\" data-id=\"939ebea\" data-element_type=\"widget\" data-e-type=\"widget\" data-widget_type=\"text-editor.default\">\n\t\t\t\t<div class=\"elementor-widget-container\">\n\t\t\t\t\t\t\t\t\t<p><b>L'edifici no es podr\u00e0 visitar durant el mes d'agost per coincidir amb el per\u00edode de vacances del personal de la Fundaci\u00f3 ENDESA, propiet\u00e0ria de l'immoble declarat B\u00e9 d'Inter\u00e8s Cultural el 2006.<\/b><\/p>\t\t\t\t\t\t\t\t<\/div>\n\t\t\t\t<\/div>\n\t\t\t\t<div class=\"elementor-element elementor-element-be418c2 elementor-widget elementor-widget-text-editor\" data-id=\"be418c2\" data-element_type=\"widget\" data-e-type=\"widget\" data-widget_type=\"text-editor.default\">\n\t\t\t\t<div class=\"elementor-widget-container\">\n\t\t\t\t\t\t\t\t\t<p>Durant els set primers mesos de 2022 el<strong><a href=\"https:\/\/www.museosdemequinenza.com\/ca\/castillo-de-mequinenza\/\"> Castell de Mequinensa<\/a><\/strong> ha registrat un total de 633 visitants superant en m\u00e9s de 200 la xifra del 2021 i fins i tot les registrades en pre pand\u00e8mia. Les dades les ha fet p\u00fabliques <a href=\"https:\/\/www.museosdemequinenza.com\/ca\/\"><strong>Museus de Mequinensa<\/strong><\/a> que s'encarrega de gestionar les visites guiades que es realitzen els dimarts laborables al mat\u00ed durant tot l'any, a excepci\u00f3 del mes d'agost, tal com estipula el conveni de col\u00b7laboraci\u00f3 signat entre l' <a href=\"http:\/\/www.mequinenza.com\"><strong>Ajuntament de Mequinensa<\/strong><\/a> i la <strong>Fundaci\u00f3n ENDESA<\/strong>, propiet\u00e0ria de l'edifici i qui fixa horari i dia de visites.<\/p>\t\t\t\t\t\t\t\t<\/div>\n\t\t\t\t<\/div>\n\t\t\t\t<section class=\"elementor-section elementor-inner-section elementor-element elementor-element-ed4a7b8 elementor-section-boxed elementor-section-height-default elementor-section-height-default\" data-id=\"ed4a7b8\" data-element_type=\"section\" data-e-type=\"section\">\n\t\t\t\t\t\t<div class=\"elementor-container elementor-column-gap-default\">\n\t\t\t\t\t<div class=\"elementor-column elementor-col-50 elementor-inner-column elementor-element elementor-element-894a59b\" data-id=\"894a59b\" data-element_type=\"column\" data-e-type=\"column\">\n\t\t\t<div class=\"elementor-widget-wrap elementor-element-populated\">\n\t\t\t\t\t\t<div class=\"elementor-element elementor-element-45cfa3e elementor-widget elementor-widget-image\" data-id=\"45cfa3e\" data-element_type=\"widget\" data-e-type=\"widget\" data-widget_type=\"image.default\">\n\t\t\t\t<div class=\"elementor-widget-container\">\n\t\t\t\t\t\t\t\t\t\t\t\t\t\t\t<img decoding=\"async\" width=\"1024\" height=\"613\" src=\"https:\/\/www.museosdemequinenza.com\/wp-content\/uploads\/2022\/04\/Diseno-sin-titulo-28-1024x613.png\" class=\"attachment-large size-large wp-image-7092\" alt=\"\" srcset=\"https:\/\/www.museosdemequinenza.com\/wp-content\/uploads\/2022\/04\/Diseno-sin-titulo-28-1024x613.png 1024w, https:\/\/www.museosdemequinenza.com\/wp-content\/uploads\/2022\/04\/Diseno-sin-titulo-28-300x180.png 300w, https:\/\/www.museosdemequinenza.com\/wp-content\/uploads\/2022\/04\/Diseno-sin-titulo-28-768x460.png 768w, https:\/\/www.museosdemequinenza.com\/wp-content\/uploads\/2022\/04\/Diseno-sin-titulo-28-16x10.png 16w, https:\/\/www.museosdemequinenza.com\/wp-content\/uploads\/2022\/04\/Diseno-sin-titulo-28-570x342.png 570w, https:\/\/www.museosdemequinenza.com\/wp-content\/uploads\/2022\/04\/Diseno-sin-titulo-28.png 1280w\" sizes=\"(max-width: 1024px) 100vw, 1024px\" \/>\t\t\t\t\t\t\t\t\t\t\t\t\t\t\t<\/div>\n\t\t\t\t<\/div>\n\t\t\t\t\t<\/div>\n\t\t<\/div>\n\t\t\t\t<div class=\"elementor-column elementor-col-50 elementor-inner-column elementor-element elementor-element-3a6286b\" data-id=\"3a6286b\" data-element_type=\"column\" data-e-type=\"column\">\n\t\t\t<div class=\"elementor-widget-wrap elementor-element-populated\">\n\t\t\t\t\t\t<div class=\"elementor-element elementor-element-ba12c66 elementor-widget elementor-widget-image\" data-id=\"ba12c66\" data-element_type=\"widget\" data-e-type=\"widget\" data-widget_type=\"image.default\">\n\t\t\t\t<div class=\"elementor-widget-container\">\n\t\t\t\t\t\t\t\t\t\t\t\t\t\t\t<img decoding=\"async\" width=\"1024\" height=\"613\" src=\"https:\/\/www.museosdemequinenza.com\/wp-content\/uploads\/2022\/04\/Diseno-sin-titulo-29-1024x613.png\" class=\"attachment-large size-large wp-image-7091\" alt=\"\" srcset=\"https:\/\/www.museosdemequinenza.com\/wp-content\/uploads\/2022\/04\/Diseno-sin-titulo-29-1024x613.png 1024w, https:\/\/www.museosdemequinenza.com\/wp-content\/uploads\/2022\/04\/Diseno-sin-titulo-29-300x180.png 300w, https:\/\/www.museosdemequinenza.com\/wp-content\/uploads\/2022\/04\/Diseno-sin-titulo-29-768x460.png 768w, https:\/\/www.museosdemequinenza.com\/wp-content\/uploads\/2022\/04\/Diseno-sin-titulo-29-16x10.png 16w, https:\/\/www.museosdemequinenza.com\/wp-content\/uploads\/2022\/04\/Diseno-sin-titulo-29-570x342.png 570w, https:\/\/www.museosdemequinenza.com\/wp-content\/uploads\/2022\/04\/Diseno-sin-titulo-29.png 1280w\" sizes=\"(max-width: 1024px) 100vw, 1024px\" \/>\t\t\t\t\t\t\t\t\t\t\t\t\t\t\t<\/div>\n\t\t\t\t<\/div>\n\t\t\t\t\t<\/div>\n\t\t<\/div>\n\t\t\t\t\t<\/div>\n\t\t<\/section>\n\t\t\t\t<div class=\"elementor-element elementor-element-02ada01 elementor-widget elementor-widget-text-editor\" data-id=\"02ada01\" data-element_type=\"widget\" data-e-type=\"widget\" data-widget_type=\"text-editor.default\">\n\t\t\t\t<div class=\"elementor-widget-container\">\n\t\t\t\t\t\t\t\t\t<p>La majoria de visitants s\u00f3n de nacionalitat espanyola dels quals prop de la meitat provenen de Catalunya seguit d'Arag\u00f3, per la proximitat, Andalusia, Madrid i Navarra. Des de comen\u00e7ament del 2022 s'ha produ\u00eft un repunt en el nombre de visites internacionals que principalment v\u00e9nen de Fran\u00e7a, ja que aprofiten l'estada per practicar l'esport de la pesca en el marc incomparable que ofereix Mequinensa i con\u00e8ixer l'entorn. Tamb\u00e9 s'han registrat visitants provinents de Col\u00f2mbia, Alemanya, Uruguai, Regne Unit o Tail\u00e0ndia<\/p><p>Durant el mes d'agost no es fan visites a l'edifici, declarat B\u00e9 d'Inter\u00e8s Cultural (BIC) el 2006, en coincidir amb el per\u00edode de vacances del personal de la Fundaci\u00f3 ENDESA i no ser\u00e0 fins dimarts 6 de setembre quan es reprenguin. Les reserves, fins a completar les places fixades per a la visita gratu\u00efta, es poden fer a trav\u00e9s de la<a href=\"https:\/\/www.museosdemequinenza.com\/ca\/castillo-de-mequinenza\/\" target=\"_blank\" rel=\"noopener\"><b> p\u00e0gina web dels Museus de Mequinensa<\/b><\/a>\u00a0o al tel\u00e8fon 974 46 47 05.<\/p><p>A m\u00e9s, tamb\u00e9 es pot visitar opcionalment el <strong><a href=\"https:\/\/www.museosdemequinenza.com\/ca\/museo-de-la-mina-de-mequinenza\/\">Museu de la Mina<\/a><\/strong> i el <strong>Museu de la Hist\u00f2ria<\/strong> per continuar coneixent la hist\u00f2ria, la cultura, els costums, l'entorn natural i el patrimoni miner de <strong>Mequinensa<\/strong> per completar aix\u00ed una jornada d'estada a la localitat que es pot complementar amb altres activitats, pr\u00e8via contractaci\u00f3, relacionades amb l'aigua o l'observaci\u00f3 d'aus al \u201c<i>Aiguabarreig<\/i>\u201d, una de les conflu\u00e8ncies fluvials m\u00e9s importants d'Europa.<\/p>\t\t\t\t\t\t\t\t<\/div>\n\t\t\t\t<\/div>\n\t\t\t\t<div class=\"elementor-element elementor-element-6fd3cd5 elementor-widget elementor-widget-spacer\" data-id=\"6fd3cd5\" data-element_type=\"widget\" data-e-type=\"widget\" data-widget_type=\"spacer.default\">\n\t\t\t\t<div class=\"elementor-widget-container\">\n\t\t\t\t\t\t\t<div class=\"elementor-spacer\">\n\t\t\t<div class=\"elementor-spacer-inner\"><\/div>\n\t\t<\/div>\n\t\t\t\t\t\t<\/div>\n\t\t\t\t<\/div>\n\t\t\t\t\t<\/div>\n\t\t<\/div>\n\t\t\t\t\t<\/div>\n\t\t<\/section>\n\t\t\t\t<\/div>","protected":false},"excerpt":{"rendered":"<p>El edificio no podr\u00e1 visitarse durante el mes de agosto por coincidir con el periodo vacacional del personal de la Fundaci\u00f3n ENDESA, propietaria del inmueble declarado Bien de Inter\u00e9s Cultural en 2006. Durante los siete primeros meses de 2022 el Castillo de Mequinenza ha registrado un total de 633 visitantes superando en m\u00e1s de 200<\/p>\n<p><a href=\"https:\/\/www.museosdemequinenza.com\/ca\/museos-de-mequinenza-contabiliza-mas-de-600-visitas-al-castillo-de-la-localidad-en-lo-que-va-de-ano\/\" class=\"more-link themebutton\">Read More<\/a><\/p>","protected":false},"author":1,"featured_media":7787,"comment_status":"closed","ping_status":"closed","sticky":false,"template":"","format":"standard","meta":{"_monsterinsights_skip_tracking":false,"_monsterinsights_sitenote_active":false,"_monsterinsights_sitenote_note":"","_monsterinsights_sitenote_category":0,"footnotes":""},"categories":[18],"tags":[],"class_list":["post-7786","post","type-post","status-publish","format-standard","has-post-thumbnail","hentry","category-sin-categoria-en"],"aioseo_notices":[],"_links":{"self":[{"href":"https:\/\/www.museosdemequinenza.com\/ca\/wp-json\/wp\/v2\/posts\/7786","targetHints":{"allow":["GET"]}}],"collection":[{"href":"https:\/\/www.museosdemequinenza.com\/ca\/wp-json\/wp\/v2\/posts"}],"about":[{"href":"https:\/\/www.museosdemequinenza.com\/ca\/wp-json\/wp\/v2\/types\/post"}],"author":[{"embeddable":true,"href":"https:\/\/www.museosdemequinenza.com\/ca\/wp-json\/wp\/v2\/users\/1"}],"replies":[{"embeddable":true,"href":"https:\/\/www.museosdemequinenza.com\/ca\/wp-json\/wp\/v2\/comments?post=7786"}],"version-history":[{"count":13,"href":"https:\/\/www.museosdemequinenza.com\/ca\/wp-json\/wp\/v2\/posts\/7786\/revisions"}],"predecessor-version":[{"id":7802,"href":"https:\/\/www.museosdemequinenza.com\/ca\/wp-json\/wp\/v2\/posts\/7786\/revisions\/7802"}],"wp:featuredmedia":[{"embeddable":true,"href":"https:\/\/www.museosdemequinenza.com\/ca\/wp-json\/wp\/v2\/media\/7787"}],"wp:attachment":[{"href":"https:\/\/www.museosdemequinenza.com\/ca\/wp-json\/wp\/v2\/media?parent=7786"}],"wp:term":[{"taxonomy":"category","embeddable":true,"href":"https:\/\/www.museosdemequinenza.com\/ca\/wp-json\/wp\/v2\/categories?post=7786"},{"taxonomy":"post_tag","embeddable":true,"href":"https:\/\/www.museosdemequinenza.com\/ca\/wp-json\/wp\/v2\/tags?post=7786"}],"curies":[{"name":"wp","href":"https:\/\/api.w.org\/{rel}","templated":true}]}}