{"id":6287,"date":"2021-11-01T16:54:46","date_gmt":"2021-11-01T16:54:46","guid":{"rendered":"http:\/\/www.museosdemequinenza.com\/?p=6287"},"modified":"2021-11-01T17:24:35","modified_gmt":"2021-11-01T17:24:35","slug":"los-museos-de-mequinenza-abriran-sus-puertas-a-partir-de-este-fin-de-semana-en-horario-de-invierno","status":"publish","type":"post","link":"https:\/\/www.museosdemequinenza.com\/ca\/los-museos-de-mequinenza-abriran-sus-puertas-a-partir-de-este-fin-de-semana-en-horario-de-invierno\/","title":{"rendered":"Els Museus de Mequinensa obriran les portes a partir d'aquest cap de setmana en horari d'hivern"},"content":{"rendered":"<div data-elementor-type=\"wp-post\" data-elementor-id=\"6287\" class=\"elementor elementor-6287\">\n\t\t\t\t\t\t<section class=\"elementor-section elementor-top-section elementor-element elementor-element-4175e72 elementor-section-boxed elementor-section-height-default elementor-section-height-default\" data-id=\"4175e72\" data-element_type=\"section\" data-e-type=\"section\">\n\t\t\t\t\t\t<div class=\"elementor-container elementor-column-gap-default\">\n\t\t\t\t\t<div class=\"elementor-column elementor-col-100 elementor-top-column elementor-element elementor-element-15b0822\" data-id=\"15b0822\" data-element_type=\"column\" data-e-type=\"column\">\n\t\t\t<div class=\"elementor-widget-wrap\">\n\t\t\t\t\t\t\t<\/div>\n\t\t<\/div>\n\t\t\t\t\t<\/div>\n\t\t<\/section>\n\t\t\t\t<section class=\"elementor-section elementor-top-section elementor-element elementor-element-63f9439 elementor-section-boxed elementor-section-height-default elementor-section-height-default\" data-id=\"63f9439\" data-element_type=\"section\" data-e-type=\"section\">\n\t\t\t\t\t\t<div class=\"elementor-container elementor-column-gap-default\">\n\t\t\t\t\t<div class=\"elementor-column elementor-col-100 elementor-top-column elementor-element elementor-element-3f57c8d\" data-id=\"3f57c8d\" data-element_type=\"column\" data-e-type=\"column\">\n\t\t\t<div class=\"elementor-widget-wrap elementor-element-populated\">\n\t\t\t\t\t\t<div class=\"elementor-element elementor-element-15aaaf0 elementor-widget elementor-widget-image\" data-id=\"15aaaf0\" data-element_type=\"widget\" data-e-type=\"widget\" data-widget_type=\"image.default\">\n\t\t\t\t<div class=\"elementor-widget-container\">\n\t\t\t\t\t\t\t\t\t\t\t\t\t\t\t<img fetchpriority=\"high\" decoding=\"async\" width=\"1024\" height=\"512\" src=\"https:\/\/www.museosdemequinenza.com\/wp-content\/uploads\/2021\/11\/Museos_de_Mequinenza-e1557998353567-1024x512.jpg\" class=\"attachment-large size-large wp-image-6288\" alt=\"\" srcset=\"https:\/\/www.museosdemequinenza.com\/wp-content\/uploads\/2021\/11\/Museos_de_Mequinenza-e1557998353567-1024x512.jpg 1024w, https:\/\/www.museosdemequinenza.com\/wp-content\/uploads\/2021\/11\/Museos_de_Mequinenza-e1557998353567-300x150.jpg 300w, https:\/\/www.museosdemequinenza.com\/wp-content\/uploads\/2021\/11\/Museos_de_Mequinenza-e1557998353567-768x384.jpg 768w, https:\/\/www.museosdemequinenza.com\/wp-content\/uploads\/2021\/11\/Museos_de_Mequinenza-e1557998353567-1536x768.jpg 1536w, https:\/\/www.museosdemequinenza.com\/wp-content\/uploads\/2021\/11\/Museos_de_Mequinenza-e1557998353567-2048x1024.jpg 2048w, https:\/\/www.museosdemequinenza.com\/wp-content\/uploads\/2021\/11\/Museos_de_Mequinenza-e1557998353567-16x8.jpg 16w, https:\/\/www.museosdemequinenza.com\/wp-content\/uploads\/2021\/11\/Museos_de_Mequinenza-e1557998353567-570x285.jpg 570w, https:\/\/www.museosdemequinenza.com\/wp-content\/uploads\/2021\/11\/Museos_de_Mequinenza-e1557998353567-380x190.jpg 380w, https:\/\/www.museosdemequinenza.com\/wp-content\/uploads\/2021\/11\/Museos_de_Mequinenza-e1557998353567-285x143.jpg 285w\" sizes=\"(max-width: 1024px) 100vw, 1024px\" \/>\t\t\t\t\t\t\t\t\t\t\t\t\t\t\t<\/div>\n\t\t\t\t<\/div>\n\t\t\t\t<div class=\"elementor-element elementor-element-e591777 elementor-widget elementor-widget-text-editor\" data-id=\"e591777\" data-element_type=\"widget\" data-e-type=\"widget\" data-widget_type=\"text-editor.default\">\n\t\t\t\t<div class=\"elementor-widget-container\">\n\t\t\t\t\t\t\t\t\t<p>Els <a href=\"https:\/\/www.museosdemequinenza.com\/ca\/\"><strong>Museus de Mequinensa<\/strong><\/a> obriran dissabtes i diumenges de 10 a 14 hores a partir d'aquest cap de setmana en qu\u00e8 la instal\u00b7laci\u00f3 muse\u00edstica aplica l' <strong>horari d'hivern<\/strong>. Les visites guiades al <a href=\"https:\/\/www.museosdemequinenza.com\/ca\/museo-de-la-mina\/\"><strong>Museu de la Mina<\/strong><\/a> i al Museu de la Hist\u00f2ria de Mequinensa es realitzaran a les 10:00 i 12:00 hores dels dissabtes i diumenges pr\u00e8via <a href=\"https:\/\/www.museosdemequinenza.com\/ca\/reserva-tu-visita\/\"><strong>reserva<\/strong>\u00a0<strong>a la web<\/strong><\/a>. De la mateixa manera, es mantenen les visites guiades gratu\u00eftes al <strong><a href=\"https:\/\/www.museosdemequinenza.com\/ca\/castillo-de-mequinenza\/\">Castell de Mequinensa<\/a><\/strong>, propietat de la Fundaci\u00f3 ENDESA, cada dimarts laborables pr\u00e8via inscripci\u00f3.<\/p>\t\t\t\t\t\t\t\t<\/div>\n\t\t\t\t<\/div>\n\t\t\t\t<section class=\"elementor-section elementor-inner-section elementor-element elementor-element-e7833aa elementor-section-boxed elementor-section-height-default elementor-section-height-default\" data-id=\"e7833aa\" data-element_type=\"section\" data-e-type=\"section\">\n\t\t\t\t\t\t<div class=\"elementor-container elementor-column-gap-default\">\n\t\t\t\t\t<div class=\"elementor-column elementor-col-33 elementor-inner-column elementor-element elementor-element-e02d922\" data-id=\"e02d922\" data-element_type=\"column\" data-e-type=\"column\">\n\t\t\t<div class=\"elementor-widget-wrap elementor-element-populated\">\n\t\t\t\t\t\t<div class=\"elementor-element elementor-element-231af27 elementor-hidden-phone elementor-position-top elementor-widget elementor-widget-image-box\" data-id=\"231af27\" data-element_type=\"widget\" data-e-type=\"widget\" data-widget_type=\"image-box.default\">\n\t\t\t\t<div class=\"elementor-widget-container\">\n\t\t\t\t\t<div class=\"elementor-image-box-wrapper\"><figure class=\"elementor-image-box-img\"><a href=\"https:\/\/www.museosdemequinenza.com\/ca\/museo-de-la-historia\/\" target=\"_blank\" tabindex=\"-1\"><img decoding=\"async\" width=\"570\" height=\"570\" src=\"https:\/\/www.museosdemequinenza.com\/wp-content\/uploads\/2019\/01\/Museos_de_Mequinenza-570x570.jpg\" class=\"attachment-column2-1\/1 size-column2-1\/1 wp-image-872\" alt=\"\" srcset=\"https:\/\/www.museosdemequinenza.com\/wp-content\/uploads\/2019\/01\/Museos_de_Mequinenza-570x570.jpg 570w, https:\/\/www.museosdemequinenza.com\/wp-content\/uploads\/2019\/01\/Museos_de_Mequinenza-150x150.jpg 150w, https:\/\/www.museosdemequinenza.com\/wp-content\/uploads\/2019\/01\/Museos_de_Mequinenza-380x380.jpg 380w, https:\/\/www.museosdemequinenza.com\/wp-content\/uploads\/2019\/01\/Museos_de_Mequinenza-285x285.jpg 285w\" sizes=\"(max-width: 570px) 100vw, 570px\" \/><\/a><\/figure><div class=\"elementor-image-box-content\"><h3 class=\"elementor-image-box-title\"><a href=\"https:\/\/www.museosdemequinenza.com\/ca\/museo-de-la-historia\/\" target=\"_blank\">Museu de la Hist\u00f2ria de Mequinensa<\/a><\/h3><\/div><\/div>\t\t\t\t<\/div>\n\t\t\t\t<\/div>\n\t\t\t\t\t<\/div>\n\t\t<\/div>\n\t\t\t\t<div class=\"elementor-column elementor-col-33 elementor-inner-column elementor-element elementor-element-b20286f\" data-id=\"b20286f\" data-element_type=\"column\" data-e-type=\"column\">\n\t\t\t<div class=\"elementor-widget-wrap elementor-element-populated\">\n\t\t\t\t\t\t<div class=\"elementor-element elementor-element-e614d4f elementor-hidden-phone elementor-position-top elementor-widget elementor-widget-image-box\" data-id=\"e614d4f\" data-element_type=\"widget\" data-e-type=\"widget\" data-widget_type=\"image-box.default\">\n\t\t\t\t<div class=\"elementor-widget-container\">\n\t\t\t\t\t<div class=\"elementor-image-box-wrapper\"><figure class=\"elementor-image-box-img\"><a href=\"https:\/\/www.museosdemequinenza.com\/ca\/museo-de-la-mina\/\" target=\"_blank\" tabindex=\"-1\"><img decoding=\"async\" width=\"570\" height=\"570\" src=\"https:\/\/www.museosdemequinenza.com\/wp-content\/uploads\/2021\/09\/69398919_376004666676197_3399688144230721127_n-570x570.jpg\" class=\"attachment-column2-1\/1 size-column2-1\/1 wp-image-6135\" alt=\"\" srcset=\"https:\/\/www.museosdemequinenza.com\/wp-content\/uploads\/2021\/09\/69398919_376004666676197_3399688144230721127_n-570x570.jpg 570w, https:\/\/www.museosdemequinenza.com\/wp-content\/uploads\/2021\/09\/69398919_376004666676197_3399688144230721127_n-300x300.jpg 300w, https:\/\/www.museosdemequinenza.com\/wp-content\/uploads\/2021\/09\/69398919_376004666676197_3399688144230721127_n-1024x1024.jpg 1024w, https:\/\/www.museosdemequinenza.com\/wp-content\/uploads\/2021\/09\/69398919_376004666676197_3399688144230721127_n-150x150.jpg 150w, https:\/\/www.museosdemequinenza.com\/wp-content\/uploads\/2021\/09\/69398919_376004666676197_3399688144230721127_n-768x768.jpg 768w, https:\/\/www.museosdemequinenza.com\/wp-content\/uploads\/2021\/09\/69398919_376004666676197_3399688144230721127_n-12x12.jpg 12w, https:\/\/www.museosdemequinenza.com\/wp-content\/uploads\/2021\/09\/69398919_376004666676197_3399688144230721127_n-380x380.jpg 380w, https:\/\/www.museosdemequinenza.com\/wp-content\/uploads\/2021\/09\/69398919_376004666676197_3399688144230721127_n-285x285.jpg 285w, https:\/\/www.museosdemequinenza.com\/wp-content\/uploads\/2021\/09\/69398919_376004666676197_3399688144230721127_n.jpg 1080w\" sizes=\"(max-width: 570px) 100vw, 570px\" \/><\/a><\/figure><div class=\"elementor-image-box-content\"><h3 class=\"elementor-image-box-title\"><a href=\"https:\/\/www.museosdemequinenza.com\/ca\/museo-de-la-mina\/\" target=\"_blank\">Museu de la Mina<\/a><\/h3><\/div><\/div>\t\t\t\t<\/div>\n\t\t\t\t<\/div>\n\t\t\t\t\t<\/div>\n\t\t<\/div>\n\t\t\t\t<div class=\"elementor-column elementor-col-33 elementor-inner-column elementor-element elementor-element-dcfe2c6\" data-id=\"dcfe2c6\" data-element_type=\"column\" data-e-type=\"column\">\n\t\t\t<div class=\"elementor-widget-wrap elementor-element-populated\">\n\t\t\t\t\t\t<div class=\"elementor-element elementor-element-a68bdbf elementor-hidden-phone elementor-position-top elementor-widget elementor-widget-image-box\" data-id=\"a68bdbf\" data-element_type=\"widget\" data-e-type=\"widget\" data-widget_type=\"image-box.default\">\n\t\t\t\t<div class=\"elementor-widget-container\">\n\t\t\t\t\t<div class=\"elementor-image-box-wrapper\"><figure class=\"elementor-image-box-img\"><a href=\"https:\/\/www.museosdemequinenza.com\/ca\/castillo-de-mequinenza\/\" target=\"_blank\" tabindex=\"-1\"><img loading=\"lazy\" decoding=\"async\" width=\"598\" height=\"600\" src=\"https:\/\/www.museosdemequinenza.com\/wp-content\/uploads\/2019\/07\/castillo.jpg\" class=\"attachment-column1-2\/3 size-column1-2\/3 wp-image-2069\" alt=\"\" srcset=\"https:\/\/www.museosdemequinenza.com\/wp-content\/uploads\/2019\/07\/castillo.jpg 598w, https:\/\/www.museosdemequinenza.com\/wp-content\/uploads\/2019\/07\/castillo-150x150.jpg 150w, https:\/\/www.museosdemequinenza.com\/wp-content\/uploads\/2019\/07\/castillo-300x300.jpg 300w, https:\/\/www.museosdemequinenza.com\/wp-content\/uploads\/2019\/07\/castillo-380x380.jpg 380w, https:\/\/www.museosdemequinenza.com\/wp-content\/uploads\/2019\/07\/castillo-285x285.jpg 285w\" sizes=\"(max-width: 598px) 100vw, 598px\" \/><\/a><\/figure><div class=\"elementor-image-box-content\"><h3 class=\"elementor-image-box-title\"><a href=\"https:\/\/www.museosdemequinenza.com\/ca\/castillo-de-mequinenza\/\" target=\"_blank\">Castell de Mequinensa<\/a><\/h3><\/div><\/div>\t\t\t\t<\/div>\n\t\t\t\t<\/div>\n\t\t\t\t\t<\/div>\n\t\t<\/div>\n\t\t\t\t\t<\/div>\n\t\t<\/section>\n\t\t\t\t<div class=\"elementor-element elementor-element-f98c1c5 elementor-widget elementor-widget-text-editor\" data-id=\"f98c1c5\" data-element_type=\"widget\" data-e-type=\"widget\" data-widget_type=\"text-editor.default\">\n\t\t\t\t<div class=\"elementor-widget-container\">\n\t\t\t\t\t\t\t\t\t<div data-id=\"26f718d\" data-element_type=\"widget\" data-widget_type=\"text-editor.default\"><div><div><p>El <a href=\"https:\/\/www.museosdemequinenza.com\/ca\/museo-de-la-mina\/\"><strong>Museu de la Mina<\/strong><\/a> \u00e9s l'espai estrella dins l'oferta muse\u00edstica. Es tracta d'una galeria d'un quil\u00f2metre excavada als peus del<a href=\"https:\/\/www.museosdemequinenza.com\/ca\/castillo-de-mequinenza\/\"><strong> Castell de Mequinensa<\/strong><\/a> totalment accessible, que explica detalladament tots els sistemes d'explotaci\u00f3 de lignit i la maquin\u00e0ria utilitzats a les mines de la localitat al llarg de m\u00e9s d'un segle i mig. Per la seva banda el <strong><a href=\"https:\/\/www.museosdemequinenza.com\/ca\/museo-del-pasado-prehistorico\/\">Museu del Passat Prehist\u00f2ric<\/a><\/strong> recull una selecci\u00f3 de reproduccions a escala d'alguns dels jaciments arqueol\u00f2gics m\u00e9s importants trobats al terme municipal, alguns submergits sota les aig\u00fces de l'Ebre.<\/p><p>Al\u00a0<strong><a href=\"https:\/\/www.museosdemequinenza.com\/ca\/museo-de-la-historia\/\">Museu de la Hist\u00f2ria de Mequinensa<\/a><\/strong> es repassa la hist\u00f2ria del municipi a trav\u00e9s de la influ\u00e8ncia que l'aigua ha tingut per a la poblaci\u00f3 aix\u00ed com el tr\u00e0gic final del <a href=\"https:\/\/www.museosdemequinenza.com\/ca\/pueblo-viejo-de-mequinenza\/\"><strong>\u201cPoble Vell\u201d,<\/strong><\/a> l'antic nucli urb\u00e0 desaparegut per la construcci\u00f3 de l'embassament de Riba-roja. A m\u00e9s, disposa d'un espai dedicat a la figura de l'escriptor de Mequinensa <strong>Jes\u00fas Moncada<\/strong>, autor d'obres com \u201cEl caf\u00e8 de la Granota\u201d o \u201cCam\u00ed de Sirga\u201d, i d'un espectacular mural de 12 metres de llarg per 2,5 d'al\u00e7ada on es reprodueix una fotografia de la fa\u00e7ana fluvial de la Mequinensa de principis del segle XX.<\/p><p><span lang=\"ES\">Els visitants, a m\u00e9s, podran rec\u00f3rrer els carrers del <a href=\"https:\/\/www.museosdemequinenza.com\/ca\/pueblo-viejo-de-mequinenza\/\"><strong>\"Poble Vell\"<\/strong><\/a>, lloc on s'organitzen rutes liter\u00e0ries basades en la literatura de <strong>Jes\u00fas Moncada<\/strong> en les obres de la qual roman viva la mem\u00f2ria col\u00b7lectiva de l'antiga Mequinensa, on va n\u00e9ixer i va viure l'escriptor.<\/span><\/p><p><span lang=\"ES\">Els <a href=\"https:\/\/www.museosdemequinenza.com\/ca\/\"><strong>Museus de Mequinensa<\/strong><\/a> formen part de la <a href=\"https:\/\/www.watermuseums.net\/category\/news\/\"><strong>Xarxa Mundial de Museus de l'Aigua<\/strong><\/a> impulsada per la <strong>UNESCO<\/strong>, de la <a href=\"http:\/\/patrimonigeominer.eu\/\"><strong>Xarxa Ib\u00e8rica d'Espais Geominers<\/strong><\/a> i de la associaci\u00f3 <a href=\"http:\/\/www.espaisescrits.cat\"><strong>Espais Escrits<\/strong><\/a>.<br \/><\/span><\/p><\/div><\/div><\/div>\t\t\t\t\t\t\t\t<\/div>\n\t\t\t\t<\/div>\n\t\t\t\t\t<\/div>\n\t\t<\/div>\n\t\t\t\t\t<\/div>\n\t\t<\/section>\n\t\t\t\t<\/div>","protected":false},"excerpt":{"rendered":"<p>Los Museos de Mequinenza abrir\u00e1n s\u00e1bados y domingos de 10 a 14 horas a partir de este fin de semana en el que la instalaci\u00f3n muse\u00edstica aplica el horario de invierno. Las visitas guiadas al Museo de la Mina y al Museo de la Historia de Mequinenza se realizar\u00e1n a las 10:00 y 12:00 horas<\/p>\n<p><a href=\"https:\/\/www.museosdemequinenza.com\/ca\/los-museos-de-mequinenza-abriran-sus-puertas-a-partir-de-este-fin-de-semana-en-horario-de-invierno\/\" class=\"more-link themebutton\">Read More<\/a><\/p>","protected":false},"author":1,"featured_media":6288,"comment_status":"closed","ping_status":"closed","sticky":false,"template":"","format":"standard","meta":{"_monsterinsights_skip_tracking":false,"_monsterinsights_sitenote_active":false,"_monsterinsights_sitenote_note":"","_monsterinsights_sitenote_category":0,"footnotes":""},"categories":[18],"tags":[],"class_list":["post-6287","post","type-post","status-publish","format-standard","has-post-thumbnail","hentry","category-sin-categoria-en"],"aioseo_notices":[],"_links":{"self":[{"href":"https:\/\/www.museosdemequinenza.com\/ca\/wp-json\/wp\/v2\/posts\/6287","targetHints":{"allow":["GET"]}}],"collection":[{"href":"https:\/\/www.museosdemequinenza.com\/ca\/wp-json\/wp\/v2\/posts"}],"about":[{"href":"https:\/\/www.museosdemequinenza.com\/ca\/wp-json\/wp\/v2\/types\/post"}],"author":[{"embeddable":true,"href":"https:\/\/www.museosdemequinenza.com\/ca\/wp-json\/wp\/v2\/users\/1"}],"replies":[{"embeddable":true,"href":"https:\/\/www.museosdemequinenza.com\/ca\/wp-json\/wp\/v2\/comments?post=6287"}],"version-history":[{"count":19,"href":"https:\/\/www.museosdemequinenza.com\/ca\/wp-json\/wp\/v2\/posts\/6287\/revisions"}],"predecessor-version":[{"id":6311,"href":"https:\/\/www.museosdemequinenza.com\/ca\/wp-json\/wp\/v2\/posts\/6287\/revisions\/6311"}],"wp:featuredmedia":[{"embeddable":true,"href":"https:\/\/www.museosdemequinenza.com\/ca\/wp-json\/wp\/v2\/media\/6288"}],"wp:attachment":[{"href":"https:\/\/www.museosdemequinenza.com\/ca\/wp-json\/wp\/v2\/media?parent=6287"}],"wp:term":[{"taxonomy":"category","embeddable":true,"href":"https:\/\/www.museosdemequinenza.com\/ca\/wp-json\/wp\/v2\/categories?post=6287"},{"taxonomy":"post_tag","embeddable":true,"href":"https:\/\/www.museosdemequinenza.com\/ca\/wp-json\/wp\/v2\/tags?post=6287"}],"curies":[{"name":"wp","href":"https:\/\/api.w.org\/{rel}","templated":true}]}}