{"id":5877,"date":"2021-08-31T14:50:18","date_gmt":"2021-08-31T14:50:18","guid":{"rendered":"http:\/\/www.museosdemequinenza.com\/?p=5877"},"modified":"2021-08-31T14:58:07","modified_gmt":"2021-08-31T14:58:07","slug":"el-vi-festival-internacional-de-cine-de-mequinenza-constata-que-la-creatividad-se-impone-a-la-covid-19","status":"publish","type":"post","link":"https:\/\/www.museosdemequinenza.com\/ca\/el-vi-festival-internacional-de-cine-de-mequinenza-constata-que-la-creatividad-se-impone-a-la-covid-19\/","title":{"rendered":"El VI Festival Internacional de Cine de Mequinenza constata que la creatividad se impone a la Covid-19"},"content":{"rendered":"<div data-elementor-type=\"wp-post\" data-elementor-id=\"5877\" class=\"elementor elementor-5877\">\n\t\t\t\t\t\t<section class=\"elementor-section elementor-top-section elementor-element elementor-element-08a451e elementor-section-boxed elementor-section-height-default elementor-section-height-default\" data-id=\"08a451e\" data-element_type=\"section\" data-e-type=\"section\">\n\t\t\t\t\t\t<div class=\"elementor-container elementor-column-gap-default\">\n\t\t\t\t\t<div class=\"elementor-column elementor-col-100 elementor-top-column elementor-element elementor-element-a5d1c53\" data-id=\"a5d1c53\" data-element_type=\"column\" data-e-type=\"column\">\n\t\t\t<div class=\"elementor-widget-wrap elementor-element-populated\">\n\t\t\t\t\t\t<div class=\"elementor-element elementor-element-643555a elementor-widget elementor-widget-image\" data-id=\"643555a\" data-element_type=\"widget\" data-e-type=\"widget\" data-widget_type=\"image.default\">\n\t\t\t\t<div class=\"elementor-widget-container\">\n\t\t\t\t\t\t\t\t\t\t\t\t\t\t\t<img fetchpriority=\"high\" decoding=\"async\" width=\"768\" height=\"384\" src=\"https:\/\/www.museosdemequinenza.com\/wp-content\/uploads\/2021\/08\/IMG_9492-scaled-e1630421406218-768x384.jpg\" class=\"attachment-medium_large size-medium_large wp-image-5878\" alt=\"\" srcset=\"https:\/\/www.museosdemequinenza.com\/wp-content\/uploads\/2021\/08\/IMG_9492-scaled-e1630421406218-768x384.jpg 768w, https:\/\/www.museosdemequinenza.com\/wp-content\/uploads\/2021\/08\/IMG_9492-scaled-e1630421406218-300x150.jpg 300w, https:\/\/www.museosdemequinenza.com\/wp-content\/uploads\/2021\/08\/IMG_9492-scaled-e1630421406218-1024x512.jpg 1024w, https:\/\/www.museosdemequinenza.com\/wp-content\/uploads\/2021\/08\/IMG_9492-scaled-e1630421406218-1536x768.jpg 1536w, https:\/\/www.museosdemequinenza.com\/wp-content\/uploads\/2021\/08\/IMG_9492-scaled-e1630421406218-2048x1024.jpg 2048w, https:\/\/www.museosdemequinenza.com\/wp-content\/uploads\/2021\/08\/IMG_9492-scaled-e1630421406218-16x8.jpg 16w, https:\/\/www.museosdemequinenza.com\/wp-content\/uploads\/2021\/08\/IMG_9492-scaled-e1630421406218-570x285.jpg 570w, https:\/\/www.museosdemequinenza.com\/wp-content\/uploads\/2021\/08\/IMG_9492-scaled-e1630421406218-380x190.jpg 380w, https:\/\/www.museosdemequinenza.com\/wp-content\/uploads\/2021\/08\/IMG_9492-scaled-e1630421406218-285x143.jpg 285w\" sizes=\"(max-width: 768px) 100vw, 768px\" \/>\t\t\t\t\t\t\t\t\t\t\t\t\t\t\t<\/div>\n\t\t\t\t<\/div>\n\t\t\t\t<div class=\"elementor-element elementor-element-d97ec86 elementor-widget elementor-widget-text-editor\" data-id=\"d97ec86\" data-element_type=\"widget\" data-e-type=\"widget\" data-widget_type=\"text-editor.default\">\n\t\t\t\t<div class=\"elementor-widget-container\">\n\t\t\t\t\t\t\t\t\t<h3>A pesar de las dificultades en el \u00faltimo a\u00f1o para la puesta en marcha de proyectos, el sector audiovisual ha sabido sortear las restricciones buscando nuevas v\u00edas cuyos resultados podr\u00e1n verse del 3 al 5 de septiembre en la Sala Goya.<\/h3>\t\t\t\t\t\t\t\t<\/div>\n\t\t\t\t<\/div>\n\t\t\t\t<div class=\"elementor-element elementor-element-576137f elementor-widget elementor-widget-text-editor\" data-id=\"576137f\" data-element_type=\"widget\" data-e-type=\"widget\" data-widget_type=\"text-editor.default\">\n\t\t\t\t<div class=\"elementor-widget-container\">\n\t\t\t\t\t\t\t\t\t<p>La sexta edici\u00f3n del <a href=\"http:\/\/www.mequinensainternationalfilmfestival.com\"><strong>Festival Internacional de Cinema de Mequinensa (MIFF)<\/strong><\/a>, organizado por el Ayuntamiento de Mequinenza y la productora local Film Factory, desplegar\u00e1 la alfombra roja el pr\u00f3ximo <strong>viernes 3 de septiembre<\/strong> a la <strong>Sala Goya<\/strong> donde, hasta el <strong>domingo 5<\/strong>, podr\u00e1n verse los 21 cortometrajes finalistas de los que 3 se corresponden con la categor\u00eda panorama aragon\u00e9s. Este a\u00f1o el festival se ver\u00e1 de nuevo afectado por la pandemia de la Covid-19 aunque quiz\u00e1 menos de lo que pod\u00eda preverse teniendo en cuenta las afecciones en las producciones en el \u00faltimo a\u00f1o, una sombra que desapareci\u00f3 vista la participaci\u00f3n con 3.112 cortometrajes de 159 pa\u00edses una de las m\u00e1s altas que ha registrado el <strong><a href=\"http:\/\/www.mequinensainternationalfilmfestival.com\">MIFF<\/a> <\/strong>en sus 6 a\u00f1os de vida.<\/p>\t\t\t\t\t\t\t\t<\/div>\n\t\t\t\t<\/div>\n\t\t\t\t<section class=\"elementor-section elementor-inner-section elementor-element elementor-element-2b40f3d elementor-section-boxed elementor-section-height-default elementor-section-height-default\" data-id=\"2b40f3d\" data-element_type=\"section\" data-e-type=\"section\">\n\t\t\t\t\t\t<div class=\"elementor-container elementor-column-gap-default\">\n\t\t\t\t\t<div class=\"elementor-column elementor-col-50 elementor-inner-column elementor-element elementor-element-a45c80e\" data-id=\"a45c80e\" data-element_type=\"column\" data-e-type=\"column\">\n\t\t\t<div class=\"elementor-widget-wrap elementor-element-populated\">\n\t\t\t\t\t\t<div class=\"elementor-element elementor-element-f7ce8b0 elementor-widget elementor-widget-image\" data-id=\"f7ce8b0\" data-element_type=\"widget\" data-e-type=\"widget\" data-widget_type=\"image.default\">\n\t\t\t\t<div class=\"elementor-widget-container\">\n\t\t\t\t\t\t\t\t\t\t\t\t\t\t\t<img decoding=\"async\" width=\"632\" height=\"886\" src=\"https:\/\/www.museosdemequinenza.com\/wp-content\/uploads\/2021\/08\/Flyer-MIFF2021_page-0001.jpg\" class=\"attachment-large size-large wp-image-5881\" alt=\"\" srcset=\"https:\/\/www.museosdemequinenza.com\/wp-content\/uploads\/2021\/08\/Flyer-MIFF2021_page-0001.jpg 632w, https:\/\/www.museosdemequinenza.com\/wp-content\/uploads\/2021\/08\/Flyer-MIFF2021_page-0001-214x300.jpg 214w, https:\/\/www.museosdemequinenza.com\/wp-content\/uploads\/2021\/08\/Flyer-MIFF2021_page-0001-9x12.jpg 9w\" sizes=\"(max-width: 632px) 100vw, 632px\" \/>\t\t\t\t\t\t\t\t\t\t\t\t\t\t\t<\/div>\n\t\t\t\t<\/div>\n\t\t\t\t\t<\/div>\n\t\t<\/div>\n\t\t\t\t<div class=\"elementor-column elementor-col-50 elementor-inner-column elementor-element elementor-element-6636d0a\" data-id=\"6636d0a\" data-element_type=\"column\" data-e-type=\"column\">\n\t\t\t<div class=\"elementor-widget-wrap elementor-element-populated\">\n\t\t\t\t\t\t<div class=\"elementor-element elementor-element-fe99fe0 elementor-widget elementor-widget-image\" data-id=\"fe99fe0\" data-element_type=\"widget\" data-e-type=\"widget\" data-widget_type=\"image.default\">\n\t\t\t\t<div class=\"elementor-widget-container\">\n\t\t\t\t\t\t\t\t\t\t\t\t\t\t\t<img decoding=\"async\" width=\"632\" height=\"886\" src=\"https:\/\/www.museosdemequinenza.com\/wp-content\/uploads\/2021\/08\/Flyer-MIFF2021_page-0002.jpg\" class=\"attachment-large size-large wp-image-5882\" alt=\"\" srcset=\"https:\/\/www.museosdemequinenza.com\/wp-content\/uploads\/2021\/08\/Flyer-MIFF2021_page-0002.jpg 632w, https:\/\/www.museosdemequinenza.com\/wp-content\/uploads\/2021\/08\/Flyer-MIFF2021_page-0002-214x300.jpg 214w, https:\/\/www.museosdemequinenza.com\/wp-content\/uploads\/2021\/08\/Flyer-MIFF2021_page-0002-9x12.jpg 9w\" sizes=\"(max-width: 632px) 100vw, 632px\" \/>\t\t\t\t\t\t\t\t\t\t\t\t\t\t\t<\/div>\n\t\t\t\t<\/div>\n\t\t\t\t\t<\/div>\n\t\t<\/div>\n\t\t\t\t\t<\/div>\n\t\t<\/section>\n\t\t\t\t<div class=\"elementor-element elementor-element-d2b65d9 elementor-widget elementor-widget-text-editor\" data-id=\"d2b65d9\" data-element_type=\"widget\" data-e-type=\"widget\" data-widget_type=\"text-editor.default\">\n\t\t\t\t<div class=\"elementor-widget-container\">\n\t\t\t\t\t\t\t\t\t<p>\u00a0<\/p><p>Tanto <strong>Dar\u00edo Vidallet<\/strong>, regidor de cultura de l' <a href=\"http:\/\/www.mequinenza.com\"><strong>Ajuntament de Mequinensa<\/strong><\/a>, como <strong>Javier Rodes<\/strong>, director del <strong>Festival<\/strong> se refer\u00edan a la calidad de las obras que componen la selecci\u00f3n oficial, 7 del g\u00e9nero de animaci\u00f3n, 7 de documental y 7 de ficci\u00f3n, y pon\u00edan el acento en el hecho de que \u201ca pesar de las restricciones que han dificultado la puesta en marcha de proyectos, el sector audiovisual ha tirado de creatividad para sortear las dificultades\u201d. Reconoc\u00edan que la distribuci\u00f3n ha sido una de las \u00e1reas que m\u00e1s afectadas se han visto de ah\u00ed \u201cla importancia de los Festivales, a pesar de la reducci\u00f3n de aforos, a la hora de poner en contacto a creadores con el p\u00fablico y mostrar sus trabajos\u201d.<\/p><p><strong>Vidallet<\/strong> destacaba el esfuerzo de las administraciones para recuperar la actividad cultural en los diferentes municipios y recordaba que <strong>Mequinensa<\/strong> \u201ceste a\u00f1o ha a\u00f1adido a su oferta de Festivales de cine y teatro amateur el \u2018<strong>A Sol i Serena<\/strong>\u2019\u201d, dedicado a las artes esc\u00e9nicas en la calle, \u201creforzando as\u00ed la oferta cultural de la localidad\u201d. Iniciativas, a\u00f1ad\u00eda, que \u201cest\u00e1n siendo muy bien recibidas tanto por el p\u00fablico como por las compa\u00f1\u00edas y creadores conscientes de las dificultades que supone ponerlas en marcha\u201d. De hecho adelantaba que el <strong>MIFF<\/strong> ser\u00e1 la actividad que marcar\u00e1 el inicio del <strong>Septiembre Cultural de Mequinenza<\/strong>.<\/p><p>En lo referente al Festival, cuya tem\u00e1tica gira en torno al agua por su estrecha vinculaci\u00f3n con <strong>Mequinensa<\/strong>, <strong>Rodes<\/strong> se refer\u00eda a la dificultad a la hora de elegir los finalistas y destacaba el hecho de que cada vez m\u00e1s equipos muestran su inter\u00e9s en presentar sus propuestas \u201clo que constata el inter\u00e9s que est\u00e1 despertando el festival y el nivel de las propuestas, cuestiones que nos sit\u00faan en el mapa audiovisual internacional\u201d. Recordaba que el <strong>MIFF<\/strong> entrega 5 premios dotados con 200 euros cada uno a la mejor ficci\u00f3n, al mejor documental, a la mejor animaci\u00f3n, al mejor cortometraje aragon\u00e9s y el premio del p\u00fablico \u201cAntonio Blas\u201d.<\/p><p>Tambi\u00e9n se deten\u00eda en la presentaci\u00f3n de dos propuestas fuera del concurso se trata de la proyecci\u00f3n, antes de la clausura del Certamen, del documental <strong>\u201cLos cielos espa\u00f1oles\u201d<\/strong> de <strong>Isabel Soria<\/strong> i <strong>Jos\u00e9 Manuel Herraiz<\/strong>, que narra la adquisici\u00f3n de artesonados mud\u00e9jares por parte del magnate Randolph Hearst, y posterior coloquio a cargo del equipo t\u00e9cnico, y de la serie de animaci\u00f3n infantil <strong>\u201cCroco Doc\u201d<\/strong>, tras la inauguraci\u00f3n, que emite el canal Clan de RTVE y de padres mequinenzanos: <strong>Michele Ampollini<\/strong> y la doctora <strong>Elisa Cuadrado<\/strong>.<\/p><p>Precisamente en la presentaci\u00f3n, <strong>Ampollini<\/strong>, productor ejecutivo de Nuts Ideas, creador y guionista de la serie compuesta de 26 cap\u00edtulos, se refer\u00eda a la rigurosidad con la que se ha elaborado y a la clara vocaci\u00f3n educativa de la misma, ense\u00f1ando a los ni\u00f1os a reconocer s\u00edntomas de enfermedades, mostrarles c\u00f3mo actuar en caso de accidente, divulgando h\u00e1bitos para prevenir contagio de enfermedades y sobre todo evitar que los peque\u00f1os tengan miedo de ir al m\u00e9dico. Adem\u00e1s destacaba el hecho de \u201cque ser\u00e1 la primera vez que podamos ver la reacci\u00f3n del p\u00fablico en vivo en una sala de cine al margen de las audiencias de televisi\u00f3n, lo que nos parece muy interesante\u201d.<\/p>\t\t\t\t\t\t\t\t<\/div>\n\t\t\t\t<\/div>\n\t\t\t\t\t<\/div>\n\t\t<\/div>\n\t\t\t\t\t<\/div>\n\t\t<\/section>\n\t\t\t\t<\/div>","protected":false},"excerpt":{"rendered":"<p>A pesar de las dificultades en el \u00faltimo a\u00f1o para la puesta en marcha de proyectos, el sector audiovisual ha sabido sortear las restricciones buscando nuevas v\u00edas cuyos resultados podr\u00e1n verse del 3 al 5 de septiembre en la Sala Goya. La sexta edici\u00f3n del Festival Internacional de Cine de Mequinenza (MIFF), organizado por el<\/p>\n<p><a href=\"https:\/\/www.museosdemequinenza.com\/ca\/el-vi-festival-internacional-de-cine-de-mequinenza-constata-que-la-creatividad-se-impone-a-la-covid-19\/\" class=\"more-link themebutton\">Read More<\/a><\/p>","protected":false},"author":1,"featured_media":5878,"comment_status":"closed","ping_status":"closed","sticky":false,"template":"","format":"standard","meta":{"_monsterinsights_skip_tracking":false,"_monsterinsights_sitenote_active":false,"_monsterinsights_sitenote_note":"","_monsterinsights_sitenote_category":0,"footnotes":""},"categories":[18],"tags":[],"class_list":["post-5877","post","type-post","status-publish","format-standard","has-post-thumbnail","hentry","category-sin-categoria-en"],"aioseo_notices":[],"_links":{"self":[{"href":"https:\/\/www.museosdemequinenza.com\/ca\/wp-json\/wp\/v2\/posts\/5877","targetHints":{"allow":["GET"]}}],"collection":[{"href":"https:\/\/www.museosdemequinenza.com\/ca\/wp-json\/wp\/v2\/posts"}],"about":[{"href":"https:\/\/www.museosdemequinenza.com\/ca\/wp-json\/wp\/v2\/types\/post"}],"author":[{"embeddable":true,"href":"https:\/\/www.museosdemequinenza.com\/ca\/wp-json\/wp\/v2\/users\/1"}],"replies":[{"embeddable":true,"href":"https:\/\/www.museosdemequinenza.com\/ca\/wp-json\/wp\/v2\/comments?post=5877"}],"version-history":[{"count":7,"href":"https:\/\/www.museosdemequinenza.com\/ca\/wp-json\/wp\/v2\/posts\/5877\/revisions"}],"predecessor-version":[{"id":5888,"href":"https:\/\/www.museosdemequinenza.com\/ca\/wp-json\/wp\/v2\/posts\/5877\/revisions\/5888"}],"wp:featuredmedia":[{"embeddable":true,"href":"https:\/\/www.museosdemequinenza.com\/ca\/wp-json\/wp\/v2\/media\/5878"}],"wp:attachment":[{"href":"https:\/\/www.museosdemequinenza.com\/ca\/wp-json\/wp\/v2\/media?parent=5877"}],"wp:term":[{"taxonomy":"category","embeddable":true,"href":"https:\/\/www.museosdemequinenza.com\/ca\/wp-json\/wp\/v2\/categories?post=5877"},{"taxonomy":"post_tag","embeddable":true,"href":"https:\/\/www.museosdemequinenza.com\/ca\/wp-json\/wp\/v2\/tags?post=5877"}],"curies":[{"name":"wp","href":"https:\/\/api.w.org\/{rel}","templated":true}]}}