{"id":5344,"date":"2021-05-24T18:34:27","date_gmt":"2021-05-24T18:34:27","guid":{"rendered":"https:\/\/www.museosdemequinenza.com\/?p=5344"},"modified":"2021-05-24T18:36:24","modified_gmt":"2021-05-24T18:36:24","slug":"el-iv-half-triatlon-de-mequinenza-supera-el-centenar-de-inscritos-en-una-semana","status":"publish","type":"post","link":"https:\/\/www.museosdemequinenza.com\/ca\/el-iv-half-triatlon-de-mequinenza-supera-el-centenar-de-inscritos-en-una-semana\/","title":{"rendered":"El IV Half Triatl\u00f3 de Mequinensa supera el centenar d'inscrits en una setmana"},"content":{"rendered":"<div data-elementor-type=\"wp-post\" data-elementor-id=\"5344\" class=\"elementor elementor-5344\">\n\t\t\t\t\t\t<section class=\"elementor-section elementor-top-section elementor-element elementor-element-64963bf elementor-section-boxed elementor-section-height-default elementor-section-height-default\" data-id=\"64963bf\" data-element_type=\"section\" data-e-type=\"section\">\n\t\t\t\t\t\t<div class=\"elementor-container elementor-column-gap-default\">\n\t\t\t\t\t<div class=\"elementor-column elementor-col-100 elementor-top-column elementor-element elementor-element-4d957f5\" data-id=\"4d957f5\" data-element_type=\"column\" data-e-type=\"column\">\n\t\t\t<div class=\"elementor-widget-wrap elementor-element-populated\">\n\t\t\t\t\t\t<div class=\"elementor-element elementor-element-e73d91a elementor-widget elementor-widget-image\" data-id=\"e73d91a\" data-element_type=\"widget\" data-e-type=\"widget\" data-widget_type=\"image.default\">\n\t\t\t\t<div class=\"elementor-widget-container\">\n\t\t\t\t\t\t\t\t\t\t\t\t\t\t\t<img fetchpriority=\"high\" decoding=\"async\" width=\"1140\" height=\"380\" src=\"https:\/\/www.museosdemequinenza.com\/wp-content\/uploads\/2021\/05\/IMG_0866-scaled-e1621236400503-1140x380.jpg\" class=\"attachment-column1-1\/3 size-column1-1\/3 wp-image-5315\" alt=\"\" srcset=\"https:\/\/www.museosdemequinenza.com\/wp-content\/uploads\/2021\/05\/IMG_0866-scaled-e1621236400503-1140x380.jpg 1140w, https:\/\/www.museosdemequinenza.com\/wp-content\/uploads\/2021\/05\/IMG_0866-scaled-e1621236400503-380x127.jpg 380w\" sizes=\"(max-width: 1140px) 100vw, 1140px\" \/>\t\t\t\t\t\t\t\t\t\t\t\t\t\t\t<\/div>\n\t\t\t\t<\/div>\n\t\t\t\t<div class=\"elementor-element elementor-element-e8cedac elementor-widget elementor-widget-text-editor\" data-id=\"e8cedac\" data-element_type=\"widget\" data-e-type=\"widget\" data-widget_type=\"text-editor.default\">\n\t\t\t\t<div class=\"elementor-widget-container\">\n\t\t\t\t\t\t\t\t\t<h3>La prueba, que se disputar\u00e1 el domingo 18 de julio, se ha limitado a 300 participantes por las restricciones de la Covid-19.<\/h3>\t\t\t\t\t\t\t\t<\/div>\n\t\t\t\t<\/div>\n\t\t\t\t<div class=\"elementor-element elementor-element-014d593 elementor-widget elementor-widget-text-editor\" data-id=\"014d593\" data-element_type=\"widget\" data-e-type=\"widget\" data-widget_type=\"text-editor.default\">\n\t\t\t\t<div class=\"elementor-widget-container\">\n\t\t\t\t\t\t\t\t\t<p>El pasado domingo 16 de mayo se abr\u00edan oficialmente las inscripciones para participar en e<strong>l IV Half Triatl\u00f3n de Mequinenza<\/strong>. En apenas una semana se han formalizado 118 inscripciones de las 300 plazas disponibles para diputar la prueba, organizada por el <a href=\"http:\/\/www.mequinenza.com\"><strong>Ajuntament de Mequinensa<\/strong> <\/a>i el <strong>Club Triatl\u00f3 Mequinensa<\/strong>, el pr\u00f3ximo 18 de julio. Una cifra que demuestra el inter\u00e9s que ha despertado esta cita deportiva de primer nivel que tuvo que suspenderse el a\u00f1o pasado por la pandemia de la covid-19 y que en 2019 reuni\u00f3 a 201 triatletas en la categor\u00eda individual lo que invita a pensar que la de 2021 ser\u00e1 una edici\u00f3n de r\u00e9cord. Las inscripciones siguen abiertas hasta el 14 de julio en la p\u00e1gina web de la<strong> Fedaraci\u00f3n Aragonesa de Triatl\u00f3n<\/strong>.<\/p><p>La salida, llegada y transici\u00f3n se concentran en el recito del <strong>Club Na\u00fatico Capri<\/strong> en una competici\u00f3n que mantendr\u00e1 el formato de las anteriores ediciones al que hay que a\u00f1adir, como principal novedad, el estricto protocolo anti covid elaborado por la <strong>Federaci\u00f3 Espanyola de Triatl\u00f3<\/strong> y que ha obligado a limitar el n\u00famero de participantes y a eliminar la opci\u00f3n de participar en la prueba en el formato por equipos. Un documento de obligado cumplimiento que ya se ha aplicado con \u00e9xito en todas la pruebas organizadas hasta la fecha que garantiza la seguridad de todos los participantes, voluntarios y organizaci\u00f3n, as\u00ed como de los vecinos de la localidad de Mequinenza.<\/p><p>El <strong>IV Half Triatl\u00f3 Vila de Mequinensa<\/strong> \u00a0se disputa sobre una distancia total de 113 kil\u00f3metros con un segmento de nataci\u00f3n de 1.900 metros en el embalse de Riba-roja, frente al n\u00facleo uebano,\u00a0 un recorrido de ciclismo de 90 kil\u00f3metros, que llevara a los triatletas a recorrer las carreteras comarcales de la zona, y una media marat\u00f3n de 21 kil\u00f3metros en un circuito que discurre por el entorno del embalse y algunas de las calles de Mequinenza. Pondr\u00e1 en juego, un a\u00f1o m\u00e1s, el <strong>Campionat d'Arag\u00f3<\/strong> de l'especialitat, i a la vegada ser\u00e0 puntuable per al r\u00e0nquing de la <strong>Federaci\u00f3 Espanyola de Triatl\u00f3 de Mitja Dist\u00e0ncia<\/strong> i per a la<strong> lliga de clubs iberCaja<\/strong>, el que garanteix que els millors triatletes tant d'Arag\u00f3 com d'Espanya es donin cita a <strong>Mequinensa<\/strong>.<\/p>\t\t\t\t\t\t\t\t<\/div>\n\t\t\t\t<\/div>\n\t\t\t\t\t<\/div>\n\t\t<\/div>\n\t\t\t\t\t<\/div>\n\t\t<\/section>\n\t\t\t\t<\/div>","protected":false},"excerpt":{"rendered":"<p>La prueba, que se disputar\u00e1 el domingo 18 de julio, se ha limitado a 300 participantes por las restricciones de la Covid-19. El pasado domingo 16 de mayo se abr\u00edan oficialmente las inscripciones para participar en el IV Half Triatl\u00f3n de Mequinenza. En apenas una semana se han formalizado 118 inscripciones de las 300 plazas<\/p>\n<p><a href=\"https:\/\/www.museosdemequinenza.com\/ca\/el-iv-half-triatlon-de-mequinenza-supera-el-centenar-de-inscritos-en-una-semana\/\" class=\"more-link themebutton\">Read More<\/a><\/p>","protected":false},"author":1,"featured_media":5315,"comment_status":"closed","ping_status":"closed","sticky":false,"template":"","format":"standard","meta":{"_monsterinsights_skip_tracking":false,"_monsterinsights_sitenote_active":false,"_monsterinsights_sitenote_note":"","_monsterinsights_sitenote_category":0,"footnotes":""},"categories":[18],"tags":[],"class_list":["post-5344","post","type-post","status-publish","format-standard","has-post-thumbnail","hentry","category-sin-categoria-en"],"aioseo_notices":[],"_links":{"self":[{"href":"https:\/\/www.museosdemequinenza.com\/ca\/wp-json\/wp\/v2\/posts\/5344","targetHints":{"allow":["GET"]}}],"collection":[{"href":"https:\/\/www.museosdemequinenza.com\/ca\/wp-json\/wp\/v2\/posts"}],"about":[{"href":"https:\/\/www.museosdemequinenza.com\/ca\/wp-json\/wp\/v2\/types\/post"}],"author":[{"embeddable":true,"href":"https:\/\/www.museosdemequinenza.com\/ca\/wp-json\/wp\/v2\/users\/1"}],"replies":[{"embeddable":true,"href":"https:\/\/www.museosdemequinenza.com\/ca\/wp-json\/wp\/v2\/comments?post=5344"}],"version-history":[{"count":4,"href":"https:\/\/www.museosdemequinenza.com\/ca\/wp-json\/wp\/v2\/posts\/5344\/revisions"}],"predecessor-version":[{"id":5348,"href":"https:\/\/www.museosdemequinenza.com\/ca\/wp-json\/wp\/v2\/posts\/5344\/revisions\/5348"}],"wp:featuredmedia":[{"embeddable":true,"href":"https:\/\/www.museosdemequinenza.com\/ca\/wp-json\/wp\/v2\/media\/5315"}],"wp:attachment":[{"href":"https:\/\/www.museosdemequinenza.com\/ca\/wp-json\/wp\/v2\/media?parent=5344"}],"wp:term":[{"taxonomy":"category","embeddable":true,"href":"https:\/\/www.museosdemequinenza.com\/ca\/wp-json\/wp\/v2\/categories?post=5344"},{"taxonomy":"post_tag","embeddable":true,"href":"https:\/\/www.museosdemequinenza.com\/ca\/wp-json\/wp\/v2\/tags?post=5344"}],"curies":[{"name":"wp","href":"https:\/\/api.w.org\/{rel}","templated":true}]}}