{"id":14219,"date":"2026-09-03T10:37:25","date_gmt":"2026-09-03T08:37:25","guid":{"rendered":"https:\/\/www.museosdemequinenza.com\/?p=14219"},"modified":"2026-09-03T10:39:30","modified_gmt":"2026-09-03T08:39:30","slug":"josefa-novials-se-convierte-en-la-primera-residente-de-la-residencia-de-personas-mayores-y-centro-de-dia-magda-godia-de-mequinenza","status":"publish","type":"post","link":"https:\/\/www.museosdemequinenza.com\/ca\/josefa-novials-se-convierte-en-la-primera-residente-de-la-residencia-de-personas-mayores-y-centro-de-dia-magda-godia-de-mequinenza\/","title":{"rendered":"Josefa Novials se convierte en la primera residente de la Residencia de Personas Mayores y Centro de D\u00eda \u201cMagda Godia\u201d de Mequinenza"},"content":{"rendered":"<div data-elementor-type=\"wp-post\" data-elementor-id=\"14219\" class=\"elementor elementor-14219\">\n\t\t\t\t\t\t<section class=\"elementor-section elementor-top-section elementor-element elementor-element-98ca8cd elementor-section-boxed elementor-section-height-default elementor-section-height-default\" data-id=\"98ca8cd\" data-element_type=\"section\" data-e-type=\"section\">\n\t\t\t\t\t\t<div class=\"elementor-container elementor-column-gap-default\">\n\t\t\t\t\t<div class=\"elementor-column elementor-col-100 elementor-top-column elementor-element elementor-element-d5fba5c\" data-id=\"d5fba5c\" data-element_type=\"column\" data-e-type=\"column\">\n\t\t\t<div class=\"elementor-widget-wrap elementor-element-populated\">\n\t\t\t\t\t\t<div class=\"elementor-element elementor-element-9b23cf5 elementor-widget elementor-widget-image\" data-id=\"9b23cf5\" data-element_type=\"widget\" data-e-type=\"widget\" data-widget_type=\"image.default\">\n\t\t\t\t<div class=\"elementor-widget-container\">\n\t\t\t\t\t\t\t\t\t\t\t\t\t\t\t<img fetchpriority=\"high\" decoding=\"async\" width=\"1140\" height=\"760\" src=\"https:\/\/www.museosdemequinenza.com\/wp-content\/uploads\/2026\/09\/IMG_9586-1140x760.jpeg\" class=\"attachment-column1-2\/3 size-column1-2\/3 wp-image-14220\" alt=\"\" srcset=\"https:\/\/www.museosdemequinenza.com\/wp-content\/uploads\/2026\/09\/IMG_9586-1140x760.jpeg 1140w, https:\/\/www.museosdemequinenza.com\/wp-content\/uploads\/2026\/09\/IMG_9586-300x200.jpeg 300w, https:\/\/www.museosdemequinenza.com\/wp-content\/uploads\/2026\/09\/IMG_9586-1024x683.jpeg 1024w, https:\/\/www.museosdemequinenza.com\/wp-content\/uploads\/2026\/09\/IMG_9586-768x512.jpeg 768w, https:\/\/www.museosdemequinenza.com\/wp-content\/uploads\/2026\/09\/IMG_9586-1536x1024.jpeg 1536w, https:\/\/www.museosdemequinenza.com\/wp-content\/uploads\/2026\/09\/IMG_9586-2048x1365.jpeg 2048w, https:\/\/www.museosdemequinenza.com\/wp-content\/uploads\/2026\/09\/IMG_9586-18x12.jpeg 18w, https:\/\/www.museosdemequinenza.com\/wp-content\/uploads\/2026\/09\/IMG_9586-570x380.jpeg 570w, https:\/\/www.museosdemequinenza.com\/wp-content\/uploads\/2026\/09\/IMG_9586-380x254.jpeg 380w, https:\/\/www.museosdemequinenza.com\/wp-content\/uploads\/2026\/09\/IMG_9586-285x190.jpeg 285w\" sizes=\"(max-width: 1140px) 100vw, 1140px\" \/>\t\t\t\t\t\t\t\t\t\t\t\t\t\t\t<\/div>\n\t\t\t\t<\/div>\n\t\t\t\t<div class=\"elementor-element elementor-element-e48bfd5 elementor-widget elementor-widget-text-editor\" data-id=\"e48bfd5\" data-element_type=\"widget\" data-e-type=\"widget\" data-widget_type=\"text-editor.default\">\n\t\t\t\t<div class=\"elementor-widget-container\">\n\t\t\t\t\t\t\t\t\t<p><strong>Su ingreso marca la puesta en marcha de un servicio largamente esperado, un equipamiento cuya construcci\u00f3n se inici\u00f3 en 2008 y que ofrecer\u00e1 atenci\u00f3n y cuidados especializados generando 50 puestos de trabajo directos.<\/strong><\/p>\t\t\t\t\t\t\t\t<\/div>\n\t\t\t\t<\/div>\n\t\t\t\t<div class=\"elementor-element elementor-element-3372a2f elementor-widget elementor-widget-text-editor\" data-id=\"3372a2f\" data-element_type=\"widget\" data-e-type=\"widget\" data-widget_type=\"text-editor.default\">\n\t\t\t\t<div class=\"elementor-widget-container\">\n\t\t\t\t\t\t\t\t\t<p>La Residencia de Personas Mayores y Centro de D\u00eda \u201cMagda Godia\u201d de Mequinenza ha recibido a su primera residente: Novials, que ha ingresado en el Centro acompa\u00f1ada por su familia. Su llegada supone un momento especialmente significativo para el municipio y marca la entrada en servicio de un equipamiento que ofrecer\u00e1 atenci\u00f3n y cuidados especializados a las personas mayores de Mequinenza y de otros municipios del entorno.<\/p><p>\u201cSupone, primeramente, un reto conseguido por fin. Llevamos desde 2008, casi veinte a\u00f1os, intentando que aqu\u00ed se construyera una residencia. Ha habido infinidad de problemas y retrasos, pero ya hemos llegado. A los vecinos que est\u00e1n en sus casas esperando o que han tenido que desplazarse a otras residencias, decirles que ya ha llegado el momento\u201d, ha se\u00f1alado Montse Gimeno, concejal de Ciudadan\u00eda y Servicios Sociales.<br \/>Novials es la primera de los diez residentes que se incorporar\u00e1n progresivamente durante estos primeros d\u00edas, en un proceso escalonado que permitir\u00e1 al equipo profesional poner en marcha el servicio y adaptar la atenci\u00f3n a las necesidades de cada usuario.<\/p><p>Por su parte, Paula \u00c1lvarez, directora t\u00e9cnica de la Residencia \u201cMagda Godia\u201d, ha destacado la ilusi\u00f3n y el compromiso con los que la Fundaci\u00f3n Rey Ardid inicia esta nueva etapa: \u201cHoy, con nuestra primera usuaria, comenzamos la actividad con mucha ilusi\u00f3n y con un profundo compromiso con la creaci\u00f3n de empleo y la incorporaci\u00f3n de nuevos trabajadores de la zona, as\u00ed como con acercar al territorio los recursos necesarios para atender a las personas mayores que nos necesitan\u201d.<\/p><p>La gesti\u00f3n del centro ha sido adjudicada a la Fundaci\u00f3n Rey Ardid por cinco a\u00f1os, prorrogables por otros dos, entidad con amplia experiencia en la atenci\u00f3n a personas mayores y que apuesta por un modelo de atenci\u00f3n integral y centrado en la persona.<\/p><p>La apertura de la residencia culmina un proyecto iniciado en 2008 y desarrollado en dos fases, con una inversi\u00f3n global de 8,76 millones de euros. La segunda fase, retomada a partir de 2021 tras a\u00f1os de paralizaci\u00f3n, cont\u00f3 principalmente con financiaci\u00f3n del Plan MINER, que aport\u00f3 alrededor de 5,3 millones de euros a trav\u00e9s del Instituto para la Transici\u00f3n Justa y el Gobierno de Arag\u00f3n. A esta cantidad se sumaron m\u00e1s de dos millones de euros de fondos propios del Ayuntamiento de Mequinenza y 728.000 euros de la Diputaci\u00f3n Provincial de Zaragoza.<\/p>\t\t\t\t\t\t\t\t<\/div>\n\t\t\t\t<\/div>\n\t\t\t\t<section class=\"elementor-section elementor-inner-section elementor-element elementor-element-51ea6e8 elementor-section-boxed elementor-section-height-default elementor-section-height-default\" data-id=\"51ea6e8\" data-element_type=\"section\" data-e-type=\"section\">\n\t\t\t\t\t\t<div class=\"elementor-container elementor-column-gap-default\">\n\t\t\t\t\t<div class=\"elementor-column elementor-col-50 elementor-inner-column elementor-element elementor-element-57cb0f0\" data-id=\"57cb0f0\" data-element_type=\"column\" data-e-type=\"column\">\n\t\t\t<div class=\"elementor-widget-wrap elementor-element-populated\">\n\t\t\t\t\t\t<div class=\"elementor-element elementor-element-5b451cc elementor-widget elementor-widget-image\" data-id=\"5b451cc\" data-element_type=\"widget\" data-e-type=\"widget\" data-widget_type=\"image.default\">\n\t\t\t\t<div class=\"elementor-widget-container\">\n\t\t\t\t\t\t\t\t\t\t\t\t\t\t\t<img decoding=\"async\" width=\"1024\" height=\"683\" src=\"https:\/\/www.museosdemequinenza.com\/wp-content\/uploads\/2026\/09\/IMG_9596-1024x683.jpeg\" class=\"attachment-large size-large wp-image-14222\" alt=\"\" srcset=\"https:\/\/www.museosdemequinenza.com\/wp-content\/uploads\/2026\/09\/IMG_9596-1024x683.jpeg 1024w, https:\/\/www.museosdemequinenza.com\/wp-content\/uploads\/2026\/09\/IMG_9596-300x200.jpeg 300w, https:\/\/www.museosdemequinenza.com\/wp-content\/uploads\/2026\/09\/IMG_9596-768x512.jpeg 768w, https:\/\/www.museosdemequinenza.com\/wp-content\/uploads\/2026\/09\/IMG_9596-1536x1024.jpeg 1536w, https:\/\/www.museosdemequinenza.com\/wp-content\/uploads\/2026\/09\/IMG_9596-2048x1365.jpeg 2048w, https:\/\/www.museosdemequinenza.com\/wp-content\/uploads\/2026\/09\/IMG_9596-18x12.jpeg 18w, https:\/\/www.museosdemequinenza.com\/wp-content\/uploads\/2026\/09\/IMG_9596-1140x760.jpeg 1140w, https:\/\/www.museosdemequinenza.com\/wp-content\/uploads\/2026\/09\/IMG_9596-570x380.jpeg 570w, https:\/\/www.museosdemequinenza.com\/wp-content\/uploads\/2026\/09\/IMG_9596-380x254.jpeg 380w, https:\/\/www.museosdemequinenza.com\/wp-content\/uploads\/2026\/09\/IMG_9596-285x190.jpeg 285w\" sizes=\"(max-width: 1024px) 100vw, 1024px\" \/>\t\t\t\t\t\t\t\t\t\t\t\t\t\t\t<\/div>\n\t\t\t\t<\/div>\n\t\t\t\t\t<\/div>\n\t\t<\/div>\n\t\t\t\t<div class=\"elementor-column elementor-col-50 elementor-inner-column elementor-element elementor-element-7142e02\" data-id=\"7142e02\" data-element_type=\"column\" data-e-type=\"column\">\n\t\t\t<div class=\"elementor-widget-wrap elementor-element-populated\">\n\t\t\t\t\t\t<div class=\"elementor-element elementor-element-0315bd6 elementor-widget elementor-widget-image\" data-id=\"0315bd6\" data-element_type=\"widget\" data-e-type=\"widget\" data-widget_type=\"image.default\">\n\t\t\t\t<div class=\"elementor-widget-container\">\n\t\t\t\t\t\t\t\t\t\t\t\t\t\t\t<img decoding=\"async\" width=\"1024\" height=\"683\" src=\"https:\/\/www.museosdemequinenza.com\/wp-content\/uploads\/2026\/09\/IMG_9604-1024x683.jpeg\" class=\"attachment-large size-large wp-image-14221\" alt=\"\" srcset=\"https:\/\/www.museosdemequinenza.com\/wp-content\/uploads\/2026\/09\/IMG_9604-1024x683.jpeg 1024w, https:\/\/www.museosdemequinenza.com\/wp-content\/uploads\/2026\/09\/IMG_9604-300x200.jpeg 300w, https:\/\/www.museosdemequinenza.com\/wp-content\/uploads\/2026\/09\/IMG_9604-768x512.jpeg 768w, https:\/\/www.museosdemequinenza.com\/wp-content\/uploads\/2026\/09\/IMG_9604-1536x1024.jpeg 1536w, https:\/\/www.museosdemequinenza.com\/wp-content\/uploads\/2026\/09\/IMG_9604-2048x1365.jpeg 2048w, https:\/\/www.museosdemequinenza.com\/wp-content\/uploads\/2026\/09\/IMG_9604-18x12.jpeg 18w, https:\/\/www.museosdemequinenza.com\/wp-content\/uploads\/2026\/09\/IMG_9604-1140x760.jpeg 1140w, https:\/\/www.museosdemequinenza.com\/wp-content\/uploads\/2026\/09\/IMG_9604-570x380.jpeg 570w, https:\/\/www.museosdemequinenza.com\/wp-content\/uploads\/2026\/09\/IMG_9604-380x254.jpeg 380w, https:\/\/www.museosdemequinenza.com\/wp-content\/uploads\/2026\/09\/IMG_9604-285x190.jpeg 285w\" sizes=\"(max-width: 1024px) 100vw, 1024px\" \/>\t\t\t\t\t\t\t\t\t\t\t\t\t\t\t<\/div>\n\t\t\t\t<\/div>\n\t\t\t\t\t<\/div>\n\t\t<\/div>\n\t\t\t\t\t<\/div>\n\t\t<\/section>\n\t\t\t\t<div class=\"elementor-element elementor-element-54ff180 elementor-widget elementor-widget-text-editor\" data-id=\"54ff180\" data-element_type=\"widget\" data-e-type=\"widget\" data-widget_type=\"text-editor.default\">\n\t\t\t\t<div class=\"elementor-widget-container\">\n\t\t\t\t\t\t\t\t\t<p>El Ayuntamiento de Mequinenza ha querido agradecer a Novials y a su familia la confianza depositada en este nuevo servicio, que nace con el objetivo de ofrecer a las personas mayores un entorno cercano, c\u00f3modo y adaptado a sus necesidades.<\/p><p>Adem\u00e1s de convertirse en un nuevo recurso asistencial para Mequinenza y su entorno, la apertura de la Residencia \u201cMagda Godia\u201d supone tambi\u00e9n un importante impulso para el empleo local, con la creaci\u00f3n de alrededor de 50 puestos de trabajo directos. La incorporaci\u00f3n de nuevos profesionales permitir\u00e1 reforzar la atenci\u00f3n a las personas mayores y generar nuevas oportunidades laborales para vecinos de Mequinenza y de la zona.<\/p>\t\t\t\t\t\t\t\t<\/div>\n\t\t\t\t<\/div>\n\t\t\t\t\t<\/div>\n\t\t<\/div>\n\t\t\t\t\t<\/div>\n\t\t<\/section>\n\t\t\t\t<\/div>","protected":false},"excerpt":{"rendered":"<p>Su ingreso marca la puesta en marcha de un servicio largamente esperado, un equipamiento cuya construcci\u00f3n se inici\u00f3 en 2008 y que ofrecer\u00e1 atenci\u00f3n y cuidados especializados generando 50 puestos de trabajo directos. La Residencia de Personas Mayores y Centro de D\u00eda \u201cMagda Godia\u201d de Mequinenza ha recibido a su primera residente: Novials, que ha<\/p>\n<p><a href=\"https:\/\/www.museosdemequinenza.com\/ca\/josefa-novials-se-convierte-en-la-primera-residente-de-la-residencia-de-personas-mayores-y-centro-de-dia-magda-godia-de-mequinenza\/\" class=\"more-link themebutton\">Read More<\/a><\/p>","protected":false},"author":1,"featured_media":14222,"comment_status":"closed","ping_status":"closed","sticky":false,"template":"","format":"standard","meta":{"_monsterinsights_skip_tracking":false,"_monsterinsights_sitenote_active":false,"_monsterinsights_sitenote_note":"","_monsterinsights_sitenote_category":0,"footnotes":""},"categories":[18],"tags":[],"class_list":["post-14219","post","type-post","status-publish","format-standard","has-post-thumbnail","hentry","category-sin-categoria-en"],"aioseo_notices":[],"aioseo_head":"\n\t\t<!-- All in One SEO 5.0.1.1 - aioseo.com -->\n\t<meta name=\"description\" content=\"Su ingreso marca la puesta en marcha de un servicio largamente esperado, un equipamiento cuya construcci\u00f3n se inici\u00f3 en 2008 y que ofrecer\u00e1 atenci\u00f3n y cuidados especializados generando 50 puestos de trabajo directos. La Residencia de Personas Mayores y Centro de D\u00eda \u201cMagda Godia\u201d de Mequinenza ha recibido a su primera residente: Novials, que ha\" \/>\n\t<meta name=\"robots\" content=\"max-image-preview:large\" \/>\n\t<link rel=\"canonical\" href=\"https:\/\/www.museosdemequinenza.com\/ca\/josefa-novials-se-convierte-en-la-primera-residente-de-la-residencia-de-personas-mayores-y-centro-de-dia-magda-godia-de-mequinenza\/\" \/>\n\t<meta name=\"generator\" content=\"All in One SEO (AIOSEO) 5.0.1.1\" \/>\n\t\t<meta property=\"og:locale\" content=\"ca_ES\" \/>\n\t\t<meta property=\"og:site_name\" content=\"|\" \/>\n\t\t<meta property=\"og:type\" content=\"article\" \/>\n\t\t<meta property=\"og:title\" content=\"Josefa Novials se convierte en la primera residente de la Residencia de Personas Mayores y Centro de D\u00eda \u201cMagda Godia\u201d de Mequinenza |\" \/>\n\t\t<meta property=\"og:description\" content=\"Su ingreso marca la puesta en marcha de un servicio largamente esperado, un equipamiento cuya construcci\u00f3n se inici\u00f3 en 2008 y que ofrecer\u00e1 atenci\u00f3n y cuidados especializados generando 50 puestos de trabajo directos. La Residencia de Personas Mayores y Centro de D\u00eda \u201cMagda Godia\u201d de Mequinenza ha recibido a su primera residente: Novials, que ha\" \/>\n\t\t<meta property=\"og:url\" content=\"https:\/\/www.museosdemequinenza.com\/ca\/josefa-novials-se-convierte-en-la-primera-residente-de-la-residencia-de-personas-mayores-y-centro-de-dia-magda-godia-de-mequinenza\/\" \/>\n\t\t<meta property=\"article:published_time\" content=\"2026-09-03T08:37:25+00:00\" \/>\n\t\t<meta property=\"article:modified_time\" content=\"2026-09-03T08:39:30+00:00\" \/>\n\t\t<meta property=\"article:publisher\" content=\"https:\/\/www.facebook.com\/MuseosdeMequinenza\/\" \/>\n\t\t<meta name=\"twitter:card\" content=\"summary\" \/>\n\t\t<meta name=\"twitter:site\" content=\"@museomequinenza\" \/>\n\t\t<meta name=\"twitter:title\" content=\"Josefa Novials se convierte en la primera residente de la Residencia de Personas Mayores y Centro de D\u00eda \u201cMagda Godia\u201d de Mequinenza |\" \/>\n\t\t<meta name=\"twitter:description\" content=\"Su ingreso marca la puesta en marcha de un servicio largamente esperado, un equipamiento cuya construcci\u00f3n se inici\u00f3 en 2008 y que ofrecer\u00e1 atenci\u00f3n y cuidados especializados generando 50 puestos de trabajo directos. La Residencia de Personas Mayores y Centro de D\u00eda \u201cMagda Godia\u201d de Mequinenza ha recibido a su primera residente: Novials, que ha\" \/>\n\t\t<meta name=\"twitter:creator\" content=\"@museomequinenza\" \/>\n\t\t<script type=\"application\/ld+json\" class=\"aioseo-schema\">\n\t\t\t{\"@context\":\"https:\\\/\\\/schema.org\",\"@graph\":[{\"@type\":\"Article\",\"@id\":\"https:\\\/\\\/www.museosdemequinenza.com\\\/ca\\\/josefa-novials-se-convierte-en-la-primera-residente-de-la-residencia-de-personas-mayores-y-centro-de-dia-magda-godia-de-mequinenza\\\/#article\",\"name\":\"Josefa Novials se convierte en la primera residente de la Residencia de Personas Mayores y Centro de D\\u00eda \\u201cMagda Godia\\u201d de Mequinenza |\",\"headline\":\"Josefa Novials se convierte en la primera residente de la Residencia de Personas Mayores y Centro de D\\u00eda \\u201cMagda Godia\\u201d de Mequinenza\",\"author\":{\"@id\":\"https:\\\/\\\/www.museosdemequinenza.com\\\/ca\\\/author\\\/adminmusmeq\\\/#author\"},\"publisher\":{\"@id\":\"https:\\\/\\\/www.museosdemequinenza.com\\\/ca\\\/#organization\"},\"image\":{\"@type\":\"ImageObject\",\"url\":\"https:\\\/\\\/www.museosdemequinenza.com\\\/wp-content\\\/uploads\\\/2026\\\/09\\\/IMG_9596-scaled.jpeg\",\"width\":2560,\"height\":1707},\"datePublished\":\"2026-09-03T10:37:25+02:00\",\"dateModified\":\"2026-09-03T10:39:30+02:00\",\"inLanguage\":\"ca\",\"mainEntityOfPage\":{\"@id\":\"https:\\\/\\\/www.museosdemequinenza.com\\\/ca\\\/josefa-novials-se-convierte-en-la-primera-residente-de-la-residencia-de-personas-mayores-y-centro-de-dia-magda-godia-de-mequinenza\\\/#webpage\"},\"isPartOf\":{\"@id\":\"https:\\\/\\\/www.museosdemequinenza.com\\\/ca\\\/josefa-novials-se-convierte-en-la-primera-residente-de-la-residencia-de-personas-mayores-y-centro-de-dia-magda-godia-de-mequinenza\\\/#webpage\"},\"articleSection\":\"Sin categor\\u00eda\"},{\"@type\":\"BreadcrumbList\",\"@id\":\"https:\\\/\\\/www.museosdemequinenza.com\\\/ca\\\/josefa-novials-se-convierte-en-la-primera-residente-de-la-residencia-de-personas-mayores-y-centro-de-dia-magda-godia-de-mequinenza\\\/#breadcrumblist\",\"itemListElement\":[{\"@type\":\"ListItem\",\"@id\":\"https:\\\/\\\/www.museosdemequinenza.com\\\/ca#listItem\",\"position\":1,\"name\":\"Inicio\",\"item\":\"https:\\\/\\\/www.museosdemequinenza.com\\\/ca\",\"nextItem\":{\"@type\":\"ListItem\",\"@id\":\"https:\\\/\\\/www.museosdemequinenza.com\\\/ca\\\/category\\\/sin-categoria-en\\\/#listItem\",\"name\":\"Sin categor\\u00eda\"}},{\"@type\":\"ListItem\",\"@id\":\"https:\\\/\\\/www.museosdemequinenza.com\\\/ca\\\/category\\\/sin-categoria-en\\\/#listItem\",\"position\":2,\"name\":\"Sin categor\\u00eda\",\"item\":\"https:\\\/\\\/www.museosdemequinenza.com\\\/ca\\\/category\\\/sin-categoria-en\\\/\",\"nextItem\":{\"@type\":\"ListItem\",\"@id\":\"https:\\\/\\\/www.museosdemequinenza.com\\\/ca\\\/josefa-novials-se-convierte-en-la-primera-residente-de-la-residencia-de-personas-mayores-y-centro-de-dia-magda-godia-de-mequinenza\\\/#listItem\",\"name\":\"Josefa Novials se convierte en la primera residente de la Residencia de Personas Mayores y Centro de D\\u00eda \\u201cMagda Godia\\u201d de Mequinenza\"},\"previousItem\":{\"@type\":\"ListItem\",\"@id\":\"https:\\\/\\\/www.museosdemequinenza.com\\\/ca#listItem\",\"name\":\"Inicio\"}},{\"@type\":\"ListItem\",\"@id\":\"https:\\\/\\\/www.museosdemequinenza.com\\\/ca\\\/josefa-novials-se-convierte-en-la-primera-residente-de-la-residencia-de-personas-mayores-y-centro-de-dia-magda-godia-de-mequinenza\\\/#listItem\",\"position\":3,\"name\":\"Josefa Novials se convierte en la primera residente de la Residencia de Personas Mayores y Centro de D\\u00eda \\u201cMagda Godia\\u201d de Mequinenza\",\"previousItem\":{\"@type\":\"ListItem\",\"@id\":\"https:\\\/\\\/www.museosdemequinenza.com\\\/ca\\\/category\\\/sin-categoria-en\\\/#listItem\",\"name\":\"Sin categor\\u00eda\"}}]},{\"@type\":\"Organization\",\"@id\":\"https:\\\/\\\/www.museosdemequinenza.com\\\/ca\\\/#organization\",\"name\":\"Museos de Mequinenza\",\"url\":\"https:\\\/\\\/www.museosdemequinenza.com\\\/ca\\\/\",\"telephone\":\"+34974464705\",\"logo\":{\"@type\":\"ImageObject\",\"url\":\"https:\\\/\\\/www.museosdemequinenza.com\\\/wp-content\\\/uploads\\\/2021\\\/10\\\/logo.jpg\",\"@id\":\"https:\\\/\\\/www.museosdemequinenza.com\\\/ca\\\/josefa-novials-se-convierte-en-la-primera-residente-de-la-residencia-de-personas-mayores-y-centro-de-dia-magda-godia-de-mequinenza\\\/#organizationLogo\",\"width\":400,\"height\":400},\"image\":{\"@id\":\"https:\\\/\\\/www.museosdemequinenza.com\\\/ca\\\/josefa-novials-se-convierte-en-la-primera-residente-de-la-residencia-de-personas-mayores-y-centro-de-dia-magda-godia-de-mequinenza\\\/#organizationLogo\"},\"sameAs\":[\"https:\\\/\\\/www.facebook.com\\\/MuseosdeMequinenza\\\/\",\"https:\\\/\\\/twitter.com\\\/museomequinenza\",\"https:\\\/\\\/instagram.com\\\/museosdemequinenza\\\/\",\"https:\\\/\\\/www.tiktok.com\\\/@museosdemequinenza\",\"https:\\\/\\\/www.youtube.com\\\/channel\\\/UC1WhAGRfn8YICkw3sNMPvsw\"]},{\"@type\":\"Person\",\"@id\":\"https:\\\/\\\/www.museosdemequinenza.com\\\/ca\\\/author\\\/adminmusmeq\\\/#author\",\"url\":\"https:\\\/\\\/www.museosdemequinenza.com\\\/ca\\\/author\\\/adminmusmeq\\\/\"},{\"@type\":\"WebPage\",\"@id\":\"https:\\\/\\\/www.museosdemequinenza.com\\\/ca\\\/josefa-novials-se-convierte-en-la-primera-residente-de-la-residencia-de-personas-mayores-y-centro-de-dia-magda-godia-de-mequinenza\\\/#webpage\",\"url\":\"https:\\\/\\\/www.museosdemequinenza.com\\\/ca\\\/josefa-novials-se-convierte-en-la-primera-residente-de-la-residencia-de-personas-mayores-y-centro-de-dia-magda-godia-de-mequinenza\\\/\",\"name\":\"Josefa Novials se convierte en la primera residente de la Residencia de Personas Mayores y Centro de D\\u00eda \\u201cMagda Godia\\u201d de Mequinenza |\",\"description\":\"Su ingreso marca la puesta en marcha de un servicio largamente esperado, un equipamiento cuya construcci\\u00f3n se inici\\u00f3 en 2008 y que ofrecer\\u00e1 atenci\\u00f3n y cuidados especializados generando 50 puestos de trabajo directos. La Residencia de Personas Mayores y Centro de D\\u00eda \\u201cMagda Godia\\u201d de Mequinenza ha recibido a su primera residente: Novials, que ha\",\"inLanguage\":\"ca\",\"isPartOf\":{\"@id\":\"https:\\\/\\\/www.museosdemequinenza.com\\\/ca\\\/#website\"},\"breadcrumb\":{\"@id\":\"https:\\\/\\\/www.museosdemequinenza.com\\\/ca\\\/josefa-novials-se-convierte-en-la-primera-residente-de-la-residencia-de-personas-mayores-y-centro-de-dia-magda-godia-de-mequinenza\\\/#breadcrumblist\"},\"author\":{\"@id\":\"https:\\\/\\\/www.museosdemequinenza.com\\\/ca\\\/author\\\/adminmusmeq\\\/#author\"},\"creator\":{\"@id\":\"https:\\\/\\\/www.museosdemequinenza.com\\\/ca\\\/author\\\/adminmusmeq\\\/#author\"},\"image\":{\"@type\":\"ImageObject\",\"url\":\"https:\\\/\\\/www.museosdemequinenza.com\\\/wp-content\\\/uploads\\\/2026\\\/09\\\/IMG_9596-scaled.jpeg\",\"@id\":\"https:\\\/\\\/www.museosdemequinenza.com\\\/ca\\\/josefa-novials-se-convierte-en-la-primera-residente-de-la-residencia-de-personas-mayores-y-centro-de-dia-magda-godia-de-mequinenza\\\/#mainImage\",\"width\":2560,\"height\":1707},\"primaryImageOfPage\":{\"@id\":\"https:\\\/\\\/www.museosdemequinenza.com\\\/ca\\\/josefa-novials-se-convierte-en-la-primera-residente-de-la-residencia-de-personas-mayores-y-centro-de-dia-magda-godia-de-mequinenza\\\/#mainImage\"},\"datePublished\":\"2026-09-03T10:37:25+02:00\",\"dateModified\":\"2026-09-03T10:39:30+02:00\"},{\"@type\":\"WebSite\",\"@id\":\"https:\\\/\\\/www.museosdemequinenza.com\\\/ca\\\/#website\",\"url\":\"https:\\\/\\\/www.museosdemequinenza.com\\\/ca\\\/\",\"inLanguage\":\"ca\",\"publisher\":{\"@id\":\"https:\\\/\\\/www.museosdemequinenza.com\\\/ca\\\/#organization\"}}]}\n\t\t<\/script>\n\t\t<!-- All in One SEO -->\n\n","aioseo_head_json":{"title":"Josefa Novials se convierte en la primera residente de la Residencia de Personas Mayores y Centro de D\u00eda \u201cMagda Godia\u201d de Mequinenza |","description":"Su ingreso marca la puesta en marcha de un servicio largamente esperado, un equipamiento cuya construcci\u00f3n se inici\u00f3 en 2008 y que ofrecer\u00e1 atenci\u00f3n y cuidados especializados generando 50 puestos de trabajo directos. La Residencia de Personas Mayores y Centro de D\u00eda \u201cMagda Godia\u201d de Mequinenza ha recibido a su primera residente: Novials, que ha","canonical_url":"https:\/\/www.museosdemequinenza.com\/ca\/josefa-novials-se-convierte-en-la-primera-residente-de-la-residencia-de-personas-mayores-y-centro-de-dia-magda-godia-de-mequinenza\/","robots":"max-image-preview:large","keywords":"","webmasterTools":{"miscellaneous":""},"schema":{"@context":"https:\/\/schema.org","@graph":[{"@type":"Article","@id":"https:\/\/www.museosdemequinenza.com\/ca\/josefa-novials-se-convierte-en-la-primera-residente-de-la-residencia-de-personas-mayores-y-centro-de-dia-magda-godia-de-mequinenza\/#article","name":"Josefa Novials se convierte en la primera residente de la Residencia de Personas Mayores y Centro de D\u00eda \u201cMagda Godia\u201d de Mequinenza |","headline":"Josefa Novials se convierte en la primera residente de la Residencia de Personas Mayores y Centro de D\u00eda \u201cMagda Godia\u201d de Mequinenza","author":{"@id":"https:\/\/www.museosdemequinenza.com\/ca\/author\/adminmusmeq\/#author"},"publisher":{"@id":"https:\/\/www.museosdemequinenza.com\/ca\/#organization"},"image":{"@type":"ImageObject","url":"https:\/\/www.museosdemequinenza.com\/wp-content\/uploads\/2026\/09\/IMG_9596-scaled.jpeg","width":2560,"height":1707},"datePublished":"2026-09-03T10:37:25+02:00","dateModified":"2026-09-03T10:39:30+02:00","inLanguage":"ca","mainEntityOfPage":{"@id":"https:\/\/www.museosdemequinenza.com\/ca\/josefa-novials-se-convierte-en-la-primera-residente-de-la-residencia-de-personas-mayores-y-centro-de-dia-magda-godia-de-mequinenza\/#webpage"},"isPartOf":{"@id":"https:\/\/www.museosdemequinenza.com\/ca\/josefa-novials-se-convierte-en-la-primera-residente-de-la-residencia-de-personas-mayores-y-centro-de-dia-magda-godia-de-mequinenza\/#webpage"},"articleSection":"Sin categor\u00eda"},{"@type":"BreadcrumbList","@id":"https:\/\/www.museosdemequinenza.com\/ca\/josefa-novials-se-convierte-en-la-primera-residente-de-la-residencia-de-personas-mayores-y-centro-de-dia-magda-godia-de-mequinenza\/#breadcrumblist","itemListElement":[{"@type":"ListItem","@id":"https:\/\/www.museosdemequinenza.com\/ca#listItem","position":1,"name":"Inicio","item":"https:\/\/www.museosdemequinenza.com\/ca","nextItem":{"@type":"ListItem","@id":"https:\/\/www.museosdemequinenza.com\/ca\/category\/sin-categoria-en\/#listItem","name":"Sin categor\u00eda"}},{"@type":"ListItem","@id":"https:\/\/www.museosdemequinenza.com\/ca\/category\/sin-categoria-en\/#listItem","position":2,"name":"Sin categor\u00eda","item":"https:\/\/www.museosdemequinenza.com\/ca\/category\/sin-categoria-en\/","nextItem":{"@type":"ListItem","@id":"https:\/\/www.museosdemequinenza.com\/ca\/josefa-novials-se-convierte-en-la-primera-residente-de-la-residencia-de-personas-mayores-y-centro-de-dia-magda-godia-de-mequinenza\/#listItem","name":"Josefa Novials se convierte en la primera residente de la Residencia de Personas Mayores y Centro de D\u00eda \u201cMagda Godia\u201d de Mequinenza"},"previousItem":{"@type":"ListItem","@id":"https:\/\/www.museosdemequinenza.com\/ca#listItem","name":"Inicio"}},{"@type":"ListItem","@id":"https:\/\/www.museosdemequinenza.com\/ca\/josefa-novials-se-convierte-en-la-primera-residente-de-la-residencia-de-personas-mayores-y-centro-de-dia-magda-godia-de-mequinenza\/#listItem","position":3,"name":"Josefa Novials se convierte en la primera residente de la Residencia de Personas Mayores y Centro de D\u00eda \u201cMagda Godia\u201d de Mequinenza","previousItem":{"@type":"ListItem","@id":"https:\/\/www.museosdemequinenza.com\/ca\/category\/sin-categoria-en\/#listItem","name":"Sin categor\u00eda"}}]},{"@type":"Organization","@id":"https:\/\/www.museosdemequinenza.com\/ca\/#organization","name":"Museos de Mequinenza","url":"https:\/\/www.museosdemequinenza.com\/ca\/","telephone":"+34974464705","logo":{"@type":"ImageObject","url":"https:\/\/www.museosdemequinenza.com\/wp-content\/uploads\/2021\/10\/logo.jpg","@id":"https:\/\/www.museosdemequinenza.com\/ca\/josefa-novials-se-convierte-en-la-primera-residente-de-la-residencia-de-personas-mayores-y-centro-de-dia-magda-godia-de-mequinenza\/#organizationLogo","width":400,"height":400},"image":{"@id":"https:\/\/www.museosdemequinenza.com\/ca\/josefa-novials-se-convierte-en-la-primera-residente-de-la-residencia-de-personas-mayores-y-centro-de-dia-magda-godia-de-mequinenza\/#organizationLogo"},"sameAs":["https:\/\/www.facebook.com\/MuseosdeMequinenza\/","https:\/\/twitter.com\/museomequinenza","https:\/\/instagram.com\/museosdemequinenza\/","https:\/\/www.tiktok.com\/@museosdemequinenza","https:\/\/www.youtube.com\/channel\/UC1WhAGRfn8YICkw3sNMPvsw"]},{"@type":"Person","@id":"https:\/\/www.museosdemequinenza.com\/ca\/author\/adminmusmeq\/#author","url":"https:\/\/www.museosdemequinenza.com\/ca\/author\/adminmusmeq\/"},{"@type":"WebPage","@id":"https:\/\/www.museosdemequinenza.com\/ca\/josefa-novials-se-convierte-en-la-primera-residente-de-la-residencia-de-personas-mayores-y-centro-de-dia-magda-godia-de-mequinenza\/#webpage","url":"https:\/\/www.museosdemequinenza.com\/ca\/josefa-novials-se-convierte-en-la-primera-residente-de-la-residencia-de-personas-mayores-y-centro-de-dia-magda-godia-de-mequinenza\/","name":"Josefa Novials se convierte en la primera residente de la Residencia de Personas Mayores y Centro de D\u00eda \u201cMagda Godia\u201d de Mequinenza |","description":"Su ingreso marca la puesta en marcha de un servicio largamente esperado, un equipamiento cuya construcci\u00f3n se inici\u00f3 en 2008 y que ofrecer\u00e1 atenci\u00f3n y cuidados especializados generando 50 puestos de trabajo directos. La Residencia de Personas Mayores y Centro de D\u00eda \u201cMagda Godia\u201d de Mequinenza ha recibido a su primera residente: Novials, que ha","inLanguage":"ca","isPartOf":{"@id":"https:\/\/www.museosdemequinenza.com\/ca\/#website"},"breadcrumb":{"@id":"https:\/\/www.museosdemequinenza.com\/ca\/josefa-novials-se-convierte-en-la-primera-residente-de-la-residencia-de-personas-mayores-y-centro-de-dia-magda-godia-de-mequinenza\/#breadcrumblist"},"author":{"@id":"https:\/\/www.museosdemequinenza.com\/ca\/author\/adminmusmeq\/#author"},"creator":{"@id":"https:\/\/www.museosdemequinenza.com\/ca\/author\/adminmusmeq\/#author"},"image":{"@type":"ImageObject","url":"https:\/\/www.museosdemequinenza.com\/wp-content\/uploads\/2026\/09\/IMG_9596-scaled.jpeg","@id":"https:\/\/www.museosdemequinenza.com\/ca\/josefa-novials-se-convierte-en-la-primera-residente-de-la-residencia-de-personas-mayores-y-centro-de-dia-magda-godia-de-mequinenza\/#mainImage","width":2560,"height":1707},"primaryImageOfPage":{"@id":"https:\/\/www.museosdemequinenza.com\/ca\/josefa-novials-se-convierte-en-la-primera-residente-de-la-residencia-de-personas-mayores-y-centro-de-dia-magda-godia-de-mequinenza\/#mainImage"},"datePublished":"2026-09-03T10:37:25+02:00","dateModified":"2026-09-03T10:39:30+02:00"},{"@type":"WebSite","@id":"https:\/\/www.museosdemequinenza.com\/ca\/#website","url":"https:\/\/www.museosdemequinenza.com\/ca\/","inLanguage":"ca","publisher":{"@id":"https:\/\/www.museosdemequinenza.com\/ca\/#organization"}}]},"og:locale":"ca_ES","og:site_name":"|","og:type":"article","og:title":"Josefa Novials se convierte en la primera residente de la Residencia de Personas Mayores y Centro de D\u00eda \u201cMagda Godia\u201d de Mequinenza |","og:description":"Su ingreso marca la puesta en marcha de un servicio largamente esperado, un equipamiento cuya construcci\u00f3n se inici\u00f3 en 2008 y que ofrecer\u00e1 atenci\u00f3n y cuidados especializados generando 50 puestos de trabajo directos. La Residencia de Personas Mayores y Centro de D\u00eda \u201cMagda Godia\u201d de Mequinenza ha recibido a su primera residente: Novials, que ha","og:url":"https:\/\/www.museosdemequinenza.com\/ca\/josefa-novials-se-convierte-en-la-primera-residente-de-la-residencia-de-personas-mayores-y-centro-de-dia-magda-godia-de-mequinenza\/","article:published_time":"2026-09-03T08:37:25+00:00","article:modified_time":"2026-09-03T08:39:30+00:00","article:publisher":"https:\/\/www.facebook.com\/MuseosdeMequinenza\/","twitter:card":"summary","twitter:site":"@museomequinenza","twitter:title":"Josefa Novials se convierte en la primera residente de la Residencia de Personas Mayores y Centro de D\u00eda \u201cMagda Godia\u201d de Mequinenza |","twitter:description":"Su ingreso marca la puesta en marcha de un servicio largamente esperado, un equipamiento cuya construcci\u00f3n se inici\u00f3 en 2008 y que ofrecer\u00e1 atenci\u00f3n y cuidados especializados generando 50 puestos de trabajo directos. La Residencia de Personas Mayores y Centro de D\u00eda \u201cMagda Godia\u201d de Mequinenza ha recibido a su primera residente: Novials, que ha","twitter:creator":"@museomequinenza"},"aioseo_meta_data":{"post_id":"14219","title":null,"description":null,"keywords":null,"keyphrases":{"focus":[],"additional":[]},"primary_term":null,"canonical_url":null,"og_title":null,"og_description":null,"og_object_type":"default","og_image_type":"default","og_image_url":null,"og_image_width":null,"og_image_height":null,"og_image_custom_url":null,"og_image_custom_fields":null,"og_video":"","og_custom_url":null,"og_article_section":null,"og_article_tags":null,"twitter_use_og":false,"twitter_card":"default","twitter_image_type":"default","twitter_image_url":null,"twitter_image_custom_url":null,"twitter_image_custom_fields":null,"twitter_title":null,"twitter_description":null,"schema":{"blockGraphs":[],"customGraphs":[],"default":{"data":{"Article":[],"Course":[],"Dataset":[],"FAQPage":[],"Movie":[],"Person":[],"Product":[],"ProductReview":[],"Car":[],"Recipe":[],"Service":[],"SoftwareApplication":[],"WebPage":[]},"graphName":"Article","isEnabled":true},"graphs":[]},"schema_type":"default","schema_type_options":null,"pillar_content":false,"robots_default":true,"robots_noindex":false,"robots_noarchive":false,"robots_nosnippet":false,"robots_nofollow":false,"robots_noimageindex":false,"robots_noodp":false,"robots_notranslate":false,"robots_max_snippet":"-1","robots_max_videopreview":"-1","robots_max_imagepreview":"large","priority":null,"frequency":"default","local_seo":null,"breadcrumb_settings":null,"limit_modified_date":false,"ai":{"faqs":[],"keyPoints":[],"schemas":[],"titles":[],"descriptions":[],"socialPosts":{"email":{"subject":"","preview":"","content":""},"linkedin":[],"twitter":[],"facebook":[],"instagram":[]}},"created":"2026-09-03 08:33:39","updated":"2026-09-03 10:05:43","seo_analyzer_scan_date":null,"focus_keyword":null,"additional_keywords":null,"truseo_locale":null},"aioseo_breadcrumb":"<div class=\"aioseo-breadcrumbs\"><span class=\"aioseo-breadcrumb\">\n\t\t\t<a href=\"https:\/\/www.museosdemequinenza.com\/ca\" title=\"Inicio\">Inicio<\/a>\n\t\t<\/span><span class=\"aioseo-breadcrumb-separator\">&raquo;<\/span><span class=\"aioseo-breadcrumb\">\n\t\t\t<a href=\"https:\/\/www.museosdemequinenza.com\/ca\/category\/sin-categoria-en\/\" title=\"Sin categor\u00eda\">Sin categor\u00eda<\/a>\n\t\t<\/span><span class=\"aioseo-breadcrumb-separator\">&raquo;<\/span><span class=\"aioseo-breadcrumb\">\n\t\t\tJosefa Novials se convierte en la primera residente de la Residencia de Personas Mayores y Centro de D\u00eda \u201cMagda Godia\u201d de Mequinenza\n\t\t<\/span><\/div>","aioseo_breadcrumb_json":[{"label":"Inicio","link":"https:\/\/www.museosdemequinenza.com\/ca"},{"label":"Sin categor\u00eda","link":"https:\/\/www.museosdemequinenza.com\/ca\/category\/sin-categoria-en\/"},{"label":"Josefa Novials se convierte en la primera residente de la Residencia de Personas Mayores y Centro de D\u00eda \u201cMagda Godia\u201d de Mequinenza","link":"https:\/\/www.museosdemequinenza.com\/ca\/josefa-novials-se-convierte-en-la-primera-residente-de-la-residencia-de-personas-mayores-y-centro-de-dia-magda-godia-de-mequinenza\/"}],"_links":{"self":[{"href":"https:\/\/www.museosdemequinenza.com\/ca\/wp-json\/wp\/v2\/posts\/14219","targetHints":{"allow":["GET"]}}],"collection":[{"href":"https:\/\/www.museosdemequinenza.com\/ca\/wp-json\/wp\/v2\/posts"}],"about":[{"href":"https:\/\/www.museosdemequinenza.com\/ca\/wp-json\/wp\/v2\/types\/post"}],"author":[{"embeddable":true,"href":"https:\/\/www.museosdemequinenza.com\/ca\/wp-json\/wp\/v2\/users\/1"}],"replies":[{"embeddable":true,"href":"https:\/\/www.museosdemequinenza.com\/ca\/wp-json\/wp\/v2\/comments?post=14219"}],"version-history":[{"count":4,"href":"https:\/\/www.museosdemequinenza.com\/ca\/wp-json\/wp\/v2\/posts\/14219\/revisions"}],"predecessor-version":[{"id":14226,"href":"https:\/\/www.museosdemequinenza.com\/ca\/wp-json\/wp\/v2\/posts\/14219\/revisions\/14226"}],"wp:featuredmedia":[{"embeddable":true,"href":"https:\/\/www.museosdemequinenza.com\/ca\/wp-json\/wp\/v2\/media\/14222"}],"wp:attachment":[{"href":"https:\/\/www.museosdemequinenza.com\/ca\/wp-json\/wp\/v2\/media?parent=14219"}],"wp:term":[{"taxonomy":"category","embeddable":true,"href":"https:\/\/www.museosdemequinenza.com\/ca\/wp-json\/wp\/v2\/categories?post=14219"},{"taxonomy":"post_tag","embeddable":true,"href":"https:\/\/www.museosdemequinenza.com\/ca\/wp-json\/wp\/v2\/tags?post=14219"}],"curies":[{"name":"wp","href":"https:\/\/api.w.org\/{rel}","templated":true}]}}