{"id":14212,"date":"2026-09-01T17:01:33","date_gmt":"2026-09-01T15:01:33","guid":{"rendered":"https:\/\/www.museosdemequinenza.com\/?p=14212"},"modified":"2026-09-01T17:06:27","modified_gmt":"2026-09-01T15:06:27","slug":"la-residencia-de-personas-mayores-y-centro-de-dia-magda-godia-de-mequinenza-recibe-a-sus-primeros-residentes","status":"publish","type":"post","link":"https:\/\/www.museosdemequinenza.com\/ca\/la-residencia-de-personas-mayores-y-centro-de-dia-magda-godia-de-mequinenza-recibe-a-sus-primeros-residentes\/","title":{"rendered":"La Residencia de Personas Mayores y Centro de D\u00eda \u201cMagda Godia\u201d de Mequinenza recibe a sus primeros residentes"},"content":{"rendered":"<div data-elementor-type=\"wp-post\" data-elementor-id=\"14212\" class=\"elementor elementor-14212\">\n\t\t\t\t\t\t<section class=\"elementor-section elementor-top-section elementor-element elementor-element-1d2d2cf elementor-section-boxed elementor-section-height-default elementor-section-height-default\" data-id=\"1d2d2cf\" data-element_type=\"section\" data-e-type=\"section\">\n\t\t\t\t\t\t<div class=\"elementor-container elementor-column-gap-default\">\n\t\t\t\t\t<div class=\"elementor-column elementor-col-100 elementor-top-column elementor-element elementor-element-bbffc06\" data-id=\"bbffc06\" data-element_type=\"column\" data-e-type=\"column\">\n\t\t\t<div class=\"elementor-widget-wrap elementor-element-populated\">\n\t\t\t\t\t\t<div class=\"elementor-element elementor-element-f3dd5cc elementor-widget elementor-widget-image\" data-id=\"f3dd5cc\" data-element_type=\"widget\" data-e-type=\"widget\" data-widget_type=\"image.default\">\n\t\t\t\t<div class=\"elementor-widget-container\">\n\t\t\t\t\t\t\t\t\t\t\t\t\t\t\t<img fetchpriority=\"high\" decoding=\"async\" width=\"1140\" height=\"380\" src=\"https:\/\/www.museosdemequinenza.com\/wp-content\/uploads\/2026\/09\/IMG_9283-1140x380.jpg\" class=\"attachment-column1-1\/3 size-column1-1\/3 wp-image-14213\" alt=\"\" srcset=\"https:\/\/www.museosdemequinenza.com\/wp-content\/uploads\/2026\/09\/IMG_9283-1140x380.jpg 1140w, https:\/\/www.museosdemequinenza.com\/wp-content\/uploads\/2026\/09\/IMG_9283-380x127.jpg 380w\" sizes=\"(max-width: 1140px) 100vw, 1140px\" \/>\t\t\t\t\t\t\t\t\t\t\t\t\t\t\t<\/div>\n\t\t\t\t<\/div>\n\t\t\t\t<div class=\"elementor-element elementor-element-e6b1542 elementor-widget elementor-widget-text-editor\" data-id=\"e6b1542\" data-element_type=\"widget\" data-e-type=\"widget\" data-widget_type=\"text-editor.default\">\n\t\t\t\t<div class=\"elementor-widget-container\">\n\t\t\t\t\t\t\t\t\t<p><strong>Diez personas pasar\u00e1n a residir en el centro desde el 2 de septiembre y ya se est\u00e1n tramitando hasta diez solicitudes m\u00e1s de plaza de vecinos de distintos municipios del Bajo Cinca.<\/strong><\/p>\t\t\t\t\t\t\t\t<\/div>\n\t\t\t\t<\/div>\n\t\t\t\t<div class=\"elementor-element elementor-element-d55b184 elementor-widget elementor-widget-text-editor\" data-id=\"d55b184\" data-element_type=\"widget\" data-e-type=\"widget\" data-widget_type=\"text-editor.default\">\n\t\t\t\t<div class=\"elementor-widget-container\">\n\t\t\t\t\t\t\t\t\t<p>La Residencia de Personas Mayores y Centro de D\u00eda \u201cMagda Godia\u201d de Mequinenza iniciar\u00e1 esta semana su actividad con la llegada de los primeros residentes, un proceso que se desarrollar\u00e1 de forma progresiva para permitir la puesta en marcha ordenada del servicio y garantizar desde el inicio la calidad de la atenci\u00f3n y de los cuidados.<\/p>\n<p>Los primeros diez residentes pasar\u00e1n a vivir en el centro a partir del pr\u00f3ximo 2 de septiembre, lo har\u00e1n de manera escalonada, mientras que los primeros usuarios del Centro de D\u00eda tendr\u00e1n que esperar hasta finales del mes de octubre. Posteriormente, se ir\u00e1n incorporando nuevos residentes hasta completar progresivamente la ocupaci\u00f3n del centro.<\/p>\n<p>Adem\u00e1s de estos diez primeros usuarios se est\u00e1 tramitando una decena de solicitudes de plaza adicionales tanto residenciales como de centro de d\u00eda, procedentes de diferentes municipios del Bajo Cinca. Estas personas podr\u00e1n acceder a las plazas disponibles conforme avance el proceso de puesta en marcha y admisi\u00f3n.<\/p>\n<p>La incorporaci\u00f3n paulatina de los usuarios responde a la necesidad de poner en funcionamiento un servicio asistencial de estas caracter\u00edsticas de forma gradual, permitiendo al equipo profesional y a la entidad gestora adaptar los protocolos, la organizaci\u00f3n y la atenci\u00f3n a las necesidades de los residentes.<\/p>\n<p>La Residencia de Personas Mayores y Centro de D\u00eda \u201cMagda Godia\u201d dispone de 78 plazas residenciales y 39 de centro de d\u00eda, y cuenta con 38 habitaciones individuales y 20 dobles, todas ellas con ba\u00f1o, adem\u00e1s de espacios destinados a rehabilitaci\u00f3n, atenci\u00f3n sanitaria, comedor, biblioteca y zonas de convivencia.<\/p>\n<p>La gesti\u00f3n del centro ha sido adjudicada a la Fundaci\u00f3n Rey Ardid por un periodo inicial de cinco a\u00f1os, prorrogable por otros dos. La entidad cuenta con m\u00e1s de tres d\u00e9cadas de experiencia en la gesti\u00f3n de residencias de personas mayores y actualmente gestiona 17 centros residenciales, adem\u00e1s de centros de d\u00eda y servicios de atenci\u00f3n domiciliaria. Su modelo asistencial se basa en una atenci\u00f3n integral y centrada en la persona, con programas orientados a mantener la autonom\u00eda y adaptar los cuidados a las necesidades, preferencias y h\u00e1bitos de cada residente.<\/p>\n<p><strong>Un proyecto iniciado en 2008 y ejecutado en dos fases<\/strong><\/p><p>La apertura del equipamiento culmina un proyecto iniciado en 2008 y desarrollado en dos fases, con una inversi\u00f3n global de 8.760.100,74 euros. La primera fase se ejecut\u00f3 entre 2008 y 2011 y supuso una inversi\u00f3n de 739.768,80 euros, financiada por el Gobierno de Arag\u00f3n a trav\u00e9s del Fondo de Cohesi\u00f3n Comarcal. Estos trabajos incluyeron la redacci\u00f3n del proyecto, los trabajos previos, el movimiento de tierras y la construcci\u00f3n de la estructura del edificio.<\/p>\n<p>Tras la paralizaci\u00f3n de las obras durante alrededor de una d\u00e9cada por falta de financiaci\u00f3n, el proyecto se retom\u00f3 en 2021 y las obras de la segunda fase comenzaron posteriormente, con una inversi\u00f3n de 8.020.331,94 euros. Esta actuaci\u00f3n permiti\u00f3 completar la construcci\u00f3n del edificio, su equipamiento y la adecuaci\u00f3n del entorno.<\/p>\n<p>La financiaci\u00f3n de esta segunda fase ha procedido principalmente del Plan MINER, con alrededor de 5,3 millones de euros aportados a trav\u00e9s del Instituto para la Transici\u00f3n Justa y el Gobierno de Arag\u00f3n, a los que se suman m\u00e1s de dos millones de euros de fondos propios aportados por el Ayuntamiento de Mequinenza y 728.000 euros de la Diputaci\u00f3n Provincial de Zaragoza.<\/p>\n<p>Con la apertura de la &nbsp;Residencia de Personas Mayores y Centro de D\u00eda \u201cMagda Godia\u201d, Mequinenza incorpora un nuevo recurso asistencial para las personas mayores que dar\u00e1 servicio tanto al municipio como a otras localidades lim\u00edtrofes tanto del Bajo Cinca como de otras comarcas permitiendo a sus usuarios recibir atenci\u00f3n especializada en un entorno pr\u00f3ximo a sus familias y lugar de residencia habitual.<\/p>\t\t\t\t\t\t\t\t<\/div>\n\t\t\t\t<\/div>\n\t\t\t\t\t<\/div>\n\t\t<\/div>\n\t\t\t\t\t<\/div>\n\t\t<\/section>\n\t\t\t\t<\/div>","protected":false},"excerpt":{"rendered":"<p>Diez personas pasar\u00e1n a residir en el centro desde el 2 de septiembre y ya se est\u00e1n tramitando hasta diez solicitudes m\u00e1s de plaza de vecinos de distintos municipios del Bajo Cinca. La Residencia de Personas Mayores y Centro de D\u00eda \u201cMagda Godia\u201d de Mequinenza iniciar\u00e1 esta semana su actividad con la llegada de los<\/p>\n<p><a href=\"https:\/\/www.museosdemequinenza.com\/ca\/la-residencia-de-personas-mayores-y-centro-de-dia-magda-godia-de-mequinenza-recibe-a-sus-primeros-residentes\/\" class=\"more-link themebutton\">Read More<\/a><\/p>","protected":false},"author":1,"featured_media":14213,"comment_status":"closed","ping_status":"closed","sticky":false,"template":"","format":"standard","meta":{"_monsterinsights_skip_tracking":false,"_monsterinsights_sitenote_active":false,"_monsterinsights_sitenote_note":"","_monsterinsights_sitenote_category":0,"footnotes":""},"categories":[18],"tags":[],"class_list":["post-14212","post","type-post","status-publish","format-standard","has-post-thumbnail","hentry","category-sin-categoria-en"],"aioseo_notices":[],"aioseo_head":"\n\t\t<!-- All in One SEO 5.0.1.1 - aioseo.com -->\n\t<meta name=\"description\" content=\"Diez personas pasar\u00e1n a residir en el centro desde el 2 de septiembre y ya se est\u00e1n tramitando hasta diez solicitudes m\u00e1s de plaza de vecinos de distintos municipios del Bajo Cinca. La Residencia de Personas Mayores y Centro de D\u00eda \u201cMagda Godia\u201d de Mequinenza iniciar\u00e1 esta semana su actividad con la llegada de los\" \/>\n\t<meta name=\"robots\" content=\"max-image-preview:large\" \/>\n\t<link rel=\"canonical\" href=\"https:\/\/www.museosdemequinenza.com\/ca\/la-residencia-de-personas-mayores-y-centro-de-dia-magda-godia-de-mequinenza-recibe-a-sus-primeros-residentes\/\" \/>\n\t<meta name=\"generator\" content=\"All in One SEO (AIOSEO) 5.0.1.1\" \/>\n\t\t<meta property=\"og:locale\" content=\"ca_ES\" \/>\n\t\t<meta property=\"og:site_name\" content=\"|\" \/>\n\t\t<meta property=\"og:type\" content=\"article\" \/>\n\t\t<meta property=\"og:title\" content=\"La Residencia de Personas Mayores y Centro de D\u00eda \u201cMagda Godia\u201d de Mequinenza recibe a sus primeros residentes |\" \/>\n\t\t<meta property=\"og:description\" content=\"Diez personas pasar\u00e1n a residir en el centro desde el 2 de septiembre y ya se est\u00e1n tramitando hasta diez solicitudes m\u00e1s de plaza de vecinos de distintos municipios del Bajo Cinca. La Residencia de Personas Mayores y Centro de D\u00eda \u201cMagda Godia\u201d de Mequinenza iniciar\u00e1 esta semana su actividad con la llegada de los\" \/>\n\t\t<meta property=\"og:url\" content=\"https:\/\/www.museosdemequinenza.com\/ca\/la-residencia-de-personas-mayores-y-centro-de-dia-magda-godia-de-mequinenza-recibe-a-sus-primeros-residentes\/\" \/>\n\t\t<meta property=\"article:published_time\" content=\"2026-09-01T15:01:33+00:00\" \/>\n\t\t<meta property=\"article:modified_time\" content=\"2026-09-01T15:06:27+00:00\" \/>\n\t\t<meta property=\"article:publisher\" content=\"https:\/\/www.facebook.com\/MuseosdeMequinenza\/\" \/>\n\t\t<meta name=\"twitter:card\" content=\"summary\" \/>\n\t\t<meta name=\"twitter:site\" content=\"@museomequinenza\" \/>\n\t\t<meta name=\"twitter:title\" content=\"La Residencia de Personas Mayores y Centro de D\u00eda \u201cMagda Godia\u201d de Mequinenza recibe a sus primeros residentes |\" \/>\n\t\t<meta name=\"twitter:description\" content=\"Diez personas pasar\u00e1n a residir en el centro desde el 2 de septiembre y ya se est\u00e1n tramitando hasta diez solicitudes m\u00e1s de plaza de vecinos de distintos municipios del Bajo Cinca. La Residencia de Personas Mayores y Centro de D\u00eda \u201cMagda Godia\u201d de Mequinenza iniciar\u00e1 esta semana su actividad con la llegada de los\" \/>\n\t\t<meta name=\"twitter:creator\" content=\"@museomequinenza\" \/>\n\t\t<script type=\"application\/ld+json\" class=\"aioseo-schema\">\n\t\t\t{\"@context\":\"https:\\\/\\\/schema.org\",\"@graph\":[{\"@type\":\"Article\",\"@id\":\"https:\\\/\\\/www.museosdemequinenza.com\\\/ca\\\/la-residencia-de-personas-mayores-y-centro-de-dia-magda-godia-de-mequinenza-recibe-a-sus-primeros-residentes\\\/#article\",\"name\":\"La Residencia de Personas Mayores y Centro de D\\u00eda \\u201cMagda Godia\\u201d de Mequinenza recibe a sus primeros residentes |\",\"headline\":\"La Residencia de Personas Mayores y Centro de D\\u00eda \\u201cMagda Godia\\u201d de Mequinenza recibe a sus primeros residentes\",\"author\":{\"@id\":\"https:\\\/\\\/www.museosdemequinenza.com\\\/ca\\\/author\\\/adminmusmeq\\\/#author\"},\"publisher\":{\"@id\":\"https:\\\/\\\/www.museosdemequinenza.com\\\/ca\\\/#organization\"},\"image\":{\"@type\":\"ImageObject\",\"url\":\"https:\\\/\\\/www.museosdemequinenza.com\\\/wp-content\\\/uploads\\\/2026\\\/09\\\/IMG_9283-scaled.jpg\",\"width\":2560,\"height\":1707},\"datePublished\":\"2026-09-01T17:01:33+02:00\",\"dateModified\":\"2026-09-01T17:06:27+02:00\",\"inLanguage\":\"ca\",\"mainEntityOfPage\":{\"@id\":\"https:\\\/\\\/www.museosdemequinenza.com\\\/ca\\\/la-residencia-de-personas-mayores-y-centro-de-dia-magda-godia-de-mequinenza-recibe-a-sus-primeros-residentes\\\/#webpage\"},\"isPartOf\":{\"@id\":\"https:\\\/\\\/www.museosdemequinenza.com\\\/ca\\\/la-residencia-de-personas-mayores-y-centro-de-dia-magda-godia-de-mequinenza-recibe-a-sus-primeros-residentes\\\/#webpage\"},\"articleSection\":\"Sin categor\\u00eda\"},{\"@type\":\"BreadcrumbList\",\"@id\":\"https:\\\/\\\/www.museosdemequinenza.com\\\/ca\\\/la-residencia-de-personas-mayores-y-centro-de-dia-magda-godia-de-mequinenza-recibe-a-sus-primeros-residentes\\\/#breadcrumblist\",\"itemListElement\":[{\"@type\":\"ListItem\",\"@id\":\"https:\\\/\\\/www.museosdemequinenza.com\\\/ca#listItem\",\"position\":1,\"name\":\"Inicio\",\"item\":\"https:\\\/\\\/www.museosdemequinenza.com\\\/ca\",\"nextItem\":{\"@type\":\"ListItem\",\"@id\":\"https:\\\/\\\/www.museosdemequinenza.com\\\/ca\\\/category\\\/sin-categoria-en\\\/#listItem\",\"name\":\"Sin categor\\u00eda\"}},{\"@type\":\"ListItem\",\"@id\":\"https:\\\/\\\/www.museosdemequinenza.com\\\/ca\\\/category\\\/sin-categoria-en\\\/#listItem\",\"position\":2,\"name\":\"Sin categor\\u00eda\",\"item\":\"https:\\\/\\\/www.museosdemequinenza.com\\\/ca\\\/category\\\/sin-categoria-en\\\/\",\"nextItem\":{\"@type\":\"ListItem\",\"@id\":\"https:\\\/\\\/www.museosdemequinenza.com\\\/ca\\\/la-residencia-de-personas-mayores-y-centro-de-dia-magda-godia-de-mequinenza-recibe-a-sus-primeros-residentes\\\/#listItem\",\"name\":\"La Residencia de Personas Mayores y Centro de D\\u00eda \\u201cMagda Godia\\u201d de Mequinenza recibe a sus primeros residentes\"},\"previousItem\":{\"@type\":\"ListItem\",\"@id\":\"https:\\\/\\\/www.museosdemequinenza.com\\\/ca#listItem\",\"name\":\"Inicio\"}},{\"@type\":\"ListItem\",\"@id\":\"https:\\\/\\\/www.museosdemequinenza.com\\\/ca\\\/la-residencia-de-personas-mayores-y-centro-de-dia-magda-godia-de-mequinenza-recibe-a-sus-primeros-residentes\\\/#listItem\",\"position\":3,\"name\":\"La Residencia de Personas Mayores y Centro de D\\u00eda \\u201cMagda Godia\\u201d de Mequinenza recibe a sus primeros residentes\",\"previousItem\":{\"@type\":\"ListItem\",\"@id\":\"https:\\\/\\\/www.museosdemequinenza.com\\\/ca\\\/category\\\/sin-categoria-en\\\/#listItem\",\"name\":\"Sin categor\\u00eda\"}}]},{\"@type\":\"Organization\",\"@id\":\"https:\\\/\\\/www.museosdemequinenza.com\\\/ca\\\/#organization\",\"name\":\"Museos de Mequinenza\",\"url\":\"https:\\\/\\\/www.museosdemequinenza.com\\\/ca\\\/\",\"telephone\":\"+34974464705\",\"logo\":{\"@type\":\"ImageObject\",\"url\":\"https:\\\/\\\/www.museosdemequinenza.com\\\/wp-content\\\/uploads\\\/2021\\\/10\\\/logo.jpg\",\"@id\":\"https:\\\/\\\/www.museosdemequinenza.com\\\/ca\\\/la-residencia-de-personas-mayores-y-centro-de-dia-magda-godia-de-mequinenza-recibe-a-sus-primeros-residentes\\\/#organizationLogo\",\"width\":400,\"height\":400},\"image\":{\"@id\":\"https:\\\/\\\/www.museosdemequinenza.com\\\/ca\\\/la-residencia-de-personas-mayores-y-centro-de-dia-magda-godia-de-mequinenza-recibe-a-sus-primeros-residentes\\\/#organizationLogo\"},\"sameAs\":[\"https:\\\/\\\/www.facebook.com\\\/MuseosdeMequinenza\\\/\",\"https:\\\/\\\/twitter.com\\\/museomequinenza\",\"https:\\\/\\\/instagram.com\\\/museosdemequinenza\\\/\",\"https:\\\/\\\/www.tiktok.com\\\/@museosdemequinenza\",\"https:\\\/\\\/www.youtube.com\\\/channel\\\/UC1WhAGRfn8YICkw3sNMPvsw\"]},{\"@type\":\"Person\",\"@id\":\"https:\\\/\\\/www.museosdemequinenza.com\\\/ca\\\/author\\\/adminmusmeq\\\/#author\",\"url\":\"https:\\\/\\\/www.museosdemequinenza.com\\\/ca\\\/author\\\/adminmusmeq\\\/\"},{\"@type\":\"WebPage\",\"@id\":\"https:\\\/\\\/www.museosdemequinenza.com\\\/ca\\\/la-residencia-de-personas-mayores-y-centro-de-dia-magda-godia-de-mequinenza-recibe-a-sus-primeros-residentes\\\/#webpage\",\"url\":\"https:\\\/\\\/www.museosdemequinenza.com\\\/ca\\\/la-residencia-de-personas-mayores-y-centro-de-dia-magda-godia-de-mequinenza-recibe-a-sus-primeros-residentes\\\/\",\"name\":\"La Residencia de Personas Mayores y Centro de D\\u00eda \\u201cMagda Godia\\u201d de Mequinenza recibe a sus primeros residentes |\",\"description\":\"Diez personas pasar\\u00e1n a residir en el centro desde el 2 de septiembre y ya se est\\u00e1n tramitando hasta diez solicitudes m\\u00e1s de plaza de vecinos de distintos municipios del Bajo Cinca. La Residencia de Personas Mayores y Centro de D\\u00eda \\u201cMagda Godia\\u201d de Mequinenza iniciar\\u00e1 esta semana su actividad con la llegada de los\",\"inLanguage\":\"ca\",\"isPartOf\":{\"@id\":\"https:\\\/\\\/www.museosdemequinenza.com\\\/ca\\\/#website\"},\"breadcrumb\":{\"@id\":\"https:\\\/\\\/www.museosdemequinenza.com\\\/ca\\\/la-residencia-de-personas-mayores-y-centro-de-dia-magda-godia-de-mequinenza-recibe-a-sus-primeros-residentes\\\/#breadcrumblist\"},\"author\":{\"@id\":\"https:\\\/\\\/www.museosdemequinenza.com\\\/ca\\\/author\\\/adminmusmeq\\\/#author\"},\"creator\":{\"@id\":\"https:\\\/\\\/www.museosdemequinenza.com\\\/ca\\\/author\\\/adminmusmeq\\\/#author\"},\"image\":{\"@type\":\"ImageObject\",\"url\":\"https:\\\/\\\/www.museosdemequinenza.com\\\/wp-content\\\/uploads\\\/2026\\\/09\\\/IMG_9283-scaled.jpg\",\"@id\":\"https:\\\/\\\/www.museosdemequinenza.com\\\/ca\\\/la-residencia-de-personas-mayores-y-centro-de-dia-magda-godia-de-mequinenza-recibe-a-sus-primeros-residentes\\\/#mainImage\",\"width\":2560,\"height\":1707},\"primaryImageOfPage\":{\"@id\":\"https:\\\/\\\/www.museosdemequinenza.com\\\/ca\\\/la-residencia-de-personas-mayores-y-centro-de-dia-magda-godia-de-mequinenza-recibe-a-sus-primeros-residentes\\\/#mainImage\"},\"datePublished\":\"2026-09-01T17:01:33+02:00\",\"dateModified\":\"2026-09-01T17:06:27+02:00\"},{\"@type\":\"WebSite\",\"@id\":\"https:\\\/\\\/www.museosdemequinenza.com\\\/ca\\\/#website\",\"url\":\"https:\\\/\\\/www.museosdemequinenza.com\\\/ca\\\/\",\"inLanguage\":\"ca\",\"publisher\":{\"@id\":\"https:\\\/\\\/www.museosdemequinenza.com\\\/ca\\\/#organization\"}}]}\n\t\t<\/script>\n\t\t<!-- All in One SEO -->\n\n","aioseo_head_json":{"title":"La Residencia de Personas Mayores y Centro de D\u00eda \u201cMagda Godia\u201d de Mequinenza recibe a sus primeros residentes |","description":"Diez personas pasar\u00e1n a residir en el centro desde el 2 de septiembre y ya se est\u00e1n tramitando hasta diez solicitudes m\u00e1s de plaza de vecinos de distintos municipios del Bajo Cinca. La Residencia de Personas Mayores y Centro de D\u00eda \u201cMagda Godia\u201d de Mequinenza iniciar\u00e1 esta semana su actividad con la llegada de los","canonical_url":"https:\/\/www.museosdemequinenza.com\/ca\/la-residencia-de-personas-mayores-y-centro-de-dia-magda-godia-de-mequinenza-recibe-a-sus-primeros-residentes\/","robots":"max-image-preview:large","keywords":"","webmasterTools":{"miscellaneous":""},"schema":{"@context":"https:\/\/schema.org","@graph":[{"@type":"Article","@id":"https:\/\/www.museosdemequinenza.com\/ca\/la-residencia-de-personas-mayores-y-centro-de-dia-magda-godia-de-mequinenza-recibe-a-sus-primeros-residentes\/#article","name":"La Residencia de Personas Mayores y Centro de D\u00eda \u201cMagda Godia\u201d de Mequinenza recibe a sus primeros residentes |","headline":"La Residencia de Personas Mayores y Centro de D\u00eda \u201cMagda Godia\u201d de Mequinenza recibe a sus primeros residentes","author":{"@id":"https:\/\/www.museosdemequinenza.com\/ca\/author\/adminmusmeq\/#author"},"publisher":{"@id":"https:\/\/www.museosdemequinenza.com\/ca\/#organization"},"image":{"@type":"ImageObject","url":"https:\/\/www.museosdemequinenza.com\/wp-content\/uploads\/2026\/09\/IMG_9283-scaled.jpg","width":2560,"height":1707},"datePublished":"2026-09-01T17:01:33+02:00","dateModified":"2026-09-01T17:06:27+02:00","inLanguage":"ca","mainEntityOfPage":{"@id":"https:\/\/www.museosdemequinenza.com\/ca\/la-residencia-de-personas-mayores-y-centro-de-dia-magda-godia-de-mequinenza-recibe-a-sus-primeros-residentes\/#webpage"},"isPartOf":{"@id":"https:\/\/www.museosdemequinenza.com\/ca\/la-residencia-de-personas-mayores-y-centro-de-dia-magda-godia-de-mequinenza-recibe-a-sus-primeros-residentes\/#webpage"},"articleSection":"Sin categor\u00eda"},{"@type":"BreadcrumbList","@id":"https:\/\/www.museosdemequinenza.com\/ca\/la-residencia-de-personas-mayores-y-centro-de-dia-magda-godia-de-mequinenza-recibe-a-sus-primeros-residentes\/#breadcrumblist","itemListElement":[{"@type":"ListItem","@id":"https:\/\/www.museosdemequinenza.com\/ca#listItem","position":1,"name":"Inicio","item":"https:\/\/www.museosdemequinenza.com\/ca","nextItem":{"@type":"ListItem","@id":"https:\/\/www.museosdemequinenza.com\/ca\/category\/sin-categoria-en\/#listItem","name":"Sin categor\u00eda"}},{"@type":"ListItem","@id":"https:\/\/www.museosdemequinenza.com\/ca\/category\/sin-categoria-en\/#listItem","position":2,"name":"Sin categor\u00eda","item":"https:\/\/www.museosdemequinenza.com\/ca\/category\/sin-categoria-en\/","nextItem":{"@type":"ListItem","@id":"https:\/\/www.museosdemequinenza.com\/ca\/la-residencia-de-personas-mayores-y-centro-de-dia-magda-godia-de-mequinenza-recibe-a-sus-primeros-residentes\/#listItem","name":"La Residencia de Personas Mayores y Centro de D\u00eda \u201cMagda Godia\u201d de Mequinenza recibe a sus primeros residentes"},"previousItem":{"@type":"ListItem","@id":"https:\/\/www.museosdemequinenza.com\/ca#listItem","name":"Inicio"}},{"@type":"ListItem","@id":"https:\/\/www.museosdemequinenza.com\/ca\/la-residencia-de-personas-mayores-y-centro-de-dia-magda-godia-de-mequinenza-recibe-a-sus-primeros-residentes\/#listItem","position":3,"name":"La Residencia de Personas Mayores y Centro de D\u00eda \u201cMagda Godia\u201d de Mequinenza recibe a sus primeros residentes","previousItem":{"@type":"ListItem","@id":"https:\/\/www.museosdemequinenza.com\/ca\/category\/sin-categoria-en\/#listItem","name":"Sin categor\u00eda"}}]},{"@type":"Organization","@id":"https:\/\/www.museosdemequinenza.com\/ca\/#organization","name":"Museos de Mequinenza","url":"https:\/\/www.museosdemequinenza.com\/ca\/","telephone":"+34974464705","logo":{"@type":"ImageObject","url":"https:\/\/www.museosdemequinenza.com\/wp-content\/uploads\/2021\/10\/logo.jpg","@id":"https:\/\/www.museosdemequinenza.com\/ca\/la-residencia-de-personas-mayores-y-centro-de-dia-magda-godia-de-mequinenza-recibe-a-sus-primeros-residentes\/#organizationLogo","width":400,"height":400},"image":{"@id":"https:\/\/www.museosdemequinenza.com\/ca\/la-residencia-de-personas-mayores-y-centro-de-dia-magda-godia-de-mequinenza-recibe-a-sus-primeros-residentes\/#organizationLogo"},"sameAs":["https:\/\/www.facebook.com\/MuseosdeMequinenza\/","https:\/\/twitter.com\/museomequinenza","https:\/\/instagram.com\/museosdemequinenza\/","https:\/\/www.tiktok.com\/@museosdemequinenza","https:\/\/www.youtube.com\/channel\/UC1WhAGRfn8YICkw3sNMPvsw"]},{"@type":"Person","@id":"https:\/\/www.museosdemequinenza.com\/ca\/author\/adminmusmeq\/#author","url":"https:\/\/www.museosdemequinenza.com\/ca\/author\/adminmusmeq\/"},{"@type":"WebPage","@id":"https:\/\/www.museosdemequinenza.com\/ca\/la-residencia-de-personas-mayores-y-centro-de-dia-magda-godia-de-mequinenza-recibe-a-sus-primeros-residentes\/#webpage","url":"https:\/\/www.museosdemequinenza.com\/ca\/la-residencia-de-personas-mayores-y-centro-de-dia-magda-godia-de-mequinenza-recibe-a-sus-primeros-residentes\/","name":"La Residencia de Personas Mayores y Centro de D\u00eda \u201cMagda Godia\u201d de Mequinenza recibe a sus primeros residentes |","description":"Diez personas pasar\u00e1n a residir en el centro desde el 2 de septiembre y ya se est\u00e1n tramitando hasta diez solicitudes m\u00e1s de plaza de vecinos de distintos municipios del Bajo Cinca. La Residencia de Personas Mayores y Centro de D\u00eda \u201cMagda Godia\u201d de Mequinenza iniciar\u00e1 esta semana su actividad con la llegada de los","inLanguage":"ca","isPartOf":{"@id":"https:\/\/www.museosdemequinenza.com\/ca\/#website"},"breadcrumb":{"@id":"https:\/\/www.museosdemequinenza.com\/ca\/la-residencia-de-personas-mayores-y-centro-de-dia-magda-godia-de-mequinenza-recibe-a-sus-primeros-residentes\/#breadcrumblist"},"author":{"@id":"https:\/\/www.museosdemequinenza.com\/ca\/author\/adminmusmeq\/#author"},"creator":{"@id":"https:\/\/www.museosdemequinenza.com\/ca\/author\/adminmusmeq\/#author"},"image":{"@type":"ImageObject","url":"https:\/\/www.museosdemequinenza.com\/wp-content\/uploads\/2026\/09\/IMG_9283-scaled.jpg","@id":"https:\/\/www.museosdemequinenza.com\/ca\/la-residencia-de-personas-mayores-y-centro-de-dia-magda-godia-de-mequinenza-recibe-a-sus-primeros-residentes\/#mainImage","width":2560,"height":1707},"primaryImageOfPage":{"@id":"https:\/\/www.museosdemequinenza.com\/ca\/la-residencia-de-personas-mayores-y-centro-de-dia-magda-godia-de-mequinenza-recibe-a-sus-primeros-residentes\/#mainImage"},"datePublished":"2026-09-01T17:01:33+02:00","dateModified":"2026-09-01T17:06:27+02:00"},{"@type":"WebSite","@id":"https:\/\/www.museosdemequinenza.com\/ca\/#website","url":"https:\/\/www.museosdemequinenza.com\/ca\/","inLanguage":"ca","publisher":{"@id":"https:\/\/www.museosdemequinenza.com\/ca\/#organization"}}]},"og:locale":"ca_ES","og:site_name":"|","og:type":"article","og:title":"La Residencia de Personas Mayores y Centro de D\u00eda \u201cMagda Godia\u201d de Mequinenza recibe a sus primeros residentes |","og:description":"Diez personas pasar\u00e1n a residir en el centro desde el 2 de septiembre y ya se est\u00e1n tramitando hasta diez solicitudes m\u00e1s de plaza de vecinos de distintos municipios del Bajo Cinca. La Residencia de Personas Mayores y Centro de D\u00eda \u201cMagda Godia\u201d de Mequinenza iniciar\u00e1 esta semana su actividad con la llegada de los","og:url":"https:\/\/www.museosdemequinenza.com\/ca\/la-residencia-de-personas-mayores-y-centro-de-dia-magda-godia-de-mequinenza-recibe-a-sus-primeros-residentes\/","article:published_time":"2026-09-01T15:01:33+00:00","article:modified_time":"2026-09-01T15:06:27+00:00","article:publisher":"https:\/\/www.facebook.com\/MuseosdeMequinenza\/","twitter:card":"summary","twitter:site":"@museomequinenza","twitter:title":"La Residencia de Personas Mayores y Centro de D\u00eda \u201cMagda Godia\u201d de Mequinenza recibe a sus primeros residentes |","twitter:description":"Diez personas pasar\u00e1n a residir en el centro desde el 2 de septiembre y ya se est\u00e1n tramitando hasta diez solicitudes m\u00e1s de plaza de vecinos de distintos municipios del Bajo Cinca. La Residencia de Personas Mayores y Centro de D\u00eda \u201cMagda Godia\u201d de Mequinenza iniciar\u00e1 esta semana su actividad con la llegada de los","twitter:creator":"@museomequinenza"},"aioseo_meta_data":{"post_id":"14212","title":null,"description":null,"keywords":null,"keyphrases":{"focus":{"keyphrase":"","score":0,"analysis":{"keyphraseInTitle":{"score":0,"maxScore":9,"error":1}}},"additional":[]},"primary_term":null,"canonical_url":null,"og_title":null,"og_description":null,"og_object_type":"default","og_image_type":"default","og_image_url":null,"og_image_width":null,"og_image_height":null,"og_image_custom_url":null,"og_image_custom_fields":null,"og_video":"","og_custom_url":null,"og_article_section":null,"og_article_tags":null,"twitter_use_og":false,"twitter_card":"default","twitter_image_type":"default","twitter_image_url":null,"twitter_image_custom_url":null,"twitter_image_custom_fields":null,"twitter_title":null,"twitter_description":null,"schema":{"blockGraphs":[],"customGraphs":[],"default":{"data":{"Article":[],"Course":[],"Dataset":[],"FAQPage":[],"Movie":[],"Person":[],"Product":[],"ProductReview":[],"Car":[],"Recipe":[],"Service":[],"SoftwareApplication":[],"WebPage":[]},"graphName":"Article","isEnabled":true},"graphs":[]},"schema_type":"default","schema_type_options":null,"pillar_content":false,"robots_default":true,"robots_noindex":false,"robots_noarchive":false,"robots_nosnippet":false,"robots_nofollow":false,"robots_noimageindex":false,"robots_noodp":false,"robots_notranslate":false,"robots_max_snippet":"-1","robots_max_videopreview":"-1","robots_max_imagepreview":"large","priority":null,"frequency":"default","local_seo":null,"breadcrumb_settings":null,"limit_modified_date":false,"ai":{"faqs":[],"keyPoints":[],"schemas":[],"titles":[],"descriptions":[],"socialPosts":{"email":{"subject":"","preview":"","content":""},"linkedin":[],"twitter":[],"facebook":[],"instagram":[]}},"created":"2026-09-01 14:48:08","updated":"2026-09-01 17:23:51","seo_analyzer_scan_date":null,"focus_keyword":null,"additional_keywords":null,"truseo_locale":null},"aioseo_breadcrumb":"<div class=\"aioseo-breadcrumbs\"><span class=\"aioseo-breadcrumb\">\n\t\t\t<a href=\"https:\/\/www.museosdemequinenza.com\/ca\" title=\"Inicio\">Inicio<\/a>\n\t\t<\/span><span class=\"aioseo-breadcrumb-separator\">&raquo;<\/span><span class=\"aioseo-breadcrumb\">\n\t\t\t<a href=\"https:\/\/www.museosdemequinenza.com\/ca\/category\/sin-categoria-en\/\" title=\"Sin categor\u00eda\">Sin categor\u00eda<\/a>\n\t\t<\/span><span class=\"aioseo-breadcrumb-separator\">&raquo;<\/span><span class=\"aioseo-breadcrumb\">\n\t\t\tLa Residencia de Personas Mayores y Centro de D\u00eda \u201cMagda Godia\u201d de Mequinenza recibe a sus primeros residentes\n\t\t<\/span><\/div>","aioseo_breadcrumb_json":[{"label":"Inicio","link":"https:\/\/www.museosdemequinenza.com\/ca"},{"label":"Sin categor\u00eda","link":"https:\/\/www.museosdemequinenza.com\/ca\/category\/sin-categoria-en\/"},{"label":"La Residencia de Personas Mayores y Centro de D\u00eda \u201cMagda Godia\u201d de Mequinenza recibe a sus primeros residentes","link":"https:\/\/www.museosdemequinenza.com\/ca\/la-residencia-de-personas-mayores-y-centro-de-dia-magda-godia-de-mequinenza-recibe-a-sus-primeros-residentes\/"}],"_links":{"self":[{"href":"https:\/\/www.museosdemequinenza.com\/ca\/wp-json\/wp\/v2\/posts\/14212","targetHints":{"allow":["GET"]}}],"collection":[{"href":"https:\/\/www.museosdemequinenza.com\/ca\/wp-json\/wp\/v2\/posts"}],"about":[{"href":"https:\/\/www.museosdemequinenza.com\/ca\/wp-json\/wp\/v2\/types\/post"}],"author":[{"embeddable":true,"href":"https:\/\/www.museosdemequinenza.com\/ca\/wp-json\/wp\/v2\/users\/1"}],"replies":[{"embeddable":true,"href":"https:\/\/www.museosdemequinenza.com\/ca\/wp-json\/wp\/v2\/comments?post=14212"}],"version-history":[{"count":4,"href":"https:\/\/www.museosdemequinenza.com\/ca\/wp-json\/wp\/v2\/posts\/14212\/revisions"}],"predecessor-version":[{"id":14217,"href":"https:\/\/www.museosdemequinenza.com\/ca\/wp-json\/wp\/v2\/posts\/14212\/revisions\/14217"}],"wp:featuredmedia":[{"embeddable":true,"href":"https:\/\/www.museosdemequinenza.com\/ca\/wp-json\/wp\/v2\/media\/14213"}],"wp:attachment":[{"href":"https:\/\/www.museosdemequinenza.com\/ca\/wp-json\/wp\/v2\/media?parent=14212"}],"wp:term":[{"taxonomy":"category","embeddable":true,"href":"https:\/\/www.museosdemequinenza.com\/ca\/wp-json\/wp\/v2\/categories?post=14212"},{"taxonomy":"post_tag","embeddable":true,"href":"https:\/\/www.museosdemequinenza.com\/ca\/wp-json\/wp\/v2\/tags?post=14212"}],"curies":[{"name":"wp","href":"https:\/\/api.w.org\/{rel}","templated":true}]}}