{"id":14206,"date":"2026-09-01T10:45:14","date_gmt":"2026-09-01T08:45:14","guid":{"rendered":"https:\/\/www.museosdemequinenza.com\/?p=14206"},"modified":"2026-09-01T10:46:47","modified_gmt":"2026-09-01T08:46:47","slug":"la-asociacion-de-la-mujer-mequinenzana-la-dona-encendera-el-cohete-con-el-que-daran-inicio-las-fiestas-de-la-santa-2026","status":"publish","type":"post","link":"https:\/\/www.museosdemequinenza.com\/ca\/la-asociacion-de-la-mujer-mequinenzana-la-dona-encendera-el-cohete-con-el-que-daran-inicio-las-fiestas-de-la-santa-2026\/","title":{"rendered":"L\u2019Associaci\u00f3 de la Dona Mequinensana \u201cLa Dona\u201d encendr\u00e0 el coet amb qu\u00e8 donaran inici les Festes de \u201cLa Santa\u201d 2026"},"content":{"rendered":"<div data-elementor-type=\"wp-post\" data-elementor-id=\"14206\" class=\"elementor elementor-14206\">\n\t\t\t\t\t\t<section class=\"elementor-section elementor-top-section elementor-element elementor-element-fe77d3e elementor-section-boxed elementor-section-height-default elementor-section-height-default\" data-id=\"fe77d3e\" data-element_type=\"section\" data-e-type=\"section\">\n\t\t\t\t\t\t<div class=\"elementor-container elementor-column-gap-default\">\n\t\t\t\t\t<div class=\"elementor-column elementor-col-100 elementor-top-column elementor-element elementor-element-fdaa900\" data-id=\"fdaa900\" data-element_type=\"column\" data-e-type=\"column\">\n\t\t\t<div class=\"elementor-widget-wrap elementor-element-populated\">\n\t\t\t\t\t\t<div class=\"elementor-element elementor-element-02844d1 elementor-widget elementor-widget-image\" data-id=\"02844d1\" data-element_type=\"widget\" data-e-type=\"widget\" data-widget_type=\"image.default\">\n\t\t\t\t<div class=\"elementor-widget-container\">\n\t\t\t\t\t\t\t\t\t\t\t\t\t\t\t<img fetchpriority=\"high\" decoding=\"async\" width=\"1140\" height=\"380\" src=\"https:\/\/www.museosdemequinenza.com\/wp-content\/uploads\/2026\/09\/Canon_Canon-EOS-80D_2025-10-24_13828882432-1140x380.jpg\" class=\"attachment-column1-1\/3 size-column1-1\/3 wp-image-14207\" alt=\"\" srcset=\"https:\/\/www.museosdemequinenza.com\/wp-content\/uploads\/2026\/09\/Canon_Canon-EOS-80D_2025-10-24_13828882432-1140x380.jpg 1140w, https:\/\/www.museosdemequinenza.com\/wp-content\/uploads\/2026\/09\/Canon_Canon-EOS-80D_2025-10-24_13828882432-380x127.jpg 380w\" sizes=\"(max-width: 1140px) 100vw, 1140px\" \/>\t\t\t\t\t\t\t\t\t\t\t\t\t\t\t<\/div>\n\t\t\t\t<\/div>\n\t\t\t\t<div class=\"elementor-element elementor-element-8913cad elementor-widget elementor-widget-text-editor\" data-id=\"8913cad\" data-element_type=\"widget\" data-e-type=\"widget\" data-widget_type=\"text-editor.default\">\n\t\t\t\t<div class=\"elementor-widget-container\">\n\t\t\t\t\t\t\t\t\t<p><strong>L\u2019entitat, que l\u2019any vinent complir\u00e0 40 anys, rep aquest reconeixement per la seva traject\u00f2ria i la seva contribuci\u00f3 a la vida social, cultural i ciutadana de Mequinensa.<\/strong><\/p>\t\t\t\t\t\t\t\t<\/div>\n\t\t\t\t<\/div>\n\t\t\t\t<div class=\"elementor-element elementor-element-35b03ea elementor-widget elementor-widget-text-editor\" data-id=\"35b03ea\" data-element_type=\"widget\" data-e-type=\"widget\" data-widget_type=\"text-editor.default\">\n\t\t\t\t<div class=\"elementor-widget-container\">\n\t\t\t\t\t\t\t\t\t<p>L\u2019Associaci\u00f3 de la Dona Mequinensana \u00abLa Dona\u00bb ser\u00e0 l\u2019encarregada de posar el \u00abFoc a la metxa\u00bb del coet que, despr\u00e9s del seu esclat, marcar\u00e0 l\u2019inici oficial de les Festes de \u00abLa Santa\u00bb 2026 de Mequinensa. Ser\u00e0 el proper 16 de setembre, a la una del migdia, a la pla\u00e7a de l\u2019Ajuntament, en un gest de reconeixement a la traject\u00f2ria d\u2019una entitat que l\u2019any vinent celebrar\u00e0 el seu 40\u00e8 aniversari i que forma part fonamental del teixit associatiu del municipi.<\/p><p>D\u2019aquesta manera es vol posar en valor les quatre d\u00e8cades de treball col\u00b7lectiu d\u2019una associaci\u00f3 que, des de l\u2019any 1987, ha afavorit la participaci\u00f3 de les dones en la vida social, cultural i ciutadana de la localitat, generant espais de trobada, aprenentatge i reivindicaci\u00f3 i contribuint a avan\u00e7ar cap a una societat m\u00e9s igualit\u00e0ria.\n\nEs reconeix aix\u00ed el paper que ha desenvolupat l\u2019entitat durant tots aquests anys a Mequinensa, contribuint a transformar el municipi i a obrir cam\u00ed a les generacions futures. Una tasca, en ocasions poc visible, que contribueix a mantenir actiu el municipi i a generar espais de participaci\u00f3, integraci\u00f3 i conviv\u00e8ncia.<\/p><p>Al llarg de la seva traject\u00f2ria, \u00abLa Dona\u00bb ha participat activament en nombroses iniciatives del calendari local. Entre aquestes hi ha l\u2019organitzaci\u00f3 de diverses activitats i tallers, l\u2019arribada del Pare Noel i dels Reis Mags, la Setmana Cultural, l\u2019organitzaci\u00f3 de la festa tem\u00e0tica del mes de juny i la seva col\u00b7laboraci\u00f3 en les Festes de \u00abLa Santa\u00bb, a m\u00e9s de la seva implicaci\u00f3 i el suport a diferents activitats que es desenvolupen al llarg de l\u2019any.<\/p><p>L\u2019elecci\u00f3 de l\u2019Associaci\u00f3 de la Dona Mequinensana \u00abLa Dona\u00bb com a encarregada de donar inici a les Festes pret\u00e9n, d\u2019aquesta manera, reivindicar el valor de l\u2019associacionisme i recon\u00e8ixer p\u00fablicament aquelles persones que, des de l\u2019\u00e0mbit col\u00b7lectiu i de manera volunt\u00e0ria, contribueixen a construir i mantenir viva la localitat. Un reconeixement que des de l\u2019Ajuntament es vol fer extensiu al conjunt del teixit associatiu de Mequinensa i agrair la tasca que desenvolupen al llarg de tot l\u2019any.<\/p>\t\t\t\t\t\t\t\t<\/div>\n\t\t\t\t<\/div>\n\t\t\t\t\t<\/div>\n\t\t<\/div>\n\t\t\t\t\t<\/div>\n\t\t<\/section>\n\t\t\t\t<\/div>","protected":false},"excerpt":{"rendered":"<p>La entidad, que el pr\u00f3ximo a\u00f1o cumplir\u00e1 40 a\u00f1os, recibe este reconocimiento por su trayectoria y su contribuci\u00f3n a la vida social, cultural y ciudadana de Mequinenza. La Asociaci\u00f3n de la Mujer Mequinenzana \u201cLa Dona\u201d de poner el \u201cFoc a la metxa\u201d del cohete que, tras su estallido, marcar\u00e1 el inicio oficial de las Fiestas<\/p>\n<p><a href=\"https:\/\/www.museosdemequinenza.com\/ca\/la-asociacion-de-la-mujer-mequinenzana-la-dona-encendera-el-cohete-con-el-que-daran-inicio-las-fiestas-de-la-santa-2026\/\" class=\"more-link themebutton\">Read More<\/a><\/p>","protected":false},"author":1,"featured_media":14207,"comment_status":"closed","ping_status":"closed","sticky":false,"template":"","format":"standard","meta":{"_monsterinsights_skip_tracking":false,"_monsterinsights_sitenote_active":false,"_monsterinsights_sitenote_note":"","_monsterinsights_sitenote_category":0,"footnotes":""},"categories":[18],"tags":[],"class_list":["post-14206","post","type-post","status-publish","format-standard","has-post-thumbnail","hentry","category-sin-categoria-en"],"aioseo_notices":[],"aioseo_head":"\n\t\t<!-- All in One SEO 5.0.1.1 - aioseo.com -->\n\t<meta name=\"description\" content=\"La entidad, que el pr\u00f3ximo a\u00f1o cumplir\u00e1 40 a\u00f1os, recibe este reconocimiento por su trayectoria y su contribuci\u00f3n a la vida social, cultural y ciudadana de Mequinenza. La Asociaci\u00f3n de la Mujer Mequinenzana \u201cLa Dona\u201d de poner el \u201cFoc a la metxa\u201d del cohete que, tras su estallido, marcar\u00e1 el inicio oficial de las Fiestas\" \/>\n\t<meta name=\"robots\" content=\"max-image-preview:large\" \/>\n\t<link rel=\"canonical\" href=\"https:\/\/www.museosdemequinenza.com\/ca\/la-asociacion-de-la-mujer-mequinenzana-la-dona-encendera-el-cohete-con-el-que-daran-inicio-las-fiestas-de-la-santa-2026\/\" \/>\n\t<meta name=\"generator\" content=\"All in One SEO (AIOSEO) 5.0.1.1\" \/>\n\t\t<meta property=\"og:locale\" content=\"ca_ES\" \/>\n\t\t<meta property=\"og:site_name\" content=\"|\" \/>\n\t\t<meta property=\"og:type\" content=\"article\" \/>\n\t\t<meta property=\"og:title\" content=\"La Asociaci\u00f3n de la Mujer Mequinenzana \u201cLa Dona\u201d encender\u00e1 el cohete con el que dar\u00e1n inicio las Fiestas de \u201cLa Santa\u201d 2026 |\" \/>\n\t\t<meta property=\"og:description\" content=\"La entidad, que el pr\u00f3ximo a\u00f1o cumplir\u00e1 40 a\u00f1os, recibe este reconocimiento por su trayectoria y su contribuci\u00f3n a la vida social, cultural y ciudadana de Mequinenza. La Asociaci\u00f3n de la Mujer Mequinenzana \u201cLa Dona\u201d de poner el \u201cFoc a la metxa\u201d del cohete que, tras su estallido, marcar\u00e1 el inicio oficial de las Fiestas\" \/>\n\t\t<meta property=\"og:url\" content=\"https:\/\/www.museosdemequinenza.com\/ca\/la-asociacion-de-la-mujer-mequinenzana-la-dona-encendera-el-cohete-con-el-que-daran-inicio-las-fiestas-de-la-santa-2026\/\" \/>\n\t\t<meta property=\"article:published_time\" content=\"2026-09-01T08:45:14+00:00\" \/>\n\t\t<meta property=\"article:modified_time\" content=\"2026-09-01T08:46:47+00:00\" \/>\n\t\t<meta property=\"article:publisher\" content=\"https:\/\/www.facebook.com\/MuseosdeMequinenza\/\" \/>\n\t\t<meta name=\"twitter:card\" content=\"summary\" \/>\n\t\t<meta name=\"twitter:site\" content=\"@museomequinenza\" \/>\n\t\t<meta name=\"twitter:title\" content=\"La Asociaci\u00f3n de la Mujer Mequinenzana \u201cLa Dona\u201d encender\u00e1 el cohete con el que dar\u00e1n inicio las Fiestas de \u201cLa Santa\u201d 2026 |\" \/>\n\t\t<meta name=\"twitter:description\" content=\"La entidad, que el pr\u00f3ximo a\u00f1o cumplir\u00e1 40 a\u00f1os, recibe este reconocimiento por su trayectoria y su contribuci\u00f3n a la vida social, cultural y ciudadana de Mequinenza. La Asociaci\u00f3n de la Mujer Mequinenzana \u201cLa Dona\u201d de poner el \u201cFoc a la metxa\u201d del cohete que, tras su estallido, marcar\u00e1 el inicio oficial de las Fiestas\" \/>\n\t\t<meta name=\"twitter:creator\" content=\"@museomequinenza\" \/>\n\t\t<script type=\"application\/ld+json\" class=\"aioseo-schema\">\n\t\t\t{\"@context\":\"https:\\\/\\\/schema.org\",\"@graph\":[{\"@type\":\"Article\",\"@id\":\"https:\\\/\\\/www.museosdemequinenza.com\\\/ca\\\/la-asociacion-de-la-mujer-mequinenzana-la-dona-encendera-el-cohete-con-el-que-daran-inicio-las-fiestas-de-la-santa-2026\\\/#article\",\"name\":\"La Asociaci\\u00f3n de la Mujer Mequinenzana \\u201cLa Dona\\u201d encender\\u00e1 el cohete con el que dar\\u00e1n inicio las Fiestas de \\u201cLa Santa\\u201d 2026 |\",\"headline\":\"La Asociaci\\u00f3n de la Mujer Mequinenzana \\u201cLa Dona\\u201d encender\\u00e1 el cohete con el que dar\\u00e1n inicio las Fiestas de \\u201cLa Santa\\u201d 2026\",\"author\":{\"@id\":\"https:\\\/\\\/www.museosdemequinenza.com\\\/ca\\\/author\\\/adminmusmeq\\\/#author\"},\"publisher\":{\"@id\":\"https:\\\/\\\/www.museosdemequinenza.com\\\/ca\\\/#organization\"},\"image\":{\"@type\":\"ImageObject\",\"url\":\"https:\\\/\\\/www.museosdemequinenza.com\\\/wp-content\\\/uploads\\\/2026\\\/09\\\/Canon_Canon-EOS-80D_2025-10-24_13828882432-scaled.jpg\",\"width\":2560,\"height\":1707},\"datePublished\":\"2026-09-01T10:45:14+02:00\",\"dateModified\":\"2026-09-01T10:46:47+02:00\",\"inLanguage\":\"ca\",\"mainEntityOfPage\":{\"@id\":\"https:\\\/\\\/www.museosdemequinenza.com\\\/ca\\\/la-asociacion-de-la-mujer-mequinenzana-la-dona-encendera-el-cohete-con-el-que-daran-inicio-las-fiestas-de-la-santa-2026\\\/#webpage\"},\"isPartOf\":{\"@id\":\"https:\\\/\\\/www.museosdemequinenza.com\\\/ca\\\/la-asociacion-de-la-mujer-mequinenzana-la-dona-encendera-el-cohete-con-el-que-daran-inicio-las-fiestas-de-la-santa-2026\\\/#webpage\"},\"articleSection\":\"Sin categor\\u00eda\"},{\"@type\":\"BreadcrumbList\",\"@id\":\"https:\\\/\\\/www.museosdemequinenza.com\\\/ca\\\/la-asociacion-de-la-mujer-mequinenzana-la-dona-encendera-el-cohete-con-el-que-daran-inicio-las-fiestas-de-la-santa-2026\\\/#breadcrumblist\",\"itemListElement\":[{\"@type\":\"ListItem\",\"@id\":\"https:\\\/\\\/www.museosdemequinenza.com\\\/ca#listItem\",\"position\":1,\"name\":\"Inicio\",\"item\":\"https:\\\/\\\/www.museosdemequinenza.com\\\/ca\",\"nextItem\":{\"@type\":\"ListItem\",\"@id\":\"https:\\\/\\\/www.museosdemequinenza.com\\\/ca\\\/category\\\/sin-categoria-en\\\/#listItem\",\"name\":\"Sin categor\\u00eda\"}},{\"@type\":\"ListItem\",\"@id\":\"https:\\\/\\\/www.museosdemequinenza.com\\\/ca\\\/category\\\/sin-categoria-en\\\/#listItem\",\"position\":2,\"name\":\"Sin categor\\u00eda\",\"item\":\"https:\\\/\\\/www.museosdemequinenza.com\\\/ca\\\/category\\\/sin-categoria-en\\\/\",\"nextItem\":{\"@type\":\"ListItem\",\"@id\":\"https:\\\/\\\/www.museosdemequinenza.com\\\/ca\\\/la-asociacion-de-la-mujer-mequinenzana-la-dona-encendera-el-cohete-con-el-que-daran-inicio-las-fiestas-de-la-santa-2026\\\/#listItem\",\"name\":\"La Asociaci\\u00f3n de la Mujer Mequinenzana \\u201cLa Dona\\u201d encender\\u00e1 el cohete con el que dar\\u00e1n inicio las Fiestas de \\u201cLa Santa\\u201d 2026\"},\"previousItem\":{\"@type\":\"ListItem\",\"@id\":\"https:\\\/\\\/www.museosdemequinenza.com\\\/ca#listItem\",\"name\":\"Inicio\"}},{\"@type\":\"ListItem\",\"@id\":\"https:\\\/\\\/www.museosdemequinenza.com\\\/ca\\\/la-asociacion-de-la-mujer-mequinenzana-la-dona-encendera-el-cohete-con-el-que-daran-inicio-las-fiestas-de-la-santa-2026\\\/#listItem\",\"position\":3,\"name\":\"La Asociaci\\u00f3n de la Mujer Mequinenzana \\u201cLa Dona\\u201d encender\\u00e1 el cohete con el que dar\\u00e1n inicio las Fiestas de \\u201cLa Santa\\u201d 2026\",\"previousItem\":{\"@type\":\"ListItem\",\"@id\":\"https:\\\/\\\/www.museosdemequinenza.com\\\/ca\\\/category\\\/sin-categoria-en\\\/#listItem\",\"name\":\"Sin categor\\u00eda\"}}]},{\"@type\":\"Organization\",\"@id\":\"https:\\\/\\\/www.museosdemequinenza.com\\\/ca\\\/#organization\",\"name\":\"Museos de Mequinenza\",\"url\":\"https:\\\/\\\/www.museosdemequinenza.com\\\/ca\\\/\",\"telephone\":\"+34974464705\",\"logo\":{\"@type\":\"ImageObject\",\"url\":\"https:\\\/\\\/www.museosdemequinenza.com\\\/wp-content\\\/uploads\\\/2021\\\/10\\\/logo.jpg\",\"@id\":\"https:\\\/\\\/www.museosdemequinenza.com\\\/ca\\\/la-asociacion-de-la-mujer-mequinenzana-la-dona-encendera-el-cohete-con-el-que-daran-inicio-las-fiestas-de-la-santa-2026\\\/#organizationLogo\",\"width\":400,\"height\":400},\"image\":{\"@id\":\"https:\\\/\\\/www.museosdemequinenza.com\\\/ca\\\/la-asociacion-de-la-mujer-mequinenzana-la-dona-encendera-el-cohete-con-el-que-daran-inicio-las-fiestas-de-la-santa-2026\\\/#organizationLogo\"},\"sameAs\":[\"https:\\\/\\\/www.facebook.com\\\/MuseosdeMequinenza\\\/\",\"https:\\\/\\\/twitter.com\\\/museomequinenza\",\"https:\\\/\\\/instagram.com\\\/museosdemequinenza\\\/\",\"https:\\\/\\\/www.tiktok.com\\\/@museosdemequinenza\",\"https:\\\/\\\/www.youtube.com\\\/channel\\\/UC1WhAGRfn8YICkw3sNMPvsw\"]},{\"@type\":\"Person\",\"@id\":\"https:\\\/\\\/www.museosdemequinenza.com\\\/ca\\\/author\\\/adminmusmeq\\\/#author\",\"url\":\"https:\\\/\\\/www.museosdemequinenza.com\\\/ca\\\/author\\\/adminmusmeq\\\/\"},{\"@type\":\"WebPage\",\"@id\":\"https:\\\/\\\/www.museosdemequinenza.com\\\/ca\\\/la-asociacion-de-la-mujer-mequinenzana-la-dona-encendera-el-cohete-con-el-que-daran-inicio-las-fiestas-de-la-santa-2026\\\/#webpage\",\"url\":\"https:\\\/\\\/www.museosdemequinenza.com\\\/ca\\\/la-asociacion-de-la-mujer-mequinenzana-la-dona-encendera-el-cohete-con-el-que-daran-inicio-las-fiestas-de-la-santa-2026\\\/\",\"name\":\"La Asociaci\\u00f3n de la Mujer Mequinenzana \\u201cLa Dona\\u201d encender\\u00e1 el cohete con el que dar\\u00e1n inicio las Fiestas de \\u201cLa Santa\\u201d 2026 |\",\"description\":\"La entidad, que el pr\\u00f3ximo a\\u00f1o cumplir\\u00e1 40 a\\u00f1os, recibe este reconocimiento por su trayectoria y su contribuci\\u00f3n a la vida social, cultural y ciudadana de Mequinenza. La Asociaci\\u00f3n de la Mujer Mequinenzana \\u201cLa Dona\\u201d de poner el \\u201cFoc a la metxa\\u201d del cohete que, tras su estallido, marcar\\u00e1 el inicio oficial de las Fiestas\",\"inLanguage\":\"ca\",\"isPartOf\":{\"@id\":\"https:\\\/\\\/www.museosdemequinenza.com\\\/ca\\\/#website\"},\"breadcrumb\":{\"@id\":\"https:\\\/\\\/www.museosdemequinenza.com\\\/ca\\\/la-asociacion-de-la-mujer-mequinenzana-la-dona-encendera-el-cohete-con-el-que-daran-inicio-las-fiestas-de-la-santa-2026\\\/#breadcrumblist\"},\"author\":{\"@id\":\"https:\\\/\\\/www.museosdemequinenza.com\\\/ca\\\/author\\\/adminmusmeq\\\/#author\"},\"creator\":{\"@id\":\"https:\\\/\\\/www.museosdemequinenza.com\\\/ca\\\/author\\\/adminmusmeq\\\/#author\"},\"image\":{\"@type\":\"ImageObject\",\"url\":\"https:\\\/\\\/www.museosdemequinenza.com\\\/wp-content\\\/uploads\\\/2026\\\/09\\\/Canon_Canon-EOS-80D_2025-10-24_13828882432-scaled.jpg\",\"@id\":\"https:\\\/\\\/www.museosdemequinenza.com\\\/ca\\\/la-asociacion-de-la-mujer-mequinenzana-la-dona-encendera-el-cohete-con-el-que-daran-inicio-las-fiestas-de-la-santa-2026\\\/#mainImage\",\"width\":2560,\"height\":1707},\"primaryImageOfPage\":{\"@id\":\"https:\\\/\\\/www.museosdemequinenza.com\\\/ca\\\/la-asociacion-de-la-mujer-mequinenzana-la-dona-encendera-el-cohete-con-el-que-daran-inicio-las-fiestas-de-la-santa-2026\\\/#mainImage\"},\"datePublished\":\"2026-09-01T10:45:14+02:00\",\"dateModified\":\"2026-09-01T10:46:47+02:00\"},{\"@type\":\"WebSite\",\"@id\":\"https:\\\/\\\/www.museosdemequinenza.com\\\/ca\\\/#website\",\"url\":\"https:\\\/\\\/www.museosdemequinenza.com\\\/ca\\\/\",\"inLanguage\":\"ca\",\"publisher\":{\"@id\":\"https:\\\/\\\/www.museosdemequinenza.com\\\/ca\\\/#organization\"}}]}\n\t\t<\/script>\n\t\t<!-- All in One SEO -->\n\n","aioseo_head_json":{"title":"La Asociaci\u00f3n de la Mujer Mequinenzana \u201cLa Dona\u201d encender\u00e1 el cohete con el que dar\u00e1n inicio las Fiestas de \u201cLa Santa\u201d 2026 |","description":"La entidad, que el pr\u00f3ximo a\u00f1o cumplir\u00e1 40 a\u00f1os, recibe este reconocimiento por su trayectoria y su contribuci\u00f3n a la vida social, cultural y ciudadana de Mequinenza. La Asociaci\u00f3n de la Mujer Mequinenzana \u201cLa Dona\u201d de poner el \u201cFoc a la metxa\u201d del cohete que, tras su estallido, marcar\u00e1 el inicio oficial de las Fiestas","canonical_url":"https:\/\/www.museosdemequinenza.com\/ca\/la-asociacion-de-la-mujer-mequinenzana-la-dona-encendera-el-cohete-con-el-que-daran-inicio-las-fiestas-de-la-santa-2026\/","robots":"max-image-preview:large","keywords":"","webmasterTools":{"miscellaneous":""},"schema":{"@context":"https:\/\/schema.org","@graph":[{"@type":"Article","@id":"https:\/\/www.museosdemequinenza.com\/ca\/la-asociacion-de-la-mujer-mequinenzana-la-dona-encendera-el-cohete-con-el-que-daran-inicio-las-fiestas-de-la-santa-2026\/#article","name":"La Asociaci\u00f3n de la Mujer Mequinenzana \u201cLa Dona\u201d encender\u00e1 el cohete con el que dar\u00e1n inicio las Fiestas de \u201cLa Santa\u201d 2026 |","headline":"La Asociaci\u00f3n de la Mujer Mequinenzana \u201cLa Dona\u201d encender\u00e1 el cohete con el que dar\u00e1n inicio las Fiestas de \u201cLa Santa\u201d 2026","author":{"@id":"https:\/\/www.museosdemequinenza.com\/ca\/author\/adminmusmeq\/#author"},"publisher":{"@id":"https:\/\/www.museosdemequinenza.com\/ca\/#organization"},"image":{"@type":"ImageObject","url":"https:\/\/www.museosdemequinenza.com\/wp-content\/uploads\/2026\/09\/Canon_Canon-EOS-80D_2025-10-24_13828882432-scaled.jpg","width":2560,"height":1707},"datePublished":"2026-09-01T10:45:14+02:00","dateModified":"2026-09-01T10:46:47+02:00","inLanguage":"ca","mainEntityOfPage":{"@id":"https:\/\/www.museosdemequinenza.com\/ca\/la-asociacion-de-la-mujer-mequinenzana-la-dona-encendera-el-cohete-con-el-que-daran-inicio-las-fiestas-de-la-santa-2026\/#webpage"},"isPartOf":{"@id":"https:\/\/www.museosdemequinenza.com\/ca\/la-asociacion-de-la-mujer-mequinenzana-la-dona-encendera-el-cohete-con-el-que-daran-inicio-las-fiestas-de-la-santa-2026\/#webpage"},"articleSection":"Sin categor\u00eda"},{"@type":"BreadcrumbList","@id":"https:\/\/www.museosdemequinenza.com\/ca\/la-asociacion-de-la-mujer-mequinenzana-la-dona-encendera-el-cohete-con-el-que-daran-inicio-las-fiestas-de-la-santa-2026\/#breadcrumblist","itemListElement":[{"@type":"ListItem","@id":"https:\/\/www.museosdemequinenza.com\/ca#listItem","position":1,"name":"Inicio","item":"https:\/\/www.museosdemequinenza.com\/ca","nextItem":{"@type":"ListItem","@id":"https:\/\/www.museosdemequinenza.com\/ca\/category\/sin-categoria-en\/#listItem","name":"Sin categor\u00eda"}},{"@type":"ListItem","@id":"https:\/\/www.museosdemequinenza.com\/ca\/category\/sin-categoria-en\/#listItem","position":2,"name":"Sin categor\u00eda","item":"https:\/\/www.museosdemequinenza.com\/ca\/category\/sin-categoria-en\/","nextItem":{"@type":"ListItem","@id":"https:\/\/www.museosdemequinenza.com\/ca\/la-asociacion-de-la-mujer-mequinenzana-la-dona-encendera-el-cohete-con-el-que-daran-inicio-las-fiestas-de-la-santa-2026\/#listItem","name":"La Asociaci\u00f3n de la Mujer Mequinenzana \u201cLa Dona\u201d encender\u00e1 el cohete con el que dar\u00e1n inicio las Fiestas de \u201cLa Santa\u201d 2026"},"previousItem":{"@type":"ListItem","@id":"https:\/\/www.museosdemequinenza.com\/ca#listItem","name":"Inicio"}},{"@type":"ListItem","@id":"https:\/\/www.museosdemequinenza.com\/ca\/la-asociacion-de-la-mujer-mequinenzana-la-dona-encendera-el-cohete-con-el-que-daran-inicio-las-fiestas-de-la-santa-2026\/#listItem","position":3,"name":"La Asociaci\u00f3n de la Mujer Mequinenzana \u201cLa Dona\u201d encender\u00e1 el cohete con el que dar\u00e1n inicio las Fiestas de \u201cLa Santa\u201d 2026","previousItem":{"@type":"ListItem","@id":"https:\/\/www.museosdemequinenza.com\/ca\/category\/sin-categoria-en\/#listItem","name":"Sin categor\u00eda"}}]},{"@type":"Organization","@id":"https:\/\/www.museosdemequinenza.com\/ca\/#organization","name":"Museos de Mequinenza","url":"https:\/\/www.museosdemequinenza.com\/ca\/","telephone":"+34974464705","logo":{"@type":"ImageObject","url":"https:\/\/www.museosdemequinenza.com\/wp-content\/uploads\/2021\/10\/logo.jpg","@id":"https:\/\/www.museosdemequinenza.com\/ca\/la-asociacion-de-la-mujer-mequinenzana-la-dona-encendera-el-cohete-con-el-que-daran-inicio-las-fiestas-de-la-santa-2026\/#organizationLogo","width":400,"height":400},"image":{"@id":"https:\/\/www.museosdemequinenza.com\/ca\/la-asociacion-de-la-mujer-mequinenzana-la-dona-encendera-el-cohete-con-el-que-daran-inicio-las-fiestas-de-la-santa-2026\/#organizationLogo"},"sameAs":["https:\/\/www.facebook.com\/MuseosdeMequinenza\/","https:\/\/twitter.com\/museomequinenza","https:\/\/instagram.com\/museosdemequinenza\/","https:\/\/www.tiktok.com\/@museosdemequinenza","https:\/\/www.youtube.com\/channel\/UC1WhAGRfn8YICkw3sNMPvsw"]},{"@type":"Person","@id":"https:\/\/www.museosdemequinenza.com\/ca\/author\/adminmusmeq\/#author","url":"https:\/\/www.museosdemequinenza.com\/ca\/author\/adminmusmeq\/"},{"@type":"WebPage","@id":"https:\/\/www.museosdemequinenza.com\/ca\/la-asociacion-de-la-mujer-mequinenzana-la-dona-encendera-el-cohete-con-el-que-daran-inicio-las-fiestas-de-la-santa-2026\/#webpage","url":"https:\/\/www.museosdemequinenza.com\/ca\/la-asociacion-de-la-mujer-mequinenzana-la-dona-encendera-el-cohete-con-el-que-daran-inicio-las-fiestas-de-la-santa-2026\/","name":"La Asociaci\u00f3n de la Mujer Mequinenzana \u201cLa Dona\u201d encender\u00e1 el cohete con el que dar\u00e1n inicio las Fiestas de \u201cLa Santa\u201d 2026 |","description":"La entidad, que el pr\u00f3ximo a\u00f1o cumplir\u00e1 40 a\u00f1os, recibe este reconocimiento por su trayectoria y su contribuci\u00f3n a la vida social, cultural y ciudadana de Mequinenza. La Asociaci\u00f3n de la Mujer Mequinenzana \u201cLa Dona\u201d de poner el \u201cFoc a la metxa\u201d del cohete que, tras su estallido, marcar\u00e1 el inicio oficial de las Fiestas","inLanguage":"ca","isPartOf":{"@id":"https:\/\/www.museosdemequinenza.com\/ca\/#website"},"breadcrumb":{"@id":"https:\/\/www.museosdemequinenza.com\/ca\/la-asociacion-de-la-mujer-mequinenzana-la-dona-encendera-el-cohete-con-el-que-daran-inicio-las-fiestas-de-la-santa-2026\/#breadcrumblist"},"author":{"@id":"https:\/\/www.museosdemequinenza.com\/ca\/author\/adminmusmeq\/#author"},"creator":{"@id":"https:\/\/www.museosdemequinenza.com\/ca\/author\/adminmusmeq\/#author"},"image":{"@type":"ImageObject","url":"https:\/\/www.museosdemequinenza.com\/wp-content\/uploads\/2026\/09\/Canon_Canon-EOS-80D_2025-10-24_13828882432-scaled.jpg","@id":"https:\/\/www.museosdemequinenza.com\/ca\/la-asociacion-de-la-mujer-mequinenzana-la-dona-encendera-el-cohete-con-el-que-daran-inicio-las-fiestas-de-la-santa-2026\/#mainImage","width":2560,"height":1707},"primaryImageOfPage":{"@id":"https:\/\/www.museosdemequinenza.com\/ca\/la-asociacion-de-la-mujer-mequinenzana-la-dona-encendera-el-cohete-con-el-que-daran-inicio-las-fiestas-de-la-santa-2026\/#mainImage"},"datePublished":"2026-09-01T10:45:14+02:00","dateModified":"2026-09-01T10:46:47+02:00"},{"@type":"WebSite","@id":"https:\/\/www.museosdemequinenza.com\/ca\/#website","url":"https:\/\/www.museosdemequinenza.com\/ca\/","inLanguage":"ca","publisher":{"@id":"https:\/\/www.museosdemequinenza.com\/ca\/#organization"}}]},"og:locale":"ca_ES","og:site_name":"|","og:type":"article","og:title":"La Asociaci\u00f3n de la Mujer Mequinenzana \u201cLa Dona\u201d encender\u00e1 el cohete con el que dar\u00e1n inicio las Fiestas de \u201cLa Santa\u201d 2026 |","og:description":"La entidad, que el pr\u00f3ximo a\u00f1o cumplir\u00e1 40 a\u00f1os, recibe este reconocimiento por su trayectoria y su contribuci\u00f3n a la vida social, cultural y ciudadana de Mequinenza. La Asociaci\u00f3n de la Mujer Mequinenzana \u201cLa Dona\u201d de poner el \u201cFoc a la metxa\u201d del cohete que, tras su estallido, marcar\u00e1 el inicio oficial de las Fiestas","og:url":"https:\/\/www.museosdemequinenza.com\/ca\/la-asociacion-de-la-mujer-mequinenzana-la-dona-encendera-el-cohete-con-el-que-daran-inicio-las-fiestas-de-la-santa-2026\/","article:published_time":"2026-09-01T08:45:14+00:00","article:modified_time":"2026-09-01T08:46:47+00:00","article:publisher":"https:\/\/www.facebook.com\/MuseosdeMequinenza\/","twitter:card":"summary","twitter:site":"@museomequinenza","twitter:title":"La Asociaci\u00f3n de la Mujer Mequinenzana \u201cLa Dona\u201d encender\u00e1 el cohete con el que dar\u00e1n inicio las Fiestas de \u201cLa Santa\u201d 2026 |","twitter:description":"La entidad, que el pr\u00f3ximo a\u00f1o cumplir\u00e1 40 a\u00f1os, recibe este reconocimiento por su trayectoria y su contribuci\u00f3n a la vida social, cultural y ciudadana de Mequinenza. La Asociaci\u00f3n de la Mujer Mequinenzana \u201cLa Dona\u201d de poner el \u201cFoc a la metxa\u201d del cohete que, tras su estallido, marcar\u00e1 el inicio oficial de las Fiestas","twitter:creator":"@museomequinenza"},"aioseo_meta_data":{"post_id":"14206","title":null,"description":null,"keywords":null,"keyphrases":{"focus":{"keyphrase":"","score":0,"analysis":{"keyphraseInTitle":{"score":0,"maxScore":9,"error":1}}},"additional":[]},"primary_term":null,"canonical_url":null,"og_title":null,"og_description":null,"og_object_type":"default","og_image_type":"default","og_image_url":null,"og_image_width":null,"og_image_height":null,"og_image_custom_url":null,"og_image_custom_fields":null,"og_video":"","og_custom_url":null,"og_article_section":null,"og_article_tags":null,"twitter_use_og":false,"twitter_card":"default","twitter_image_type":"default","twitter_image_url":null,"twitter_image_custom_url":null,"twitter_image_custom_fields":null,"twitter_title":null,"twitter_description":null,"schema":{"blockGraphs":[],"customGraphs":[],"default":{"data":{"Article":[],"Course":[],"Dataset":[],"FAQPage":[],"Movie":[],"Person":[],"Product":[],"ProductReview":[],"Car":[],"Recipe":[],"Service":[],"SoftwareApplication":[],"WebPage":[]},"graphName":"Article","isEnabled":true},"graphs":[]},"schema_type":"default","schema_type_options":null,"pillar_content":false,"robots_default":true,"robots_noindex":false,"robots_noarchive":false,"robots_nosnippet":false,"robots_nofollow":false,"robots_noimageindex":false,"robots_noodp":false,"robots_notranslate":false,"robots_max_snippet":"-1","robots_max_videopreview":"-1","robots_max_imagepreview":"large","priority":null,"frequency":"default","local_seo":null,"breadcrumb_settings":null,"limit_modified_date":false,"ai":{"faqs":[],"keyPoints":[],"schemas":[],"titles":[],"descriptions":[],"socialPosts":{"email":{"subject":"","preview":"","content":""},"linkedin":[],"twitter":[],"facebook":[],"instagram":[]}},"created":"2026-09-01 08:44:31","updated":"2026-09-01 10:41:27","seo_analyzer_scan_date":null,"focus_keyword":null,"additional_keywords":null,"truseo_locale":null},"aioseo_breadcrumb":"<div class=\"aioseo-breadcrumbs\"><span class=\"aioseo-breadcrumb\">\n\t\t\t<a href=\"https:\/\/www.museosdemequinenza.com\/ca\" title=\"Inicio\">Inicio<\/a>\n\t\t<\/span><span class=\"aioseo-breadcrumb-separator\">&raquo;<\/span><span class=\"aioseo-breadcrumb\">\n\t\t\t<a href=\"https:\/\/www.museosdemequinenza.com\/ca\/category\/sin-categoria-en\/\" title=\"Sin categor\u00eda\">Sin categor\u00eda<\/a>\n\t\t<\/span><span class=\"aioseo-breadcrumb-separator\">&raquo;<\/span><span class=\"aioseo-breadcrumb\">\n\t\t\tLa Asociaci\u00f3n de la Mujer Mequinenzana \u201cLa Dona\u201d encender\u00e1 el cohete con el que dar\u00e1n inicio las Fiestas de \u201cLa Santa\u201d 2026\n\t\t<\/span><\/div>","aioseo_breadcrumb_json":[{"label":"Inicio","link":"https:\/\/www.museosdemequinenza.com\/ca"},{"label":"Sin categor\u00eda","link":"https:\/\/www.museosdemequinenza.com\/ca\/category\/sin-categoria-en\/"},{"label":"La Asociaci\u00f3n de la Mujer Mequinenzana \u201cLa Dona\u201d encender\u00e1 el cohete con el que dar\u00e1n inicio las Fiestas de \u201cLa Santa\u201d 2026","link":"https:\/\/www.museosdemequinenza.com\/ca\/la-asociacion-de-la-mujer-mequinenzana-la-dona-encendera-el-cohete-con-el-que-daran-inicio-las-fiestas-de-la-santa-2026\/"}],"_links":{"self":[{"href":"https:\/\/www.museosdemequinenza.com\/ca\/wp-json\/wp\/v2\/posts\/14206","targetHints":{"allow":["GET"]}}],"collection":[{"href":"https:\/\/www.museosdemequinenza.com\/ca\/wp-json\/wp\/v2\/posts"}],"about":[{"href":"https:\/\/www.museosdemequinenza.com\/ca\/wp-json\/wp\/v2\/types\/post"}],"author":[{"embeddable":true,"href":"https:\/\/www.museosdemequinenza.com\/ca\/wp-json\/wp\/v2\/users\/1"}],"replies":[{"embeddable":true,"href":"https:\/\/www.museosdemequinenza.com\/ca\/wp-json\/wp\/v2\/comments?post=14206"}],"version-history":[{"count":4,"href":"https:\/\/www.museosdemequinenza.com\/ca\/wp-json\/wp\/v2\/posts\/14206\/revisions"}],"predecessor-version":[{"id":14211,"href":"https:\/\/www.museosdemequinenza.com\/ca\/wp-json\/wp\/v2\/posts\/14206\/revisions\/14211"}],"wp:featuredmedia":[{"embeddable":true,"href":"https:\/\/www.museosdemequinenza.com\/ca\/wp-json\/wp\/v2\/media\/14207"}],"wp:attachment":[{"href":"https:\/\/www.museosdemequinenza.com\/ca\/wp-json\/wp\/v2\/media?parent=14206"}],"wp:term":[{"taxonomy":"category","embeddable":true,"href":"https:\/\/www.museosdemequinenza.com\/ca\/wp-json\/wp\/v2\/categories?post=14206"},{"taxonomy":"post_tag","embeddable":true,"href":"https:\/\/www.museosdemequinenza.com\/ca\/wp-json\/wp\/v2\/tags?post=14206"}],"curies":[{"name":"wp","href":"https:\/\/api.w.org\/{rel}","templated":true}]}}