{"id":13599,"date":"2026-03-10T14:15:20","date_gmt":"2026-03-10T12:15:20","guid":{"rendered":"https:\/\/www.museosdemequinenza.com\/?p=13599"},"modified":"2026-03-10T14:18:27","modified_gmt":"2026-03-10T12:18:27","slug":"la-nueva-edicion-del-concurso-mequinenza-de-foto-invita-a-capturar-la-esencia-de-la-localidad-en-imagenes","status":"publish","type":"post","link":"https:\/\/www.museosdemequinenza.com\/ca\/la-nueva-edicion-del-concurso-mequinenza-de-foto-invita-a-capturar-la-esencia-de-la-localidad-en-imagenes\/","title":{"rendered":"La nueva edici\u00f3n del concurso \u201cMequinenza de Foto\u201d invita a capturar la esencia de la localidad en im\u00e1genes"},"content":{"rendered":"<div data-elementor-type=\"wp-post\" data-elementor-id=\"13599\" class=\"elementor elementor-13599\">\n\t\t\t\t\t\t<section class=\"elementor-section elementor-top-section elementor-element elementor-element-007fc2e elementor-section-boxed elementor-section-height-default elementor-section-height-default\" data-id=\"007fc2e\" data-element_type=\"section\" data-e-type=\"section\">\n\t\t\t\t\t\t<div class=\"elementor-container elementor-column-gap-default\">\n\t\t\t\t\t<div class=\"elementor-column elementor-col-100 elementor-top-column elementor-element elementor-element-b66da6b\" data-id=\"b66da6b\" data-element_type=\"column\" data-e-type=\"column\">\n\t\t\t<div class=\"elementor-widget-wrap elementor-element-populated\">\n\t\t\t\t\t\t<div class=\"elementor-element elementor-element-327bca9 elementor-widget elementor-widget-image\" data-id=\"327bca9\" data-element_type=\"widget\" data-e-type=\"widget\" data-widget_type=\"image.default\">\n\t\t\t\t<div class=\"elementor-widget-container\">\n\t\t\t\t\t\t\t\t\t\t\t\t\t\t\t<img fetchpriority=\"high\" decoding=\"async\" width=\"1140\" height=\"380\" src=\"https:\/\/www.museosdemequinenza.com\/wp-content\/uploads\/2026\/03\/Mequinensa-de-foto-2026_foto-guanyadora-1140x380.png\" class=\"attachment-column1-1\/3 size-column1-1\/3 wp-image-13582\" alt=\"\" srcset=\"https:\/\/www.museosdemequinenza.com\/wp-content\/uploads\/2026\/03\/Mequinensa-de-foto-2026_foto-guanyadora-1140x380.png 1140w, https:\/\/www.museosdemequinenza.com\/wp-content\/uploads\/2026\/03\/Mequinensa-de-foto-2026_foto-guanyadora-380x127.png 380w\" sizes=\"(max-width: 1140px) 100vw, 1140px\" \/>\t\t\t\t\t\t\t\t\t\t\t\t\t\t\t<\/div>\n\t\t\t\t<\/div>\n\t\t\t\t<div class=\"elementor-element elementor-element-2a47fba elementor-widget elementor-widget-text-editor\" data-id=\"2a47fba\" data-element_type=\"widget\" data-e-type=\"widget\" data-widget_type=\"text-editor.default\">\n\t\t\t\t<div class=\"elementor-widget-container\">\n\t\t\t\t\t\t\t\t\t<p><b>Las im\u00e1genes, tres como m\u00e1ximo por autor, deber\u00e1n tener como protagonista la localidad y podr\u00e1n presentarse hasta el 12 de abril a trav\u00e9s de la web de los Museos de Mequinenza.<\/b><\/p>\t\t\t\t\t\t\t\t<\/div>\n\t\t\t\t<\/div>\n\t\t\t\t<div class=\"elementor-element elementor-element-916a8b2 elementor-widget elementor-widget-text-editor\" data-id=\"916a8b2\" data-element_type=\"widget\" data-e-type=\"widget\" data-widget_type=\"text-editor.default\">\n\t\t\t\t<div class=\"elementor-widget-container\">\n\t\t\t\t\t\t\t\t\t<p>Los Museos de Mequinenza han convocado una nueva edici\u00f3n del concurso fotogr\u00e1fico \u201cMequinenza de Foto\u201d, la sexta, una iniciativa que invita a capturar, a trav\u00e9s del objetivo de una c\u00e1mara, la esencia del municipio y a poner en valor su paisaje, su patrimonio, la vida cotidiana de la localidad o su potencial tur\u00edstico.<\/p><p>El certamen est\u00e1 abierto a la participaci\u00f3n de personas mayores de 18 a\u00f1os, que podr\u00e1n presentar hasta un m\u00e1ximo de tres fotograf\u00edas por autor. Las im\u00e1genes deber\u00e1n tener como protagonista la localidad de Mequinenza y reflejar alguno de sus elementos caracter\u00edsticos, como sus paisajes, los r\u00edos, sus gentes, su patrimonio material o inmaterial. Todas las fotograf\u00edas deber\u00e1n haber sido realizadas en el t\u00e9rmino municipal.<\/p><p>Las obras deber\u00e1n enviarse a trav\u00e9s de\u00a0<a href=\"https:\/\/www.museosdemequinenza.com\/ca\/mequinenzadefoto\/\" target=\"_blank\" rel=\"noopener\"><b>la p\u00e1gina web de los Museos de Mequinenza<\/b><\/a>, en el apartado habilitado para el concurso, donde los participantes deber\u00e1n adjuntar la obra en archivo digital, el t\u00edtulo, nombre y apellidos del autor o autora, as\u00ed como un correo electr\u00f3nico y tel\u00e9fono de contacto. El plazo de presentaci\u00f3n de trabajos permanecer\u00e1 abierto hasta el 12 de abril de 2026 a las 2 de la tarde.<\/p><p>La elecci\u00f3n de la instant\u00e1nea ganadora, que recibir\u00e1 un lote de productos artesanos de Mequinenza como premio, combinar\u00e1 el criterio t\u00e9cnico y la participaci\u00f3n ciudadana, en este caso a trav\u00e9s del voto popular durante la exposici\u00f3n temporal de las fotograf\u00edas, que podr\u00e1 visitarse en el Museo de la Historia durante la festividad de \u201cSant Jordi al Poble Vell\u201d 2026.<\/p><p>Con esta iniciativa, los Museos de Mequinenza buscan fomentar la creatividad y promover la difusi\u00f3n del patrimonio natural, cultural y social del municipio a trav\u00e9s de la fotograf\u00eda, invitando tanto a vecinos como a visitantes a compartir su mirada sobre la localidad.<\/p>\t\t\t\t\t\t\t\t<\/div>\n\t\t\t\t<\/div>\n\t\t\t\t<div class=\"elementor-element elementor-element-d26a183 elementor-button-info elementor-align-center elementor-widget elementor-widget-button\" data-id=\"d26a183\" data-element_type=\"widget\" data-e-type=\"widget\" data-widget_type=\"button.default\">\n\t\t\t\t<div class=\"elementor-widget-container\">\n\t\t\t\t\t\t\t\t\t<div class=\"elementor-button-wrapper\">\n\t\t\t\t\t<a class=\"elementor-button elementor-button-link elementor-size-sm\" href=\"http:\/\/Bases%20del%20concurso%20Mequinenza%20de%20foto%202026\" target=\"_blank\">\n\t\t\t\t\t\t<span class=\"elementor-button-content-wrapper\">\n\t\t\t\t\t\t\t\t\t<span class=\"elementor-button-text\">Bases del concurso \"Mequinenza de foto\" 2026<\/span>\n\t\t\t\t\t<\/span>\n\t\t\t\t\t<\/a>\n\t\t\t\t<\/div>\n\t\t\t\t\t\t\t\t<\/div>\n\t\t\t\t<\/div>\n\t\t\t\t<div class=\"elementor-element elementor-element-bebbaa0 elementor-button-info elementor-align-center elementor-widget elementor-widget-button\" data-id=\"bebbaa0\" data-element_type=\"widget\" data-e-type=\"widget\" data-widget_type=\"button.default\">\n\t\t\t\t<div class=\"elementor-widget-container\">\n\t\t\t\t\t\t\t\t\t<div class=\"elementor-button-wrapper\">\n\t\t\t\t\t<a class=\"elementor-button elementor-button-link elementor-size-sm\" href=\"https:\/\/www.museosdemequinenza.com\/ca\/mequinenzadefoto\/\" target=\"_blank\">\n\t\t\t\t\t\t<span class=\"elementor-button-content-wrapper\">\n\t\t\t\t\t\t\t\t\t<span class=\"elementor-button-text\"> Informaci\u00f3n y formulario de participaci\u00f3n<\/span>\n\t\t\t\t\t<\/span>\n\t\t\t\t\t<\/a>\n\t\t\t\t<\/div>\n\t\t\t\t\t\t\t\t<\/div>\n\t\t\t\t<\/div>\n\t\t\t\t\t<\/div>\n\t\t<\/div>\n\t\t\t\t\t<\/div>\n\t\t<\/section>\n\t\t\t\t<\/div>","protected":false},"excerpt":{"rendered":"<p>Las im\u00e1genes, tres como m\u00e1ximo por autor, deber\u00e1n tener como protagonista la localidad y podr\u00e1n presentarse hasta el 12 de abril a trav\u00e9s de la web de los Museos de Mequinenza. Los Museos de Mequinenza han convocado una nueva edici\u00f3n del concurso fotogr\u00e1fico \u201cMequinenza de Foto\u201d, la sexta, una iniciativa que invita a capturar, a<\/p>\n<p><a href=\"https:\/\/www.museosdemequinenza.com\/ca\/la-nueva-edicion-del-concurso-mequinenza-de-foto-invita-a-capturar-la-esencia-de-la-localidad-en-imagenes\/\" class=\"more-link themebutton\">Read More<\/a><\/p>","protected":false},"author":1,"featured_media":13582,"comment_status":"closed","ping_status":"closed","sticky":false,"template":"","format":"standard","meta":{"_monsterinsights_skip_tracking":false,"_monsterinsights_sitenote_active":false,"_monsterinsights_sitenote_note":"","_monsterinsights_sitenote_category":0,"footnotes":""},"categories":[18],"tags":[],"class_list":["post-13599","post","type-post","status-publish","format-standard","has-post-thumbnail","hentry","category-sin-categoria-en"],"aioseo_notices":[],"_links":{"self":[{"href":"https:\/\/www.museosdemequinenza.com\/ca\/wp-json\/wp\/v2\/posts\/13599","targetHints":{"allow":["GET"]}}],"collection":[{"href":"https:\/\/www.museosdemequinenza.com\/ca\/wp-json\/wp\/v2\/posts"}],"about":[{"href":"https:\/\/www.museosdemequinenza.com\/ca\/wp-json\/wp\/v2\/types\/post"}],"author":[{"embeddable":true,"href":"https:\/\/www.museosdemequinenza.com\/ca\/wp-json\/wp\/v2\/users\/1"}],"replies":[{"embeddable":true,"href":"https:\/\/www.museosdemequinenza.com\/ca\/wp-json\/wp\/v2\/comments?post=13599"}],"version-history":[{"count":4,"href":"https:\/\/www.museosdemequinenza.com\/ca\/wp-json\/wp\/v2\/posts\/13599\/revisions"}],"predecessor-version":[{"id":13603,"href":"https:\/\/www.museosdemequinenza.com\/ca\/wp-json\/wp\/v2\/posts\/13599\/revisions\/13603"}],"wp:featuredmedia":[{"embeddable":true,"href":"https:\/\/www.museosdemequinenza.com\/ca\/wp-json\/wp\/v2\/media\/13582"}],"wp:attachment":[{"href":"https:\/\/www.museosdemequinenza.com\/ca\/wp-json\/wp\/v2\/media?parent=13599"}],"wp:term":[{"taxonomy":"category","embeddable":true,"href":"https:\/\/www.museosdemequinenza.com\/ca\/wp-json\/wp\/v2\/categories?post=13599"},{"taxonomy":"post_tag","embeddable":true,"href":"https:\/\/www.museosdemequinenza.com\/ca\/wp-json\/wp\/v2\/tags?post=13599"}],"curies":[{"name":"wp","href":"https:\/\/api.w.org\/{rel}","templated":true}]}}