{"id":13594,"date":"2026-03-10T13:35:42","date_gmt":"2026-03-10T11:35:42","guid":{"rendered":"https:\/\/www.museosdemequinenza.com\/?p=13594"},"modified":"2026-03-10T13:38:02","modified_gmt":"2026-03-10T11:38:02","slug":"mes-de-30-propostes-musicals-opten-al-premi-noves-veus-pels-vells-mots","status":"publish","type":"post","link":"https:\/\/www.museosdemequinenza.com\/ca\/mes-de-30-propostes-musicals-opten-al-premi-noves-veus-pels-vells-mots\/","title":{"rendered":"M\u00e9s de 30 propostes musicals opten al premi Noves veus pels vells mots"},"content":{"rendered":"<div data-elementor-type=\"wp-post\" data-elementor-id=\"13594\" class=\"elementor elementor-13594\">\n\t\t\t\t\t\t<section class=\"elementor-section elementor-top-section elementor-element elementor-element-0e0d9d1 elementor-section-boxed elementor-section-height-default elementor-section-height-default\" data-id=\"0e0d9d1\" data-element_type=\"section\" data-e-type=\"section\">\n\t\t\t\t\t\t<div class=\"elementor-container elementor-column-gap-default\">\n\t\t\t\t\t<div class=\"elementor-column elementor-col-100 elementor-top-column elementor-element elementor-element-1b8dae8\" data-id=\"1b8dae8\" data-element_type=\"column\" data-e-type=\"column\">\n\t\t\t<div class=\"elementor-widget-wrap elementor-element-populated\">\n\t\t\t\t\t\t<div class=\"elementor-element elementor-element-a5a8799 elementor-widget elementor-widget-image\" data-id=\"a5a8799\" data-element_type=\"widget\" data-e-type=\"widget\" data-widget_type=\"image.default\">\n\t\t\t\t<div class=\"elementor-widget-container\">\n\t\t\t\t\t\t\t\t\t\t\t\t\t\t\t<img fetchpriority=\"high\" decoding=\"async\" width=\"1024\" height=\"722\" src=\"https:\/\/www.museosdemequinenza.com\/wp-content\/uploads\/2025\/11\/noves-veus-pels-vells-mots-1024x722.jpg\" class=\"attachment-large size-large wp-image-13302\" alt=\"\" srcset=\"https:\/\/www.museosdemequinenza.com\/wp-content\/uploads\/2025\/11\/noves-veus-pels-vells-mots-1024x722.jpg 1024w, https:\/\/www.museosdemequinenza.com\/wp-content\/uploads\/2025\/11\/noves-veus-pels-vells-mots-300x211.jpg 300w, https:\/\/www.museosdemequinenza.com\/wp-content\/uploads\/2025\/11\/noves-veus-pels-vells-mots-768x541.jpg 768w, https:\/\/www.museosdemequinenza.com\/wp-content\/uploads\/2025\/11\/noves-veus-pels-vells-mots-1536x1083.jpg 1536w, https:\/\/www.museosdemequinenza.com\/wp-content\/uploads\/2025\/11\/noves-veus-pels-vells-mots-2048x1444.jpg 2048w, https:\/\/www.museosdemequinenza.com\/wp-content\/uploads\/2025\/11\/noves-veus-pels-vells-mots-18x12.jpg 18w\" sizes=\"(max-width: 1024px) 100vw, 1024px\" \/>\t\t\t\t\t\t\t\t\t\t\t\t\t\t\t<\/div>\n\t\t\t\t<\/div>\n\t\t\t\t<div class=\"elementor-element elementor-element-498f469 elementor-widget elementor-widget-text-editor\" data-id=\"498f469\" data-element_type=\"widget\" data-e-type=\"widget\" data-widget_type=\"text-editor.default\">\n\t\t\t\t<div class=\"elementor-widget-container\">\n\t\t\t\t\t\t\t\t\t<p><strong>M\u00fasics de tot el territori adapten textos de 22 autors amb una pres\u00e8ncia femenina destacada, les propostes arriben de tot el territori, incloses les Illes Balears i el Pa\u00eds Valenci\u00e0.<\/strong><\/p>\t\t\t\t\t\t\t\t<\/div>\n\t\t\t\t<\/div>\n\t\t\t\t<div class=\"elementor-element elementor-element-2972a48 elementor-widget elementor-widget-text-editor\" data-id=\"2972a48\" data-element_type=\"widget\" data-e-type=\"widget\" data-widget_type=\"text-editor.default\">\n\t\t\t\t<div class=\"elementor-widget-container\">\n\t\t\t\t\t\t\t\t\t<p>Dilluns 9 de mar\u00e7 va finalitzar el termini per presentar-se a la I edici\u00f3 del premi a la millor adaptaci\u00f3 musical contempor\u00e0nia d&#8217;un text literari d&#8217;un autor vinculat a Espais Escrits,\u00a0<em>Noves veus pels vells mots<\/em>. En total, s&#8217;hi han presentat 34 propostes, que opten al Premi i representen 22 autors diferents.<\/p><p>L&#8217;autor amb m\u00e9s propostes musicals presentades \u00e9s Miquel Mart\u00ed i Pol, amb cinc, seguit de Merc\u00e8 Rodoreda, amb quatre. Dues propostes musiquen textos de Blai Bonet, Jacint Verdaguer, Carmelina S\u00e1nchez Cutillas i Anna Dodas. Tamb\u00e9 hi trobem adaptacions de Montserrat Abell\u00f3, Gabriel Alomar, Vicent Andr\u00e9s Estell\u00e9s, Aurora Bertrana, Salvador Espriu, Gabriel Ferrater, J. V. Foix, Francesc Vicent Garcia (el Rector de Vallgofona), \u00c0ngel Guimer\u00e0, Joana Raspall, Bartomeu Rossell\u00f3-P\u00f2rcel, Carles Riba, J. M. de Sagarra, Joan Salvat-Papasseit, Mari\u00e0 Villang\u00f3mez i Joan Vinyoli.\u00a0<span style=\"font-size: 16px;\">Les propostes arriben de nord a sud dels Pa\u00efsos Catalans, amb m\u00fasics de les Illes Balears i del Pa\u00eds Valenci\u00e0, i amb una pres\u00e8ncia femenina destacada.\u00a0<\/span><\/p><p>El jurat, format per Salvador Brotons, Llu\u00eds Gendrau, Gemma Humet, Arnau Tordera i Teresa Maci\u00e0 (amb veu per\u00f2 sense vot), es reunir\u00e0 pr\u00f2ximament per decidir el guanyador.\u00a0<span style=\"font-size: 16px;\">El veredicte es donar\u00e0 a con\u00e8ixer el 21 de mar\u00e7 en el marc del concert\u00a0<\/span><em style=\"font-size: 16px;\">Totes les ones de la mar. Gemma Humet canta els cl\u00e0ssics,<\/em><span style=\"font-size: 16px;\">\u00a0que tindr\u00e0 lloc a la Fundaci\u00f3 Palau, de Caldes d&#8217;Estrac.\u00a0<\/span><span style=\"font-size: 16px;\">El guanyador oferir\u00e0 un concert el dia 7 de juny a les 12 h a Vil\u00b7la Joana, dins el cicle Poesia als Parcs.<\/span><\/p>\t\t\t\t\t\t\t\t<\/div>\n\t\t\t\t<\/div>\n\t\t\t\t\t<\/div>\n\t\t<\/div>\n\t\t\t\t\t<\/div>\n\t\t<\/section>\n\t\t\t\t<\/div>","protected":false},"excerpt":{"rendered":"<p>M\u00fasics de tot el territori adapten textos de 22 autors amb una pres\u00e8ncia femenina destacada, les propostes arriben de tot el territori, incloses les Illes Balears i el Pa\u00eds Valenci\u00e0. Dilluns 9 de mar\u00e7 va finalitzar el termini per presentar-se a la I edici\u00f3 del premi a la millor adaptaci\u00f3 musical contempor\u00e0nia d&#8217;un text literari<\/p>\n<p><a href=\"https:\/\/www.museosdemequinenza.com\/ca\/mes-de-30-propostes-musicals-opten-al-premi-noves-veus-pels-vells-mots\/\" class=\"more-link themebutton\">Read More<\/a><\/p>","protected":false},"author":1,"featured_media":13302,"comment_status":"closed","ping_status":"closed","sticky":false,"template":"","format":"standard","meta":{"_monsterinsights_skip_tracking":false,"_monsterinsights_sitenote_active":false,"_monsterinsights_sitenote_note":"","_monsterinsights_sitenote_category":0,"footnotes":""},"categories":[18],"tags":[],"class_list":["post-13594","post","type-post","status-publish","format-standard","has-post-thumbnail","hentry","category-sin-categoria-en"],"aioseo_notices":[],"_links":{"self":[{"href":"https:\/\/www.museosdemequinenza.com\/ca\/wp-json\/wp\/v2\/posts\/13594","targetHints":{"allow":["GET"]}}],"collection":[{"href":"https:\/\/www.museosdemequinenza.com\/ca\/wp-json\/wp\/v2\/posts"}],"about":[{"href":"https:\/\/www.museosdemequinenza.com\/ca\/wp-json\/wp\/v2\/types\/post"}],"author":[{"embeddable":true,"href":"https:\/\/www.museosdemequinenza.com\/ca\/wp-json\/wp\/v2\/users\/1"}],"replies":[{"embeddable":true,"href":"https:\/\/www.museosdemequinenza.com\/ca\/wp-json\/wp\/v2\/comments?post=13594"}],"version-history":[{"count":4,"href":"https:\/\/www.museosdemequinenza.com\/ca\/wp-json\/wp\/v2\/posts\/13594\/revisions"}],"predecessor-version":[{"id":13598,"href":"https:\/\/www.museosdemequinenza.com\/ca\/wp-json\/wp\/v2\/posts\/13594\/revisions\/13598"}],"wp:featuredmedia":[{"embeddable":true,"href":"https:\/\/www.museosdemequinenza.com\/ca\/wp-json\/wp\/v2\/media\/13302"}],"wp:attachment":[{"href":"https:\/\/www.museosdemequinenza.com\/ca\/wp-json\/wp\/v2\/media?parent=13594"}],"wp:term":[{"taxonomy":"category","embeddable":true,"href":"https:\/\/www.museosdemequinenza.com\/ca\/wp-json\/wp\/v2\/categories?post=13594"},{"taxonomy":"post_tag","embeddable":true,"href":"https:\/\/www.museosdemequinenza.com\/ca\/wp-json\/wp\/v2\/tags?post=13594"}],"curies":[{"name":"wp","href":"https:\/\/api.w.org\/{rel}","templated":true}]}}