{"id":13586,"date":"2026-03-09T19:18:21","date_gmt":"2026-03-09T17:18:21","guid":{"rendered":"https:\/\/www.museosdemequinenza.com\/?p=13586"},"modified":"2026-03-09T19:28:10","modified_gmt":"2026-03-09T17:28:10","slug":"la-marcha-senderista-de-mequinenza-alcanza-su-mayoria-de-edad-caminando-contra-cancer","status":"publish","type":"post","link":"https:\/\/www.museosdemequinenza.com\/ca\/la-marcha-senderista-de-mequinenza-alcanza-su-mayoria-de-edad-caminando-contra-cancer\/","title":{"rendered":"La Marcha Senderista de Mequinenza alcanza su mayor\u00eda de edad caminando contra c\u00e1ncer"},"content":{"rendered":"\t\t<div data-elementor-type=\"wp-post\" data-elementor-id=\"13586\" class=\"elementor elementor-13586\">\n\t\t\t\t\t\t<section class=\"elementor-section elementor-top-section elementor-element elementor-element-893a687 elementor-section-boxed elementor-section-height-default elementor-section-height-default\" data-id=\"893a687\" data-element_type=\"section\" data-e-type=\"section\">\n\t\t\t\t\t\t<div class=\"elementor-container elementor-column-gap-default\">\n\t\t\t\t\t<div class=\"elementor-column elementor-col-100 elementor-top-column elementor-element elementor-element-fbd9f07\" data-id=\"fbd9f07\" data-element_type=\"column\" data-e-type=\"column\">\n\t\t\t<div class=\"elementor-widget-wrap elementor-element-populated\">\n\t\t\t\t\t\t<div class=\"elementor-element elementor-element-76fb639 elementor-widget elementor-widget-image\" data-id=\"76fb639\" data-element_type=\"widget\" data-e-type=\"widget\" data-widget_type=\"image.default\">\n\t\t\t\t<div class=\"elementor-widget-container\">\n\t\t\t\t\t\t\t\t\t\t\t\t\t\t\t<img fetchpriority=\"high\" decoding=\"async\" width=\"1140\" height=\"380\" src=\"https:\/\/www.museosdemequinenza.com\/wp-content\/uploads\/2026\/03\/IMG_8926-1140x380.jpg\" class=\"attachment-column1-1\/3 size-column1-1\/3 wp-image-13588\" alt=\"\" srcset=\"https:\/\/www.museosdemequinenza.com\/wp-content\/uploads\/2026\/03\/IMG_8926-1140x380.jpg 1140w, https:\/\/www.museosdemequinenza.com\/wp-content\/uploads\/2026\/03\/IMG_8926-380x127.jpg 380w\" sizes=\"(max-width: 1140px) 100vw, 1140px\" \/>\t\t\t\t\t\t\t\t\t\t\t\t\t\t\t<\/div>\n\t\t\t\t<\/div>\n\t\t\t\t<div class=\"elementor-element elementor-element-e6b1a70 elementor-widget elementor-widget-text-editor\" data-id=\"e6b1a70\" data-element_type=\"widget\" data-e-type=\"widget\" data-widget_type=\"text-editor.default\">\n\t\t\t\t<div class=\"elementor-widget-container\">\n\t\t\t\t\t\t\t\t\t<article class=\"text-token-text-primary w-full focus:outline-none [--shadow-height:45px] has-data-writing-block:pointer-events-none has-data-writing-block:-mt-(--shadow-height) has-data-writing-block:pt-(--shadow-height) [&amp;:has([data-writing-block])&gt;*]:pointer-events-auto scroll-mt-(--header-height)\" dir=\"auto\" tabindex=\"-1\" data-turn-id=\"79374015-c01e-44fe-908a-37d11dc916a7\" data-testid=\"conversation-turn-1\" data-scroll-anchor=\"false\" data-turn=\"user\"><\/article><article class=\"text-token-text-primary w-full focus:outline-none [--shadow-height:45px] has-data-writing-block:pointer-events-none has-data-writing-block:-mt-(--shadow-height) has-data-writing-block:pt-(--shadow-height) [&amp;:has([data-writing-block])&gt;*]:pointer-events-auto scroll-mt-[calc(var(--header-height)+min(200px,max(70px,20svh)))]\" dir=\"auto\" tabindex=\"-1\" data-turn-id=\"request-WEB:b39b1a92-c2d2-4126-bb13-411116fbaf78-0\" data-testid=\"conversation-turn-2\" data-scroll-anchor=\"true\" data-turn=\"assistant\"><\/article><div class=\"[--thread-content-max-width:40rem] @w-lg\/main:[--thread-content-max-width:48rem] mx-auto max-w-(--thread-content-max-width) flex-1 group\/turn-messages focus-visible:outline-hidden relative flex w-full min-w-0 flex-col agent-turn\" tabindex=\"-1\"><div class=\"flex max-w-full flex-col gap-4 grow\"><div class=\"min-h-8 text-message relative flex w-full flex-col items-end gap-2 text-start break-words whitespace-normal [.text-message+&amp;]:mt-1\" dir=\"auto\" data-message-author-role=\"assistant\" data-message-id=\"aa14b97e-9f91-40aa-9dc9-de193953a51e\" data-message-model-slug=\"gpt-5-3\"><div class=\"flex w-full flex-col gap-1 empty:hidden\"><div class=\"markdown prose dark:prose-invert w-full wrap-break-word dark markdown-new-styling\"><p data-start=\"0\" data-end=\"217\"><strong>Se celebrar\u00e1 el 22 de marzo sobre tres recorridos, de 4, 14 y 22 kil\u00f3metros, y la recaudaci\u00f3n \u00edntegra se destinar\u00e1 a la Asociaci\u00f3n Espa\u00f1ola Contra el C\u00e1ncer. Las inscripciones podr\u00e1n formalizarse hasta el 19 de marzo.<\/strong><\/p><\/div><\/div><\/div><\/div><\/div>\t\t\t\t\t\t\t\t<\/div>\n\t\t\t\t<\/div>\n\t\t\t\t<div class=\"elementor-element elementor-element-79e30c6 elementor-widget elementor-widget-text-editor\" data-id=\"79e30c6\" data-element_type=\"widget\" data-e-type=\"widget\" data-widget_type=\"text-editor.default\">\n\t\t\t\t<div class=\"elementor-widget-container\">\n\t\t\t\t\t\t\t\t\t<p data-start=\"219\" data-end=\"595\">La XVIII Marcha Senderista Villa de Mequinenza volver\u00e1 a combinar deporte, el fomento de h\u00e1bitos saludables, naturaleza y solidaridad. La edici\u00f3n de la mayor\u00eda de edad de esta cita deportiva se celebrar\u00e1 el domingo 22 de marzo y la recaudaci\u00f3n integra, como en ediciones anteriores, se destinar\u00e1 a la Asociaci\u00f3n Espa\u00f1ola Contra el C\u00e1ncer (AECC).<\/p><p data-start=\"597\" data-end=\"785\">Organizada por el Ayuntamiento de Mequinenza, la marcha ofrece tres recorridos adaptados a distintos niveles de dificultad, todos ellos con salida y llegada en el Complejo Deportivo Capri. Los participantes podr\u00e1n elegir entre una ruta \u201cDorsal 0\u201d de aproximadamente 4 kil\u00f3metros, pensada como paseo accesible para todos los p\u00fablicos; una ruta corta de unos 14 kil\u00f3metros; y una ruta larga de 22 kil\u00f3metros, dirigida a senderistas con mayor preparaci\u00f3n f\u00edsica. La salida se realizar\u00e1 entre las 8.00 y las 9.30 horas, aunque quienes participen en el recorrido largo deber\u00e1n iniciar la marcha antes de las 8.30 horas, mientras que quienes opten por completar el itinerario corriendo lo har\u00e1n a las 8.00 horas, antes de la salida general.<\/p><p data-start=\"1335\" data-end=\"2121\">Los itinerarios previstos permitir\u00e1n a los inscritos descubrir algunos de los espacios m\u00e1s representativos del entorno de Mequinenza. La ruta \u201cDorsal 0\u201d discurrir\u00e1 por zonas urbanas y patrimoniales como el \u201cPoble Vell\u201d, el antiguo n\u00facleo urbano desaparecido por la construcci\u00f3n del Embalse de Riba-roja y del que se conserva el trazado de sus calles, mientras que las rutas corta y larga se adentrar\u00e1n en parajes naturales y caminos rurales del t\u00e9rmino municipal, pasando por lugares como \u201cVal Carn\u00e9s\u201d, el Camino de \u201cVesecr\u00ed\u201d, el \u201cBarranc del Metge\u201d, el puerto de Fay\u00f3n o la zona pr\u00f3xima al monumento de la Batalla del Ebro, en la partida de los \u201cAuts\u201d, ofreciendo espectaculares panor\u00e1micas del paisaje agr\u00edcola, que se encuentra en la fase final la floraci\u00f3n, y fluvial del municipio.<\/p><p data-start=\"2123\" data-end=\"2495\">Se han previsto hasta cuatro puntos de control y avituallamiento con alimentos y bebidas a lo largo del recorrido, dependiendo del elegido, adem\u00e1s de asistencia sanitaria, voluntarios de apoyo e indicaciones para garantizar el correcto desarrollo de la actividad. Al finalizar la marcha, todos los participantes recibir\u00e1n un recuerdo conmemorativo y un bocadillo caliente.<\/p><p data-start=\"2655\" data-end=\"3115\">Desde la organizaci\u00f3n se recuerda a los participantes la importancia de seguir en todo momento el itinerario se\u00f1alizado y respetar las indicaciones de los voluntarios, tanto por seguridad como por respeto al entorno natural. En este sentido, se recomienda no abandonar el recorrido marcado, una medida habitual en este tipo de actividades que contribuye a garantizar el buen desarrollo de la marcha y la convivencia entre los diferentes usos del medio natural.<\/p><p data-start=\"3117\" data-end=\"3456\">Asimismo, se aconseja a los participantes llevar ropa y calzado adecuados para la pr\u00e1ctica del senderismo, hidratarse correctamente durante la marcha y valorar la elecci\u00f3n del recorrido en funci\u00f3n de la condici\u00f3n f\u00edsica de cada uno. En el caso de los menores de 16 a\u00f1os, deber\u00e1n realizar el recorrido acompa\u00f1ados por un adulto responsable.<\/p><p data-start=\"3458\" data-end=\"3986\">Las inscripciones pueden formalizarse hasta el 19 de marzo, tienen un coste de 10 euros y pueden realizarse online (<a class=\"decorated-link cursor-pointer\" target=\"_new\" rel=\"noopener\" data-start=\"3574\" data-end=\"3648\">https:\/\/apuntame.click\/evento\/xviii-marcha-senderista-mequinenza-2026\/info<\/a>), o enviando la hoja de inscripci\u00f3n que se encuentra en el d\u00edptico informativo junto con el justificante bancario al correo electr\u00f3nico habilitado por la organizaci\u00f3n. Los federados con licencia FAM 2026 disponen de un descuento de 3 euros, aunque pueden aportar la cantidad \u00edntegra si desean colaborar plenamente con la causa solidaria.<\/p><p data-start=\"3988\" data-end=\"4221\" data-is-last-node=\"\" data-is-only-node=\"\">La organizaci\u00f3n anima a vecinos y visitantes a sumarse a una jornada que une deporte, convivencia y solidaridad en un entorno natural privilegiado, contribuyendo adem\u00e1s a apoyar la labor clave de la AECC en la lucha contra el c\u00e1ncer.<\/p>\t\t\t\t\t\t\t\t<\/div>\n\t\t\t\t<\/div>\n\t\t\t\t\t<\/div>\n\t\t<\/div>\n\t\t\t\t\t<\/div>\n\t\t<\/section>\n\t\t\t\t<\/div>\n\t\t","protected":false},"excerpt":{"rendered":"<p>Se celebrar\u00e1 el 22 de marzo sobre tres recorridos, de 4, 14 y 22 kil\u00f3metros, y la recaudaci\u00f3n \u00edntegra se destinar\u00e1 a la Asociaci\u00f3n Espa\u00f1ola Contra el C\u00e1ncer. Las inscripciones podr\u00e1n formalizarse hasta el 19 de marzo. La XVIII Marcha Senderista Villa de Mequinenza volver\u00e1 a combinar deporte, el fomento de h\u00e1bitos saludables, naturaleza y<\/p>\n<p><a href=\"https:\/\/www.museosdemequinenza.com\/ca\/la-marcha-senderista-de-mequinenza-alcanza-su-mayoria-de-edad-caminando-contra-cancer\/\" class=\"more-link themebutton\">Read More<\/a><\/p>","protected":false},"author":1,"featured_media":13587,"comment_status":"closed","ping_status":"closed","sticky":false,"template":"","format":"standard","meta":{"_monsterinsights_skip_tracking":false,"_monsterinsights_sitenote_active":false,"_monsterinsights_sitenote_note":"","_monsterinsights_sitenote_category":0,"footnotes":""},"categories":[18],"tags":[],"class_list":["post-13586","post","type-post","status-publish","format-standard","has-post-thumbnail","hentry","category-sin-categoria-en"],"aioseo_notices":[],"_links":{"self":[{"href":"https:\/\/www.museosdemequinenza.com\/ca\/wp-json\/wp\/v2\/posts\/13586","targetHints":{"allow":["GET"]}}],"collection":[{"href":"https:\/\/www.museosdemequinenza.com\/ca\/wp-json\/wp\/v2\/posts"}],"about":[{"href":"https:\/\/www.museosdemequinenza.com\/ca\/wp-json\/wp\/v2\/types\/post"}],"author":[{"embeddable":true,"href":"https:\/\/www.museosdemequinenza.com\/ca\/wp-json\/wp\/v2\/users\/1"}],"replies":[{"embeddable":true,"href":"https:\/\/www.museosdemequinenza.com\/ca\/wp-json\/wp\/v2\/comments?post=13586"}],"version-history":[{"count":4,"href":"https:\/\/www.museosdemequinenza.com\/ca\/wp-json\/wp\/v2\/posts\/13586\/revisions"}],"predecessor-version":[{"id":13593,"href":"https:\/\/www.museosdemequinenza.com\/ca\/wp-json\/wp\/v2\/posts\/13586\/revisions\/13593"}],"wp:featuredmedia":[{"embeddable":true,"href":"https:\/\/www.museosdemequinenza.com\/ca\/wp-json\/wp\/v2\/media\/13587"}],"wp:attachment":[{"href":"https:\/\/www.museosdemequinenza.com\/ca\/wp-json\/wp\/v2\/media?parent=13586"}],"wp:term":[{"taxonomy":"category","embeddable":true,"href":"https:\/\/www.museosdemequinenza.com\/ca\/wp-json\/wp\/v2\/categories?post=13586"},{"taxonomy":"post_tag","embeddable":true,"href":"https:\/\/www.museosdemequinenza.com\/ca\/wp-json\/wp\/v2\/tags?post=13586"}],"curies":[{"name":"wp","href":"https:\/\/api.w.org\/{rel}","templated":true}]}}