{"id":13330,"date":"2025-12-06T14:26:07","date_gmt":"2025-12-06T12:26:07","guid":{"rendered":"https:\/\/www.museosdemequinenza.com\/?p=13330"},"modified":"2025-12-06T14:28:45","modified_gmt":"2025-12-06T12:28:45","slug":"con-el-encendido-del-arbol-de-navidad-mequinenza-inaugura-un-amplio-programa-de-actividades-navidenas-en-la-localidad","status":"publish","type":"post","link":"https:\/\/www.museosdemequinenza.com\/ca\/con-el-encendido-del-arbol-de-navidad-mequinenza-inaugura-un-amplio-programa-de-actividades-navidenas-en-la-localidad\/","title":{"rendered":"Amb l\u2019encesa de l\u2019Arbre de Nadal, Mequinensa inaugura un ampli programa d\u2019activitats nadalenques al municipi."},"content":{"rendered":"<div data-elementor-type=\"wp-post\" data-elementor-id=\"13330\" class=\"elementor elementor-13330\">\n\t\t\t\t\t\t<section class=\"elementor-section elementor-top-section elementor-element elementor-element-041c4c6 elementor-section-boxed elementor-section-height-default elementor-section-height-default\" data-id=\"041c4c6\" data-element_type=\"section\" data-e-type=\"section\">\n\t\t\t\t\t\t<div class=\"elementor-container elementor-column-gap-default\">\n\t\t\t\t\t<div class=\"elementor-column elementor-col-100 elementor-top-column elementor-element elementor-element-8836b0b\" data-id=\"8836b0b\" data-element_type=\"column\" data-e-type=\"column\">\n\t\t\t<div class=\"elementor-widget-wrap elementor-element-populated\">\n\t\t\t\t\t\t<div class=\"elementor-element elementor-element-b0bb765 elementor-widget elementor-widget-image\" data-id=\"b0bb765\" data-element_type=\"widget\" data-e-type=\"widget\" data-widget_type=\"image.default\">\n\t\t\t\t<div class=\"elementor-widget-container\">\n\t\t\t\t\t\t\t\t\t\t\t\t\t\t\t<img fetchpriority=\"high\" decoding=\"async\" width=\"1024\" height=\"683\" src=\"https:\/\/www.museosdemequinenza.com\/wp-content\/uploads\/2025\/12\/IMG_5452-1024x683.jpg\" class=\"attachment-large size-large wp-image-13331\" alt=\"\" srcset=\"https:\/\/www.museosdemequinenza.com\/wp-content\/uploads\/2025\/12\/IMG_5452-1024x683.jpg 1024w, https:\/\/www.museosdemequinenza.com\/wp-content\/uploads\/2025\/12\/IMG_5452-300x200.jpg 300w, https:\/\/www.museosdemequinenza.com\/wp-content\/uploads\/2025\/12\/IMG_5452-768x512.jpg 768w, https:\/\/www.museosdemequinenza.com\/wp-content\/uploads\/2025\/12\/IMG_5452-1536x1024.jpg 1536w, https:\/\/www.museosdemequinenza.com\/wp-content\/uploads\/2025\/12\/IMG_5452-2048x1365.jpg 2048w, https:\/\/www.museosdemequinenza.com\/wp-content\/uploads\/2025\/12\/IMG_5452-18x12.jpg 18w, https:\/\/www.museosdemequinenza.com\/wp-content\/uploads\/2025\/12\/IMG_5452-1140x760.jpg 1140w, https:\/\/www.museosdemequinenza.com\/wp-content\/uploads\/2025\/12\/IMG_5452-570x380.jpg 570w, https:\/\/www.museosdemequinenza.com\/wp-content\/uploads\/2025\/12\/IMG_5452-380x254.jpg 380w, https:\/\/www.museosdemequinenza.com\/wp-content\/uploads\/2025\/12\/IMG_5452-285x190.jpg 285w\" sizes=\"(max-width: 1024px) 100vw, 1024px\" \/>\t\t\t\t\t\t\t\t\t\t\t\t\t\t\t<\/div>\n\t\t\t\t<\/div>\n\t\t\t\t<div class=\"elementor-element elementor-element-31931a3 elementor-widget elementor-widget-text-editor\" data-id=\"31931a3\" data-element_type=\"widget\" data-e-type=\"widget\" data-widget_type=\"text-editor.default\">\n\t\t\t\t<div class=\"elementor-widget-container\">\n\t\t\t\t\t\t\t\t\t<p><strong>Desde el concierto del Coro de Mequinenza a la visita de los Reyes Magos pasando por los \u201cMequiRascaXecs\u201d, la campa\u00f1a de dinamizaci\u00f3n del comercio, o la sesi\u00f3n de baile de A\u00f1o Nuevo.<\/strong><\/p>\t\t\t\t\t\t\t\t<\/div>\n\t\t\t\t<\/div>\n\t\t\t\t<div class=\"elementor-element elementor-element-14f2273 elementor-widget elementor-widget-text-editor\" data-id=\"14f2273\" data-element_type=\"widget\" data-e-type=\"widget\" data-widget_type=\"text-editor.default\">\n\t\t\t\t<div class=\"elementor-widget-container\">\n\t\t\t\t\t\t\t\t\t<p>Coincidiendo con el puente de la Constituci\u00f3n, Mequinenza ha dado la bienvenida a la Navidad con el encendido del alumbrado navide\u00f1o distribuido por calles y plazas y, especialmente, con la iluminaci\u00f3n del \u00c1rbol de Navidad elaborado por los alumnos del Centro de Formaci\u00f3n Profesional Santa Agatoclia, por encargo del Ayuntamiento de Mequinenza. El acto, celebrado en la Plaza Joaqu\u00edn Torres y acompa\u00f1ado por una degustaci\u00f3n de chocolate caliente, ha reunido a vecinos y familias en un ambiente festivo que marca el inicio de un amplio programa de actividades navide\u00f1as y que han querido aprovechar la magn\u00edfica tarde en lo climatol\u00f3gico.<\/p>\t\t\t\t\t\t\t\t<\/div>\n\t\t\t\t<\/div>\n\t\t\t\t<section class=\"elementor-section elementor-inner-section elementor-element elementor-element-ea5e14b elementor-section-boxed elementor-section-height-default elementor-section-height-default\" data-id=\"ea5e14b\" data-element_type=\"section\" data-e-type=\"section\">\n\t\t\t\t\t\t<div class=\"elementor-container elementor-column-gap-default\">\n\t\t\t\t\t<div class=\"elementor-column elementor-col-50 elementor-inner-column elementor-element elementor-element-95f6aa6\" data-id=\"95f6aa6\" data-element_type=\"column\" data-e-type=\"column\">\n\t\t\t<div class=\"elementor-widget-wrap elementor-element-populated\">\n\t\t\t\t\t\t<div class=\"elementor-element elementor-element-5f48fb2 elementor-widget elementor-widget-image\" data-id=\"5f48fb2\" data-element_type=\"widget\" data-e-type=\"widget\" data-widget_type=\"image.default\">\n\t\t\t\t<div class=\"elementor-widget-container\">\n\t\t\t\t\t\t\t\t\t\t\t\t\t\t\t<img decoding=\"async\" width=\"1024\" height=\"683\" src=\"https:\/\/www.museosdemequinenza.com\/wp-content\/uploads\/2025\/12\/IMG_5412-1024x683.jpg\" class=\"attachment-large size-large wp-image-13333\" alt=\"\" srcset=\"https:\/\/www.museosdemequinenza.com\/wp-content\/uploads\/2025\/12\/IMG_5412-1024x683.jpg 1024w, https:\/\/www.museosdemequinenza.com\/wp-content\/uploads\/2025\/12\/IMG_5412-300x200.jpg 300w, https:\/\/www.museosdemequinenza.com\/wp-content\/uploads\/2025\/12\/IMG_5412-768x512.jpg 768w, https:\/\/www.museosdemequinenza.com\/wp-content\/uploads\/2025\/12\/IMG_5412-1536x1024.jpg 1536w, https:\/\/www.museosdemequinenza.com\/wp-content\/uploads\/2025\/12\/IMG_5412-2048x1365.jpg 2048w, https:\/\/www.museosdemequinenza.com\/wp-content\/uploads\/2025\/12\/IMG_5412-18x12.jpg 18w, https:\/\/www.museosdemequinenza.com\/wp-content\/uploads\/2025\/12\/IMG_5412-1140x760.jpg 1140w, https:\/\/www.museosdemequinenza.com\/wp-content\/uploads\/2025\/12\/IMG_5412-570x380.jpg 570w, https:\/\/www.museosdemequinenza.com\/wp-content\/uploads\/2025\/12\/IMG_5412-380x254.jpg 380w, https:\/\/www.museosdemequinenza.com\/wp-content\/uploads\/2025\/12\/IMG_5412-285x190.jpg 285w\" sizes=\"(max-width: 1024px) 100vw, 1024px\" \/>\t\t\t\t\t\t\t\t\t\t\t\t\t\t\t<\/div>\n\t\t\t\t<\/div>\n\t\t\t\t\t<\/div>\n\t\t<\/div>\n\t\t\t\t<div class=\"elementor-column elementor-col-50 elementor-inner-column elementor-element elementor-element-3fd3ae9\" data-id=\"3fd3ae9\" data-element_type=\"column\" data-e-type=\"column\">\n\t\t\t<div class=\"elementor-widget-wrap elementor-element-populated\">\n\t\t\t\t\t\t<div class=\"elementor-element elementor-element-d8fad88 elementor-widget elementor-widget-image\" data-id=\"d8fad88\" data-element_type=\"widget\" data-e-type=\"widget\" data-widget_type=\"image.default\">\n\t\t\t\t<div class=\"elementor-widget-container\">\n\t\t\t\t\t\t\t\t\t\t\t\t\t\t\t<img decoding=\"async\" width=\"1024\" height=\"683\" src=\"https:\/\/www.museosdemequinenza.com\/wp-content\/uploads\/2025\/12\/IMG_5513-1024x683.jpg\" class=\"attachment-large size-large wp-image-13334\" alt=\"\" srcset=\"https:\/\/www.museosdemequinenza.com\/wp-content\/uploads\/2025\/12\/IMG_5513-1024x683.jpg 1024w, https:\/\/www.museosdemequinenza.com\/wp-content\/uploads\/2025\/12\/IMG_5513-300x200.jpg 300w, https:\/\/www.museosdemequinenza.com\/wp-content\/uploads\/2025\/12\/IMG_5513-768x512.jpg 768w, https:\/\/www.museosdemequinenza.com\/wp-content\/uploads\/2025\/12\/IMG_5513-1536x1024.jpg 1536w, https:\/\/www.museosdemequinenza.com\/wp-content\/uploads\/2025\/12\/IMG_5513-2048x1365.jpg 2048w, https:\/\/www.museosdemequinenza.com\/wp-content\/uploads\/2025\/12\/IMG_5513-18x12.jpg 18w, https:\/\/www.museosdemequinenza.com\/wp-content\/uploads\/2025\/12\/IMG_5513-1140x760.jpg 1140w, https:\/\/www.museosdemequinenza.com\/wp-content\/uploads\/2025\/12\/IMG_5513-570x380.jpg 570w, https:\/\/www.museosdemequinenza.com\/wp-content\/uploads\/2025\/12\/IMG_5513-380x254.jpg 380w, https:\/\/www.museosdemequinenza.com\/wp-content\/uploads\/2025\/12\/IMG_5513-285x190.jpg 285w\" sizes=\"(max-width: 1024px) 100vw, 1024px\" \/>\t\t\t\t\t\t\t\t\t\t\t\t\t\t\t<\/div>\n\t\t\t\t<\/div>\n\t\t\t\t\t<\/div>\n\t\t<\/div>\n\t\t\t\t\t<\/div>\n\t\t<\/section>\n\t\t\t\t<div class=\"elementor-element elementor-element-df72dfc elementor-widget elementor-widget-text-editor\" data-id=\"df72dfc\" data-element_type=\"widget\" data-e-type=\"widget\" data-widget_type=\"text-editor.default\">\n\t\t\t\t<div class=\"elementor-widget-container\">\n\t\t\t\t\t\t\t\t\t<p>Tras este primer acto del amplio programa navide\u00f1o, que se prolongar\u00e1 hasta la festividad de Reyes, toma el relevo la m\u00fasica y en concreto la Audici\u00f3n de Navidad del Coro de Mequinenza prevista para el s\u00e1bado 6 de diciembre a las 6 de la tarde en la Iglesia de Nuestra Se\u00f1ora de la Asunci\u00f3n. El recital contar\u00e1 con la participaci\u00f3n de la Coral Sant Bartomeu de Alpicat. Los alumnos de la Escuela Municipal de M\u00fasica \u201cJos\u00e9 Ferrer\u201d ofrecer\u00e1n su Concierto de Navidad el jueves 18 de diciembre a las 5 y media de la tarde en la Sala Goya y la Orquesta de Mequinenza ha programado su recital navide\u00f1o, centrado en \u201cEl Cascanueces\u201d de Tchaikovsky,\u00a0 el s\u00e1bado 20 de diciembre a las 7 de la tarde en la Iglesia de Nuestra Se\u00f1ora de la Asunci\u00f3n.<\/p><p>No faltar\u00e1n citas ineludibles de la Navidad mequinenzana como la celebraci\u00f3n del Mercadillo Navide\u00f1o, la llegada de Pap\u00e1 Noel, el Baile de A\u00f1o Nuevo y la visita de los Reyes Magos. As\u00ed el Mercadillo, con reposter\u00eda, manualidades, artesan\u00eda, un parque de hinchables y la representaci\u00f3n del Bel\u00e9n viviente, se celebrar\u00e1 el s\u00e1bado 13 de diciembre desde las 4 de la tarde, organizado por La Parroquia de Nuestra Se\u00f1ora de la Asunci\u00f3n. Santa Claus recorrer\u00e1 las calles de la localidad el mi\u00e9rcoles 24 de diciembre a partir de las 5 y media de la tarde. Tras las campanadas de fin de a\u00f1o, el jueves 1 de enero, la Sala Vora Riu abrir\u00e1 sus puertas para celebrar el primer baile del a\u00f1o y el lunes 5 de enero llega la noche m\u00e1s m\u00e1gica con la visita de los Reyes Magos precedida con un pasacalle que comenzar\u00e1 a las 5 y media de la tarde.<\/p><p>El Spai Jove ampl\u00eda sus horarios coincidiendo con el inicio del periodo no lectivo y adem\u00e1s de permanecer abierto durante todo el puente de la Constituci\u00f3n lo har\u00e1 del 19 de diciembre al 4 de enero a excepci\u00f3n de Nochebuena, Navidad, San Esteban, Nochevieja y A\u00f1o nuevo en su horario habitual, de 4 de la tarde a 9 de la noche. Por otro lado la Ludoteca de Invierno tendr\u00e1 su edici\u00f3n navide\u00f1a los d\u00edas 22, 23, 29 y 30 de diciembre y 2 de enero en horario de 9 a 13 horas en la Sala Vora Riu. Tambi\u00e9n pensando en los m\u00e1s peque\u00f1os se ha programado una actividad de hinchables el 4 de enero a las 4 de la tarde en la Sala Vora Riu<\/p><p>Las entidades sociales de la localidad tambi\u00e9n han preparado actividades para estas fechas. El Grup d\u2019Investicaci\u00f3 Coses del Poble celebrar\u00e1 su Gala en la Sala Goya el domingo 14 de diciembre a las 11 y media de la ma\u00f1ana con la presentaci\u00f3n del n\u00famero 8 de la revista \u201cL\u2019Angorfa\u201d dedicado este a\u00f1o al escritor Jes\u00fas Moncada al coincidir con el 20 aniversario de su muerte. El acto se cerrar\u00e1 con la actuaci\u00f3n del grupo local Los Hobbys que ofrecer\u00e1n un peque\u00f1o concierto ac\u00fastico. La Asociaci\u00f3n de la Mujer Mequinenzana \u201cLa Dona\u201d reunir\u00e1 a sus socias en la Sala Vora Riu en la merienda de Navidad el viernes 19 de diciembre a las 5 de la tarde, un acto festivo que servir\u00e1 para despedir el a\u00f1o y para preparar las visitas de Pap\u00e1 Noel y Reyes Magos en las que la entidad ejerce de anfritriona.<\/p><p>Por \u00faltimo y durante toda la Navidad se desarrollar\u00e1n dos campa\u00f1as impulsadas desde el Ayuntamiento de Mequinenza: el III Concurso de Decoraci\u00f3n Navide\u00f1a, dirigido a viviendas particulares, comunidades de vecinos, calles y plazas, y una nueva edici\u00f3n de la campa\u00f1a de promoci\u00f3n del comercio local bajo la denominaci\u00f3n \u201cMequiRascaXecs\u201d. Los interesados en participar en el Concurso deber\u00e1n inscribirse hasta el 19 de diciembre en la Oficina de Atenci\u00f3n al Ciudadano de Mequinenza en horario de 9 a 14 horas. Los \u201cMequiRascaXecs\u201d repartir\u00e1n cerca de 10.000 euros en premios de 10, 5 y 3 euros por las compras realizadas hasta el 6 de enero en los 24 establecimientos participantes en la campa\u00f1a y que podr\u00e1n canjearse a partir de esa fecha hasta el 7 de marzo.<\/p><p>El Ayuntamiento de Mequinenza invita a todos los vecinos a participar en las actividades programadas, todas ellas gratuitas, a disfrutar de los encuentros, la cultura y la tradici\u00f3n en estas fechas tan se\u00f1aladas, y a compartir el esp\u00edritu de la Navidad en un ambiente festivo y familiar.<\/p>\t\t\t\t\t\t\t\t<\/div>\n\t\t\t\t<\/div>\n\t\t\t\t\t<\/div>\n\t\t<\/div>\n\t\t\t\t\t<\/div>\n\t\t<\/section>\n\t\t\t\t<\/div>","protected":false},"excerpt":{"rendered":"<p>Desde el concierto del Coro de Mequinenza a la visita de los Reyes Magos pasando por los \u201cMequiRascaXecs\u201d, la campa\u00f1a de dinamizaci\u00f3n del comercio, o la sesi\u00f3n de baile de A\u00f1o Nuevo. Coincidiendo con el puente de la Constituci\u00f3n, Mequinenza ha dado la bienvenida a la Navidad con el encendido del alumbrado navide\u00f1o distribuido por<\/p>\n<p><a href=\"https:\/\/www.museosdemequinenza.com\/ca\/con-el-encendido-del-arbol-de-navidad-mequinenza-inaugura-un-amplio-programa-de-actividades-navidenas-en-la-localidad\/\" class=\"more-link themebutton\">Read More<\/a><\/p>","protected":false},"author":1,"featured_media":13331,"comment_status":"closed","ping_status":"closed","sticky":false,"template":"","format":"standard","meta":{"_monsterinsights_skip_tracking":false,"_monsterinsights_sitenote_active":false,"_monsterinsights_sitenote_note":"","_monsterinsights_sitenote_category":0,"footnotes":""},"categories":[18],"tags":[],"class_list":["post-13330","post","type-post","status-publish","format-standard","has-post-thumbnail","hentry","category-sin-categoria-en"],"aioseo_notices":[],"_links":{"self":[{"href":"https:\/\/www.museosdemequinenza.com\/ca\/wp-json\/wp\/v2\/posts\/13330","targetHints":{"allow":["GET"]}}],"collection":[{"href":"https:\/\/www.museosdemequinenza.com\/ca\/wp-json\/wp\/v2\/posts"}],"about":[{"href":"https:\/\/www.museosdemequinenza.com\/ca\/wp-json\/wp\/v2\/types\/post"}],"author":[{"embeddable":true,"href":"https:\/\/www.museosdemequinenza.com\/ca\/wp-json\/wp\/v2\/users\/1"}],"replies":[{"embeddable":true,"href":"https:\/\/www.museosdemequinenza.com\/ca\/wp-json\/wp\/v2\/comments?post=13330"}],"version-history":[{"count":4,"href":"https:\/\/www.museosdemequinenza.com\/ca\/wp-json\/wp\/v2\/posts\/13330\/revisions"}],"predecessor-version":[{"id":13337,"href":"https:\/\/www.museosdemequinenza.com\/ca\/wp-json\/wp\/v2\/posts\/13330\/revisions\/13337"}],"wp:featuredmedia":[{"embeddable":true,"href":"https:\/\/www.museosdemequinenza.com\/ca\/wp-json\/wp\/v2\/media\/13331"}],"wp:attachment":[{"href":"https:\/\/www.museosdemequinenza.com\/ca\/wp-json\/wp\/v2\/media?parent=13330"}],"wp:term":[{"taxonomy":"category","embeddable":true,"href":"https:\/\/www.museosdemequinenza.com\/ca\/wp-json\/wp\/v2\/categories?post=13330"},{"taxonomy":"post_tag","embeddable":true,"href":"https:\/\/www.museosdemequinenza.com\/ca\/wp-json\/wp\/v2\/tags?post=13330"}],"curies":[{"name":"wp","href":"https:\/\/api.w.org\/{rel}","templated":true}]}}