{"id":12991,"date":"2025-09-07T14:01:59","date_gmt":"2025-09-07T12:01:59","guid":{"rendered":"http:\/\/www.museosdemequinenza.com\/?p=12991"},"modified":"2025-09-07T14:06:11","modified_gmt":"2025-09-07T12:06:11","slug":"el-western-dos-balas-para-el-diablo-con-dos-premios-junto-con-el-peor-oficio-del-mundo-juanita-blow-y-el-rayo","status":"publish","type":"post","link":"https:\/\/www.museosdemequinenza.com\/ca\/el-western-dos-balas-para-el-diablo-con-dos-premios-junto-con-el-peor-oficio-del-mundo-juanita-blow-y-el-rayo\/","title":{"rendered":"El western \u201cDues bales per al diable\u201d, amb dos premis, juntament amb \u201cEl pitjor ofici del m\u00f3n\u201d, \u201cJuanita\u201d, \u201cBlow!\u201d i \u201cEl Rayo\u201d triomfen al X Festival Internacional de Cinema de Mequinensa."},"content":{"rendered":"<div data-elementor-type=\"wp-post\" data-elementor-id=\"12991\" class=\"elementor elementor-12991\">\n\t\t\t\t\t\t<section class=\"elementor-section elementor-top-section elementor-element elementor-element-42574f20 elementor-section-boxed elementor-section-height-default elementor-section-height-default\" data-id=\"42574f20\" data-element_type=\"section\" data-e-type=\"section\">\n\t\t\t\t\t\t<div class=\"elementor-container elementor-column-gap-default\">\n\t\t\t\t\t<div class=\"elementor-column elementor-col-100 elementor-top-column elementor-element elementor-element-2c4c8e70\" data-id=\"2c4c8e70\" data-element_type=\"column\" data-e-type=\"column\">\n\t\t\t<div class=\"elementor-widget-wrap elementor-element-populated\">\n\t\t\t\t\t\t<div class=\"elementor-element elementor-element-c093293 elementor-widget elementor-widget-image\" data-id=\"c093293\" data-element_type=\"widget\" data-e-type=\"widget\" data-widget_type=\"image.default\">\n\t\t\t\t<div class=\"elementor-widget-container\">\n\t\t\t\t\t\t\t\t\t\t\t\t\t\t\t<img fetchpriority=\"high\" decoding=\"async\" width=\"1140\" height=\"380\" src=\"https:\/\/www.museosdemequinenza.com\/wp-content\/uploads\/2025\/09\/IMG_8700-1140x380.jpg\" class=\"attachment-column1-1\/3 size-column1-1\/3 wp-image-12999\" alt=\"\" srcset=\"https:\/\/www.museosdemequinenza.com\/wp-content\/uploads\/2025\/09\/IMG_8700-1140x380.jpg 1140w, https:\/\/www.museosdemequinenza.com\/wp-content\/uploads\/2025\/09\/IMG_8700-380x127.jpg 380w\" sizes=\"(max-width: 1140px) 100vw, 1140px\" \/>\t\t\t\t\t\t\t\t\t\t\t\t\t\t\t<\/div>\n\t\t\t\t<\/div>\n\t\t\t\t<div class=\"elementor-element elementor-element-b4b8b45 elementor-widget elementor-widget-text-editor\" data-id=\"b4b8b45\" data-element_type=\"widget\" data-e-type=\"widget\" data-widget_type=\"text-editor.default\">\n\t\t\t\t<div class=\"elementor-widget-container\">\n\t\t\t\t\t\t\t\t\t<p><strong>El jurado ha entregado 5 menciones especiales a Neus Ball\u00fas, mejor direcci\u00f3n, Sylvia Majo y Pablo Scapigliati, mejores actores, Jesse Bronstein, mejor direcci\u00f3n de fotograf\u00eda, y menci\u00f3n especial del jurado para Joana Moya por \u201cTodo lo cubre la sal\u201d<\/strong>.<\/p>\t\t\t\t\t\t\t\t<\/div>\n\t\t\t\t<\/div>\n\t\t\t\t<div class=\"elementor-element elementor-element-38b2e72 elementor-widget elementor-widget-text-editor\" data-id=\"38b2e72\" data-element_type=\"widget\" data-e-type=\"widget\" data-widget_type=\"text-editor.default\">\n\t\t\t\t<div class=\"elementor-widget-container\">\n\t\t\t\t\t\t\t\t\t<p>El X Mequinenza International Film Festival (MIFF), declarado Actividad de Inter\u00e9s Tur\u00edstico de Arag\u00f3n, cerr\u00f3 anoche su d\u00e9cima edici\u00f3n con la entrega de premios en la Sala Goya, tras tres d\u00edas de cine en torno a la memoria, la identidad y el agua como ejes tem\u00e1ticos. Adem\u00e1s el Certamen ha sido escogido por la Academia Artes y las Ciencias Cinematogr\u00e1ficas de Espa\u00f1a como Festival Seleccionador para los Premios Goya, reafirma as\u00ed su relevancia en el panorama cinematogr\u00e1fico aragon\u00e9s y nacional.<\/p>\n<p>La gran triunfadora de la noche fue \u201cDos balas para el diablo\u201d, dirigida por Manuel Olaya (Espa\u00f1a), un corto que evoca el western cl\u00e1sico m\u00e1tgs emocional y \u00e9tico del g\u00e9nero. La obra se alz\u00f3 con dos \u201cSilucam\u201d, la emblem\u00e1tica estatuilla del Festival \u2014una criatura m\u00edstica mitad siluro y mitad c\u00e1mara de cine que simboliza la identidad del MIFF\u2014: al Mejor Western y Premio del P\u00fablico \u201cAntonio Blas\u201d. Un doble reconocimiento que reafirma la conexi\u00f3n de la pel\u00edcula tanto con el jurado y los especialistas como con los espectadores.<\/p>\n<p>El premio al Mejor Cortometraje Aragon\u00e9s, que fue para \u201cEl peor oficio del mundo\u201d, dirigido por Luis Larrodera, un trabajo que pone de manifiesto la solidez y la proyecci\u00f3n del cine aragon\u00e9s. La Mejor Ficci\u00f3n fue para \u201cJuanita\u201d, dirigida por Karen Joaqu\u00edn y Uliane Tatit (Espa\u00f1a), por la fuerza narrativa y la sensibilidad de una historia que conecta emoci\u00f3n y memoria colectiva.<\/p>\n<p>\u00a0<\/p>\t\t\t\t\t\t\t\t<\/div>\n\t\t\t\t<\/div>\n\t\t\t\t<section class=\"elementor-section elementor-inner-section elementor-element elementor-element-9c3ef7a elementor-section-boxed elementor-section-height-default elementor-section-height-default\" data-id=\"9c3ef7a\" data-element_type=\"section\" data-e-type=\"section\">\n\t\t\t\t\t\t<div class=\"elementor-container elementor-column-gap-default\">\n\t\t\t\t\t<div class=\"elementor-column elementor-col-50 elementor-inner-column elementor-element elementor-element-2fc8465\" data-id=\"2fc8465\" data-element_type=\"column\" data-e-type=\"column\">\n\t\t\t<div class=\"elementor-widget-wrap elementor-element-populated\">\n\t\t\t\t\t\t<div class=\"elementor-element elementor-element-f546612 elementor-widget elementor-widget-image\" data-id=\"f546612\" data-element_type=\"widget\" data-e-type=\"widget\" data-widget_type=\"image.default\">\n\t\t\t\t<div class=\"elementor-widget-container\">\n\t\t\t\t\t\t\t\t\t\t\t\t\t\t\t<img decoding=\"async\" width=\"1024\" height=\"683\" src=\"https:\/\/www.museosdemequinenza.com\/wp-content\/uploads\/2025\/09\/IMG_8449-1-1024x683.jpg\" class=\"attachment-large size-large wp-image-12997\" alt=\"\" srcset=\"https:\/\/www.museosdemequinenza.com\/wp-content\/uploads\/2025\/09\/IMG_8449-1-1024x683.jpg 1024w, https:\/\/www.museosdemequinenza.com\/wp-content\/uploads\/2025\/09\/IMG_8449-1-300x200.jpg 300w, https:\/\/www.museosdemequinenza.com\/wp-content\/uploads\/2025\/09\/IMG_8449-1-768x512.jpg 768w, https:\/\/www.museosdemequinenza.com\/wp-content\/uploads\/2025\/09\/IMG_8449-1-1536x1024.jpg 1536w, https:\/\/www.museosdemequinenza.com\/wp-content\/uploads\/2025\/09\/IMG_8449-1-2048x1365.jpg 2048w, https:\/\/www.museosdemequinenza.com\/wp-content\/uploads\/2025\/09\/IMG_8449-1-18x12.jpg 18w, https:\/\/www.museosdemequinenza.com\/wp-content\/uploads\/2025\/09\/IMG_8449-1-1140x760.jpg 1140w, https:\/\/www.museosdemequinenza.com\/wp-content\/uploads\/2025\/09\/IMG_8449-1-570x380.jpg 570w, https:\/\/www.museosdemequinenza.com\/wp-content\/uploads\/2025\/09\/IMG_8449-1-380x254.jpg 380w, https:\/\/www.museosdemequinenza.com\/wp-content\/uploads\/2025\/09\/IMG_8449-1-285x190.jpg 285w\" sizes=\"(max-width: 1024px) 100vw, 1024px\" \/>\t\t\t\t\t\t\t\t\t\t\t\t\t\t\t<\/div>\n\t\t\t\t<\/div>\n\t\t\t\t\t<\/div>\n\t\t<\/div>\n\t\t\t\t<div class=\"elementor-column elementor-col-50 elementor-inner-column elementor-element elementor-element-02f5b5c\" data-id=\"02f5b5c\" data-element_type=\"column\" data-e-type=\"column\">\n\t\t\t<div class=\"elementor-widget-wrap elementor-element-populated\">\n\t\t\t\t\t\t<div class=\"elementor-element elementor-element-5eaf6f3 elementor-widget elementor-widget-image\" data-id=\"5eaf6f3\" data-element_type=\"widget\" data-e-type=\"widget\" data-widget_type=\"image.default\">\n\t\t\t\t<div class=\"elementor-widget-container\">\n\t\t\t\t\t\t\t\t\t\t\t\t\t\t\t<img decoding=\"async\" width=\"1024\" height=\"683\" src=\"https:\/\/www.museosdemequinenza.com\/wp-content\/uploads\/2025\/09\/IMG_8462-1-1024x683.jpg\" class=\"attachment-large size-large wp-image-12998\" alt=\"\" srcset=\"https:\/\/www.museosdemequinenza.com\/wp-content\/uploads\/2025\/09\/IMG_8462-1-1024x683.jpg 1024w, https:\/\/www.museosdemequinenza.com\/wp-content\/uploads\/2025\/09\/IMG_8462-1-300x200.jpg 300w, https:\/\/www.museosdemequinenza.com\/wp-content\/uploads\/2025\/09\/IMG_8462-1-768x512.jpg 768w, https:\/\/www.museosdemequinenza.com\/wp-content\/uploads\/2025\/09\/IMG_8462-1-1536x1024.jpg 1536w, https:\/\/www.museosdemequinenza.com\/wp-content\/uploads\/2025\/09\/IMG_8462-1-2048x1365.jpg 2048w, https:\/\/www.museosdemequinenza.com\/wp-content\/uploads\/2025\/09\/IMG_8462-1-18x12.jpg 18w, https:\/\/www.museosdemequinenza.com\/wp-content\/uploads\/2025\/09\/IMG_8462-1-1140x760.jpg 1140w, https:\/\/www.museosdemequinenza.com\/wp-content\/uploads\/2025\/09\/IMG_8462-1-570x380.jpg 570w, https:\/\/www.museosdemequinenza.com\/wp-content\/uploads\/2025\/09\/IMG_8462-1-380x254.jpg 380w, https:\/\/www.museosdemequinenza.com\/wp-content\/uploads\/2025\/09\/IMG_8462-1-285x190.jpg 285w\" sizes=\"(max-width: 1024px) 100vw, 1024px\" \/>\t\t\t\t\t\t\t\t\t\t\t\t\t\t\t<\/div>\n\t\t\t\t<\/div>\n\t\t\t\t\t<\/div>\n\t\t<\/div>\n\t\t\t\t\t<\/div>\n\t\t<\/section>\n\t\t\t\t<div class=\"elementor-element elementor-element-8b665a3 elementor-widget elementor-widget-text-editor\" data-id=\"8b665a3\" data-element_type=\"widget\" data-e-type=\"widget\" data-widget_type=\"text-editor.default\">\n\t\t\t\t<div class=\"elementor-widget-container\">\n\t\t\t\t\t\t\t\t\t<p>El galard\u00f3n al Mejor Documental, premio Arag\u00f3n TV, recay\u00f3 en \u201cBlow!\u201d, de Neus Ball\u00fas (Espa\u00f1a), una pieza que convierte el sonido y el silencio en experiencia cinematogr\u00e1fica de gran sutileza y fuerza po\u00e9tica. El premio al Mejor Cortometraje de Animaci\u00f3n fue para \u201cEl Rayo\u201d, realizado por Mathieu D\u2019Antoni, Quentin Dorne, Antonin Flachat-Berne, Hippolyte Foucher, Briag Gueho, Lisa Lecoq, Nina Stanislas y Marie Yver de la Bruchollerie (Francia), por su originalidad pl\u00e1stica y la potencia visual de su propuesta.<\/p>\n<p>Adem\u00e1s de los premios principales, el jurado del X Mequinenza International Film Festival quiso destacar el talento y la calidad art\u00edstica de varias obras y profesionales otorgando cinco menciones especiales. Estos reconocimientos subrayan la diversidad de miradas y lenguajes que han formado parte de la programaci\u00f3n y refuerzan el car\u00e1cter plural y abierto del certamen.<\/p>\n<p>El galard\u00f3n a la Mejor Direcci\u00f3n recay\u00f3 en \u201cBlow!\u201d, de Neus Ball\u00fas, por la sutileza y la fuerza po\u00e9tica con la que consigue transformar el sonido y el silencio en un verdadero lenguaje cinematogr\u00e1fico. La Mejor Actriz fue Sylvia Majo, por su papel en \u201cOvejas y Lobos\u201d. Su interpretaci\u00f3n, llena de matices, transmite con gran expresividad el dolor y la resiliencia de una madre, logrando una actuaci\u00f3n que conecta profundamente con el espectador. En la categor\u00eda de Mejor Actor, el reconocimiento fue para Pablo Scapigliati por su papel en \u201cNens\u201d. El jurado valor\u00f3 la honestidad y la contenci\u00f3n de una interpretaci\u00f3n que, con gran sensibilidad, transmite tanto la fragilidad como la fuerza de su personaje.<\/p>\t\t\t\t\t\t\t\t<\/div>\n\t\t\t\t<\/div>\n\t\t\t\t<section class=\"elementor-section elementor-inner-section elementor-element elementor-element-9f4e3d4 elementor-section-boxed elementor-section-height-default elementor-section-height-default\" data-id=\"9f4e3d4\" data-element_type=\"section\" data-e-type=\"section\">\n\t\t\t\t\t\t<div class=\"elementor-container elementor-column-gap-default\">\n\t\t\t\t\t<div class=\"elementor-column elementor-col-50 elementor-inner-column elementor-element elementor-element-12c7228\" data-id=\"12c7228\" data-element_type=\"column\" data-e-type=\"column\">\n\t\t\t<div class=\"elementor-widget-wrap elementor-element-populated\">\n\t\t\t\t\t\t<div class=\"elementor-element elementor-element-3b0195e elementor-widget elementor-widget-image\" data-id=\"3b0195e\" data-element_type=\"widget\" data-e-type=\"widget\" data-widget_type=\"image.default\">\n\t\t\t\t<div class=\"elementor-widget-container\">\n\t\t\t\t\t\t\t\t\t\t\t\t\t\t\t<img loading=\"lazy\" decoding=\"async\" width=\"1024\" height=\"683\" src=\"https:\/\/www.museosdemequinenza.com\/wp-content\/uploads\/2025\/09\/IMG_8616-2-1024x683.jpg\" class=\"attachment-large size-large wp-image-12996\" alt=\"\" srcset=\"https:\/\/www.museosdemequinenza.com\/wp-content\/uploads\/2025\/09\/IMG_8616-2-1024x683.jpg 1024w, https:\/\/www.museosdemequinenza.com\/wp-content\/uploads\/2025\/09\/IMG_8616-2-300x200.jpg 300w, https:\/\/www.museosdemequinenza.com\/wp-content\/uploads\/2025\/09\/IMG_8616-2-768x512.jpg 768w, https:\/\/www.museosdemequinenza.com\/wp-content\/uploads\/2025\/09\/IMG_8616-2-1536x1024.jpg 1536w, https:\/\/www.museosdemequinenza.com\/wp-content\/uploads\/2025\/09\/IMG_8616-2-2048x1365.jpg 2048w, https:\/\/www.museosdemequinenza.com\/wp-content\/uploads\/2025\/09\/IMG_8616-2-18x12.jpg 18w, https:\/\/www.museosdemequinenza.com\/wp-content\/uploads\/2025\/09\/IMG_8616-2-1140x760.jpg 1140w, https:\/\/www.museosdemequinenza.com\/wp-content\/uploads\/2025\/09\/IMG_8616-2-570x380.jpg 570w, https:\/\/www.museosdemequinenza.com\/wp-content\/uploads\/2025\/09\/IMG_8616-2-380x254.jpg 380w, https:\/\/www.museosdemequinenza.com\/wp-content\/uploads\/2025\/09\/IMG_8616-2-285x190.jpg 285w\" sizes=\"(max-width: 1024px) 100vw, 1024px\" \/>\t\t\t\t\t\t\t\t\t\t\t\t\t\t\t<\/div>\n\t\t\t\t<\/div>\n\t\t\t\t\t<\/div>\n\t\t<\/div>\n\t\t\t\t<div class=\"elementor-column elementor-col-50 elementor-inner-column elementor-element elementor-element-40fcb85\" data-id=\"40fcb85\" data-element_type=\"column\" data-e-type=\"column\">\n\t\t\t<div class=\"elementor-widget-wrap elementor-element-populated\">\n\t\t\t\t\t\t<div class=\"elementor-element elementor-element-7dfed24 elementor-widget elementor-widget-image\" data-id=\"7dfed24\" data-element_type=\"widget\" data-e-type=\"widget\" data-widget_type=\"image.default\">\n\t\t\t\t<div class=\"elementor-widget-container\">\n\t\t\t\t\t\t\t\t\t\t\t\t\t\t\t<img loading=\"lazy\" decoding=\"async\" width=\"1024\" height=\"683\" src=\"https:\/\/www.museosdemequinenza.com\/wp-content\/uploads\/2025\/09\/IMG_8700-1024x683.jpg\" class=\"attachment-large size-large wp-image-12999\" alt=\"\" srcset=\"https:\/\/www.museosdemequinenza.com\/wp-content\/uploads\/2025\/09\/IMG_8700-1024x683.jpg 1024w, https:\/\/www.museosdemequinenza.com\/wp-content\/uploads\/2025\/09\/IMG_8700-300x200.jpg 300w, https:\/\/www.museosdemequinenza.com\/wp-content\/uploads\/2025\/09\/IMG_8700-768x512.jpg 768w, https:\/\/www.museosdemequinenza.com\/wp-content\/uploads\/2025\/09\/IMG_8700-1536x1024.jpg 1536w, https:\/\/www.museosdemequinenza.com\/wp-content\/uploads\/2025\/09\/IMG_8700-2048x1365.jpg 2048w, https:\/\/www.museosdemequinenza.com\/wp-content\/uploads\/2025\/09\/IMG_8700-18x12.jpg 18w, https:\/\/www.museosdemequinenza.com\/wp-content\/uploads\/2025\/09\/IMG_8700-1140x760.jpg 1140w, https:\/\/www.museosdemequinenza.com\/wp-content\/uploads\/2025\/09\/IMG_8700-570x380.jpg 570w, https:\/\/www.museosdemequinenza.com\/wp-content\/uploads\/2025\/09\/IMG_8700-380x254.jpg 380w, https:\/\/www.museosdemequinenza.com\/wp-content\/uploads\/2025\/09\/IMG_8700-285x190.jpg 285w\" sizes=\"(max-width: 1024px) 100vw, 1024px\" \/>\t\t\t\t\t\t\t\t\t\t\t\t\t\t\t<\/div>\n\t\t\t\t<\/div>\n\t\t\t\t\t<\/div>\n\t\t<\/div>\n\t\t\t\t\t<\/div>\n\t\t<\/section>\n\t\t\t\t<div class=\"elementor-element elementor-element-dc0f51f elementor-widget elementor-widget-text-editor\" data-id=\"dc0f51f\" data-element_type=\"widget\" data-e-type=\"widget\" data-widget_type=\"text-editor.default\">\n\t\t\t\t<div class=\"elementor-widget-container\">\n\t\t\t\t\t\t\t\t\t<p>La Mejor Direcci\u00f3n de Fotograf\u00eda fue para Jesse Bronstein, por \u201cOvejas y lobos\u201d, gracias a una propuesta visual de gran potencia po\u00e9tica que construye una paleta crom\u00e1tica inspirada en los paisajes andinos. Su trabajo no solo enmarca la historia, sino que la potencia al reflejar con sensibilidad la belleza natural y la dureza del contexto. Finalmente, la Menci\u00f3n Especial del Jurado fue para \u201cTodo lo cubre la sal\u201d, dirigido por Joana Moya, por el desarrollo de un singular lenguaje po\u00e9tico en el retrato documental de las mujeres rederas de la costa vasca, ofreciendo una mirada \u00edntima y poderosa a un oficio tradicional con gran carga simb\u00f3lica.<\/p>\n<div class=\"wordads-ad-wrapper wordads-ad-wrapper--inline\">\n<div class=\"wordads-ad\">\u00a0<\/div>\n<\/div>\n<p>Una d\u00e9cima edici\u00f3n del Festival Internacional de Cine de Mequinenza que marca el inicio de una nueva etapa despu\u00e9s de que Javier Rodes, director del Festival en su d\u00e9cada de vida, anunciara que dejaba la direcci\u00f3n del Certamen \u201cdoy un paso atr\u00e1s, pero continuar\u00e9 dando apoyo\u201d, recordaba que un Festival es un \u201cesfuerzo colectivo\u201d y aseguraba que \u201cel cine, igual que los r\u00edos que nos rodean, siembre encuentran nuevas maneras de avanzar\u201d.<\/p>\n<p>Antonio Sanju\u00e1n, alcalde de Mequinenza, en la ceremonia de clausura, en la que participaron Dar\u00edo Vidallet, concejal de cultura y patrimonio, Sheila Abella, concejal de turismo y desarrollo, y Enrique Novials, en representaci\u00f3n del jurado internacional, agradeci\u00f3 a Rodes el trabajo realizado en estos diez a\u00f1os de una propuesta que naci\u00f3 \u201ccomo un sue\u00f1o de hacer de\u00a0 Mequinenza un lugar donde el cine encontrara la inspiraci\u00f3n en el agua, un elemento que significado vida y muerte para nosotros y que\u00a0 ha marcado nuestra historia m\u00e1s reciente\u201d.<\/p>\n<p>Destac\u00f3 el nivel alcanzado por el Festival y subrayaba que \u201caunque las personas no permanezcamos, el Festival tiene que seguir creciendo, tenemos que poder seguir diciendo con orgullo que es un referente internacional\u201d. Asimismo, traslad\u00f3 la enhorabuena a los premiados y un agradecimiento sincero a los cineastas por su trabajo, al p\u00fablico por mantener vivo el esp\u00edritu del certamen y a todas las personas y entidades que lo hacen posible: el equipo organizador, el jurado, los voluntarios, los patrocinadores, las instituciones y las entidades colaboradoras.<\/p>\n<p>Con esta edici\u00f3n, el MIFF celebra una d\u00e9cada de trayectoria, consolid\u00e1ndose como un punto de encuentro internacional para el cortometraje, con una programaci\u00f3n que en 2025 ha reunido obras de m\u00e1s de una docena de pa\u00edses y que reafirma a Mequinenza como confluencia de cultura, memoria, cine y agua.<\/p>\t\t\t\t\t\t\t\t<\/div>\n\t\t\t\t<\/div>\n\t\t\t\t\t<\/div>\n\t\t<\/div>\n\t\t\t\t\t<\/div>\n\t\t<\/section>\n\t\t\t\t<\/div>","protected":false},"excerpt":{"rendered":"<p>El jurado ha entregado 5 menciones especiales a Neus Ball\u00fas, mejor direcci\u00f3n, Sylvia Majo y Pablo Scapigliati, mejores actores, Jesse Bronstein, mejor direcci\u00f3n de fotograf\u00eda, y menci\u00f3n especial del jurado para Joana Moya por \u201cTodo lo cubre la sal\u201d. El X Mequinenza International Film Festival (MIFF), declarado Actividad de Inter\u00e9s Tur\u00edstico de Arag\u00f3n, cerr\u00f3 anoche<\/p>\n<p><a href=\"https:\/\/www.museosdemequinenza.com\/ca\/el-western-dos-balas-para-el-diablo-con-dos-premios-junto-con-el-peor-oficio-del-mundo-juanita-blow-y-el-rayo\/\" class=\"more-link themebutton\">Read More<\/a><\/p>","protected":false},"author":1,"featured_media":12999,"comment_status":"closed","ping_status":"closed","sticky":false,"template":"","format":"standard","meta":{"_monsterinsights_skip_tracking":false,"_monsterinsights_sitenote_active":false,"_monsterinsights_sitenote_note":"","_monsterinsights_sitenote_category":0,"footnotes":""},"categories":[18],"tags":[],"class_list":["post-12991","post","type-post","status-publish","format-standard","has-post-thumbnail","hentry","category-sin-categoria-en"],"aioseo_notices":[],"_links":{"self":[{"href":"https:\/\/www.museosdemequinenza.com\/ca\/wp-json\/wp\/v2\/posts\/12991","targetHints":{"allow":["GET"]}}],"collection":[{"href":"https:\/\/www.museosdemequinenza.com\/ca\/wp-json\/wp\/v2\/posts"}],"about":[{"href":"https:\/\/www.museosdemequinenza.com\/ca\/wp-json\/wp\/v2\/types\/post"}],"author":[{"embeddable":true,"href":"https:\/\/www.museosdemequinenza.com\/ca\/wp-json\/wp\/v2\/users\/1"}],"replies":[{"embeddable":true,"href":"https:\/\/www.museosdemequinenza.com\/ca\/wp-json\/wp\/v2\/comments?post=12991"}],"version-history":[{"count":8,"href":"https:\/\/www.museosdemequinenza.com\/ca\/wp-json\/wp\/v2\/posts\/12991\/revisions"}],"predecessor-version":[{"id":13007,"href":"https:\/\/www.museosdemequinenza.com\/ca\/wp-json\/wp\/v2\/posts\/12991\/revisions\/13007"}],"wp:featuredmedia":[{"embeddable":true,"href":"https:\/\/www.museosdemequinenza.com\/ca\/wp-json\/wp\/v2\/media\/12999"}],"wp:attachment":[{"href":"https:\/\/www.museosdemequinenza.com\/ca\/wp-json\/wp\/v2\/media?parent=12991"}],"wp:term":[{"taxonomy":"category","embeddable":true,"href":"https:\/\/www.museosdemequinenza.com\/ca\/wp-json\/wp\/v2\/categories?post=12991"},{"taxonomy":"post_tag","embeddable":true,"href":"https:\/\/www.museosdemequinenza.com\/ca\/wp-json\/wp\/v2\/tags?post=12991"}],"curies":[{"name":"wp","href":"https:\/\/api.w.org\/{rel}","templated":true}]}}