{"id":12735,"date":"2025-06-19T19:32:46","date_gmt":"2025-06-19T17:32:46","guid":{"rendered":"https:\/\/www.museosdemequinenza.com\/?p=12735"},"modified":"2025-06-19T19:36:31","modified_gmt":"2025-06-19T17:36:31","slug":"el-mediterraneo-protagonista-de-la-fiesta-tematica-anual-de-la-asociacion-de-la-mujer-mequinenzana-la-dona","status":"publish","type":"post","link":"https:\/\/www.museosdemequinenza.com\/ca\/el-mediterraneo-protagonista-de-la-fiesta-tematica-anual-de-la-asociacion-de-la-mujer-mequinenzana-la-dona\/","title":{"rendered":"El Mediterrani, protagonista de la festa tem\u00e0tica anual de l\u2019Associaci\u00f3 de la Dona Mequinensana \u201cLa Dona\u201d"},"content":{"rendered":"<div data-elementor-type=\"wp-post\" data-elementor-id=\"12735\" class=\"elementor elementor-12735\">\n\t\t\t\t\t\t<section class=\"elementor-section elementor-top-section elementor-element elementor-element-499721b elementor-section-boxed elementor-section-height-default elementor-section-height-default\" data-id=\"499721b\" data-element_type=\"section\" data-e-type=\"section\">\n\t\t\t\t\t\t<div class=\"elementor-container elementor-column-gap-default\">\n\t\t\t\t\t<div class=\"elementor-column elementor-col-100 elementor-top-column elementor-element elementor-element-22edbef\" data-id=\"22edbef\" data-element_type=\"column\" data-e-type=\"column\">\n\t\t\t<div class=\"elementor-widget-wrap elementor-element-populated\">\n\t\t\t\t\t\t<div class=\"elementor-element elementor-element-5d72506 elementor-widget elementor-widget-image\" data-id=\"5d72506\" data-element_type=\"widget\" data-e-type=\"widget\" data-widget_type=\"image.default\">\n\t\t\t\t<div class=\"elementor-widget-container\">\n\t\t\t\t\t\t\t\t\t\t\t\t\t\t\t<img fetchpriority=\"high\" decoding=\"async\" width=\"1140\" height=\"380\" src=\"https:\/\/www.museosdemequinenza.com\/wp-content\/uploads\/2025\/06\/IMG_9165-1140x380.jpg\" class=\"attachment-column1-1\/3 size-column1-1\/3 wp-image-12737\" alt=\"\" srcset=\"https:\/\/www.museosdemequinenza.com\/wp-content\/uploads\/2025\/06\/IMG_9165-1140x380.jpg 1140w, https:\/\/www.museosdemequinenza.com\/wp-content\/uploads\/2025\/06\/IMG_9165-380x127.jpg 380w\" sizes=\"(max-width: 1140px) 100vw, 1140px\" \/>\t\t\t\t\t\t\t\t\t\t\t\t\t\t\t<\/div>\n\t\t\t\t<\/div>\n\t\t\t\t<div class=\"elementor-element elementor-element-877ce7b elementor-widget elementor-widget-text-editor\" data-id=\"877ce7b\" data-element_type=\"widget\" data-e-type=\"widget\" data-widget_type=\"text-editor.default\">\n\t\t\t\t<div class=\"elementor-widget-container\">\n\t\t\t\t\t\t\t\t\t<p><strong>La Plaza del Ayuntamiento se visti\u00f3 para la ocasi\u00f3n en una participativa actividad, a pesar de las previsiones del tiempo, en la que el p\u00fablico pudo disfrutar de habaneras y de un viaje gastron\u00f3mico.<\/strong><\/p>\t\t\t\t\t\t\t\t<\/div>\n\t\t\t\t<\/div>\n\t\t\t\t<div class=\"elementor-element elementor-element-3f3b03c elementor-widget elementor-widget-text-editor\" data-id=\"3f3b03c\" data-element_type=\"widget\" data-e-type=\"widget\" data-widget_type=\"text-editor.default\">\n\t\t\t\t<div class=\"elementor-widget-container\">\n\t\t\t\t\t\t\t\t\t<p>La Asociaci\u00f3n de la Mujer Mequinenzana \u201cLa Dona\u201d transport\u00f3 a vecinos y visitantes a Francia, y en concreto a Par\u00eds, en su fiesta anual coincidiendo con la llegada del verano. La plaza del Ayuntamiento, como es tradicional, se ha ambientado para la ocasi\u00f3n con decoraci\u00f3n espec\u00edfica y m\u00fasica que ha trasladado a los asistentes al barrio del Montmartre, el m\u00e1s bohemio de la capital francesa.<br \/>La junta de l'entitat s'ha encarregat tamb\u00e9 de completar el viatge amb una degustaci\u00f3 gastron\u00f2mica a base de torrades de pat\u00e9 ib\u00e8ric amb melmelada de figues, assortiment de formatges, baguette de pernil dol\u00e7 amb mantega i past\u00eds Saint Honor\u00e9, tot amanit amb una copa de \u201cxampany\u201d.<\/p>\t\t\t\t\t\t\t\t<\/div>\n\t\t\t\t<\/div>\n\t\t\t\t<section class=\"elementor-section elementor-inner-section elementor-element elementor-element-27d3752 elementor-section-boxed elementor-section-height-default elementor-section-height-default\" data-id=\"27d3752\" data-element_type=\"section\" data-e-type=\"section\">\n\t\t\t\t\t\t<div class=\"elementor-container elementor-column-gap-default\">\n\t\t\t\t\t<div class=\"elementor-column elementor-col-50 elementor-inner-column elementor-element elementor-element-438539f\" data-id=\"438539f\" data-element_type=\"column\" data-e-type=\"column\">\n\t\t\t<div class=\"elementor-widget-wrap elementor-element-populated\">\n\t\t\t\t\t\t<div class=\"elementor-element elementor-element-7cec20c elementor-widget elementor-widget-image\" data-id=\"7cec20c\" data-element_type=\"widget\" data-e-type=\"widget\" data-widget_type=\"image.default\">\n\t\t\t\t<div class=\"elementor-widget-container\">\n\t\t\t\t\t\t\t\t\t\t\t\t\t\t\t<img decoding=\"async\" width=\"1024\" height=\"683\" src=\"https:\/\/www.museosdemequinenza.com\/wp-content\/uploads\/2025\/06\/IMG_9155-1024x683.jpg\" class=\"attachment-large size-large wp-image-12736\" alt=\"\" srcset=\"https:\/\/www.museosdemequinenza.com\/wp-content\/uploads\/2025\/06\/IMG_9155-1024x683.jpg 1024w, https:\/\/www.museosdemequinenza.com\/wp-content\/uploads\/2025\/06\/IMG_9155-300x200.jpg 300w, https:\/\/www.museosdemequinenza.com\/wp-content\/uploads\/2025\/06\/IMG_9155-768x512.jpg 768w, https:\/\/www.museosdemequinenza.com\/wp-content\/uploads\/2025\/06\/IMG_9155-1536x1024.jpg 1536w, https:\/\/www.museosdemequinenza.com\/wp-content\/uploads\/2025\/06\/IMG_9155-2048x1365.jpg 2048w, https:\/\/www.museosdemequinenza.com\/wp-content\/uploads\/2025\/06\/IMG_9155-18x12.jpg 18w, https:\/\/www.museosdemequinenza.com\/wp-content\/uploads\/2025\/06\/IMG_9155-1140x760.jpg 1140w, https:\/\/www.museosdemequinenza.com\/wp-content\/uploads\/2025\/06\/IMG_9155-570x380.jpg 570w, https:\/\/www.museosdemequinenza.com\/wp-content\/uploads\/2025\/06\/IMG_9155-380x254.jpg 380w, https:\/\/www.museosdemequinenza.com\/wp-content\/uploads\/2025\/06\/IMG_9155-285x190.jpg 285w\" sizes=\"(max-width: 1024px) 100vw, 1024px\" \/>\t\t\t\t\t\t\t\t\t\t\t\t\t\t\t<\/div>\n\t\t\t\t<\/div>\n\t\t\t\t\t<\/div>\n\t\t<\/div>\n\t\t\t\t<div class=\"elementor-column elementor-col-50 elementor-inner-column elementor-element elementor-element-32cf111\" data-id=\"32cf111\" data-element_type=\"column\" data-e-type=\"column\">\n\t\t\t<div class=\"elementor-widget-wrap elementor-element-populated\">\n\t\t\t\t\t\t<div class=\"elementor-element elementor-element-c34eec6 elementor-widget elementor-widget-image\" data-id=\"c34eec6\" data-element_type=\"widget\" data-e-type=\"widget\" data-widget_type=\"image.default\">\n\t\t\t\t<div class=\"elementor-widget-container\">\n\t\t\t\t\t\t\t\t\t\t\t\t\t\t\t<img decoding=\"async\" width=\"1024\" height=\"683\" src=\"https:\/\/www.museosdemequinenza.com\/wp-content\/uploads\/2025\/06\/IMG_9096-1024x683.jpg\" class=\"attachment-large size-large wp-image-12738\" alt=\"\" srcset=\"https:\/\/www.museosdemequinenza.com\/wp-content\/uploads\/2025\/06\/IMG_9096-1024x683.jpg 1024w, https:\/\/www.museosdemequinenza.com\/wp-content\/uploads\/2025\/06\/IMG_9096-300x200.jpg 300w, https:\/\/www.museosdemequinenza.com\/wp-content\/uploads\/2025\/06\/IMG_9096-768x512.jpg 768w, https:\/\/www.museosdemequinenza.com\/wp-content\/uploads\/2025\/06\/IMG_9096-1536x1024.jpg 1536w, https:\/\/www.museosdemequinenza.com\/wp-content\/uploads\/2025\/06\/IMG_9096-2048x1365.jpg 2048w, https:\/\/www.museosdemequinenza.com\/wp-content\/uploads\/2025\/06\/IMG_9096-18x12.jpg 18w, https:\/\/www.museosdemequinenza.com\/wp-content\/uploads\/2025\/06\/IMG_9096-1140x760.jpg 1140w, https:\/\/www.museosdemequinenza.com\/wp-content\/uploads\/2025\/06\/IMG_9096-570x380.jpg 570w, https:\/\/www.museosdemequinenza.com\/wp-content\/uploads\/2025\/06\/IMG_9096-380x254.jpg 380w, https:\/\/www.museosdemequinenza.com\/wp-content\/uploads\/2025\/06\/IMG_9096-285x190.jpg 285w\" sizes=\"(max-width: 1024px) 100vw, 1024px\" \/>\t\t\t\t\t\t\t\t\t\t\t\t\t\t\t<\/div>\n\t\t\t\t<\/div>\n\t\t\t\t\t<\/div>\n\t\t<\/div>\n\t\t\t\t\t<\/div>\n\t\t<\/section>\n\t\t\t\t<div class=\"elementor-element elementor-element-7d34359 elementor-widget elementor-widget-text-editor\" data-id=\"7d34359\" data-element_type=\"widget\" data-e-type=\"widget\" data-widget_type=\"text-editor.default\">\n\t\t\t\t<div class=\"elementor-widget-container\">\n\t\t\t\t\t\t\t\t\t<p>Esta celebraci\u00f3n tiene por objetivo, adem\u00e1s de pasar un buen rato, conocer otros territorios a trav\u00e9s de su cultura, costumbres y gastronom\u00eda como ha ocurrido en ediciones anteriores de esta fiesta abierta a vecinos y visitantes que, a lo largo de los a\u00f1os, han podido viajar a Italia, Senegal, Alemania, Asturias, M\u00e9xico o Cuba e incluso a los Sanfermines y a la Feria de Abril entre otros. Coincidiendo con la celebraci\u00f3n la Junta Local de Mequinenza de la Asociaci\u00f3n Espa\u00f1ola Contra el C\u00e1ncer (AECC) ha llevado a cabo su cuestaci\u00f3n anual. Los donativos recogidos se destinar\u00e1n a investigaci\u00f3n.<\/p>\t\t\t\t\t\t\t\t<\/div>\n\t\t\t\t<\/div>\n\t\t\t\t\t<\/div>\n\t\t<\/div>\n\t\t\t\t\t<\/div>\n\t\t<\/section>\n\t\t\t\t<\/div>","protected":false},"excerpt":{"rendered":"<p>La Plaza del Ayuntamiento se visti\u00f3 para la ocasi\u00f3n en una participativa actividad, a pesar de las previsiones del tiempo, en la que el p\u00fablico pudo disfrutar de habaneras y de un viaje gastron\u00f3mico. La Asociaci\u00f3n de la Mujer Mequinenzana \u201cLa Dona\u201d transport\u00f3 a vecinos y visitantes a Francia, y en concreto a Par\u00eds, en<\/p>\n<p><a href=\"https:\/\/www.museosdemequinenza.com\/ca\/el-mediterraneo-protagonista-de-la-fiesta-tematica-anual-de-la-asociacion-de-la-mujer-mequinenzana-la-dona\/\" class=\"more-link themebutton\">Read More<\/a><\/p>","protected":false},"author":1,"featured_media":12737,"comment_status":"closed","ping_status":"closed","sticky":false,"template":"","format":"standard","meta":{"_monsterinsights_skip_tracking":false,"_monsterinsights_sitenote_active":false,"_monsterinsights_sitenote_note":"","_monsterinsights_sitenote_category":0,"footnotes":""},"categories":[18],"tags":[],"class_list":["post-12735","post","type-post","status-publish","format-standard","has-post-thumbnail","hentry","category-sin-categoria-en"],"aioseo_notices":[],"_links":{"self":[{"href":"https:\/\/www.museosdemequinenza.com\/ca\/wp-json\/wp\/v2\/posts\/12735","targetHints":{"allow":["GET"]}}],"collection":[{"href":"https:\/\/www.museosdemequinenza.com\/ca\/wp-json\/wp\/v2\/posts"}],"about":[{"href":"https:\/\/www.museosdemequinenza.com\/ca\/wp-json\/wp\/v2\/types\/post"}],"author":[{"embeddable":true,"href":"https:\/\/www.museosdemequinenza.com\/ca\/wp-json\/wp\/v2\/users\/1"}],"replies":[{"embeddable":true,"href":"https:\/\/www.museosdemequinenza.com\/ca\/wp-json\/wp\/v2\/comments?post=12735"}],"version-history":[{"count":4,"href":"https:\/\/www.museosdemequinenza.com\/ca\/wp-json\/wp\/v2\/posts\/12735\/revisions"}],"predecessor-version":[{"id":12743,"href":"https:\/\/www.museosdemequinenza.com\/ca\/wp-json\/wp\/v2\/posts\/12735\/revisions\/12743"}],"wp:featuredmedia":[{"embeddable":true,"href":"https:\/\/www.museosdemequinenza.com\/ca\/wp-json\/wp\/v2\/media\/12737"}],"wp:attachment":[{"href":"https:\/\/www.museosdemequinenza.com\/ca\/wp-json\/wp\/v2\/media?parent=12735"}],"wp:term":[{"taxonomy":"category","embeddable":true,"href":"https:\/\/www.museosdemequinenza.com\/ca\/wp-json\/wp\/v2\/categories?post=12735"},{"taxonomy":"post_tag","embeddable":true,"href":"https:\/\/www.museosdemequinenza.com\/ca\/wp-json\/wp\/v2\/tags?post=12735"}],"curies":[{"name":"wp","href":"https:\/\/api.w.org\/{rel}","templated":true}]}}