{"id":12437,"date":"2025-04-27T16:49:14","date_gmt":"2025-04-27T14:49:14","guid":{"rendered":"https:\/\/www.museosdemequinenza.com\/?p=12437"},"modified":"2025-04-27T17:03:09","modified_gmt":"2025-04-27T15:03:09","slug":"la-fundacion-joaquin-torres-reafirma-su-compromiso-con-la-educacion-concediendo-29-becas-a-jovenes-universitarios-de-mequinenza","status":"publish","type":"post","link":"https:\/\/www.museosdemequinenza.com\/ca\/la-fundacion-joaquin-torres-reafirma-su-compromiso-con-la-educacion-concediendo-29-becas-a-jovenes-universitarios-de-mequinenza\/","title":{"rendered":"La Fundaci\u00f3 Joaqu\u00edn Torres referma el seu comprom\u00eds amb l'educaci\u00f3 concedint 29 beques a joves universitaris de Mequinensa."},"content":{"rendered":"<div data-elementor-type=\"wp-post\" data-elementor-id=\"12437\" class=\"elementor elementor-12437\">\n\t\t\t\t\t\t<section class=\"elementor-section elementor-top-section elementor-element elementor-element-cc71a6e elementor-section-boxed elementor-section-height-default elementor-section-height-default\" data-id=\"cc71a6e\" data-element_type=\"section\" data-e-type=\"section\">\n\t\t\t\t\t\t<div class=\"elementor-container elementor-column-gap-default\">\n\t\t\t\t\t<div class=\"elementor-column elementor-col-100 elementor-top-column elementor-element elementor-element-a360da5\" data-id=\"a360da5\" data-element_type=\"column\" data-e-type=\"column\">\n\t\t\t<div class=\"elementor-widget-wrap elementor-element-populated\">\n\t\t\t\t\t\t<div class=\"elementor-element elementor-element-60568fe elementor-widget elementor-widget-image\" data-id=\"60568fe\" data-element_type=\"widget\" data-e-type=\"widget\" data-widget_type=\"image.default\">\n\t\t\t\t<div class=\"elementor-widget-container\">\n\t\t\t\t\t\t\t\t\t\t\t\t\t\t\t<img fetchpriority=\"high\" decoding=\"async\" width=\"1140\" height=\"380\" src=\"https:\/\/www.museosdemequinenza.com\/wp-content\/uploads\/2025\/04\/IMG_2410-1140x380.jpg\" class=\"attachment-column1-1\/3 size-column1-1\/3 wp-image-12439\" alt=\"\" srcset=\"https:\/\/www.museosdemequinenza.com\/wp-content\/uploads\/2025\/04\/IMG_2410-1140x380.jpg 1140w, https:\/\/www.museosdemequinenza.com\/wp-content\/uploads\/2025\/04\/IMG_2410-380x127.jpg 380w\" sizes=\"(max-width: 1140px) 100vw, 1140px\" \/>\t\t\t\t\t\t\t\t\t\t\t\t\t\t\t<\/div>\n\t\t\t\t<\/div>\n\t\t\t\t<div class=\"elementor-element elementor-element-ca0aead elementor-widget elementor-widget-text-editor\" data-id=\"ca0aead\" data-element_type=\"widget\" data-e-type=\"widget\" data-widget_type=\"text-editor.default\">\n\t\t\t\t<div class=\"elementor-widget-container\">\n\t\t\t\t\t\t\t\t\t<p><strong>Antonio Sanju\u00e1n, alcalde de Mequinensa i president de la Fundaci\u00f3, va reivindicar en l'acte de lliurament la figura del mequinens\u00e0 Joaqu\u00edn Torres com a exemple de visi\u00f3 i generositat, subratllant que l'educaci\u00f3 continua sent l'eina essencial per construir una societat m\u00e9s justa i preparada.<\/strong><\/p>\t\t\t\t\t\t\t\t<\/div>\n\t\t\t\t<\/div>\n\t\t\t\t<div class=\"elementor-element elementor-element-96a1376 elementor-widget elementor-widget-text-editor\" data-id=\"96a1376\" data-element_type=\"widget\" data-e-type=\"widget\" data-widget_type=\"text-editor.default\">\n\t\t\t\t<div class=\"elementor-widget-container\">\n\t\t\t\t\t\t\t\t\t<p>La Sala Goya acollia un any m\u00e9s l'acte de lliurament de les XXXI Beques de la Fundaci\u00f3 Joaqu\u00edn Torres corresponents a la convocat\u00f2ria de 2024. Del total de 32 sol\u00b7licituds rebudes se'n van atorgar 29, despr\u00e9s d'un exhaustiu proc\u00e9s d'avaluaci\u00f3 i verificaci\u00f3 de requisits, per un import de 17.400 euros. Del total de becats, 6 ja han finalitzat els seus estudis.<\/p><p>L'objectiu d'aquestes ajudes, que es nodreixen d'una generosa donaci\u00f3 d'aquest mequinens\u00e0 que va fer fortuna a Llatinoam\u00e8rica en el m\u00f3n editorial i que va voler retornar al seu poble natal part del que la vida li havia donat, \u00e9s contribuir a pal\u00b7liar les despeses dels estudis universitaris i fomentar l'acc\u00e9s a l'educaci\u00f3 com a eina essencial per al desenvolupament personal i col\u00b7lectiu.<\/p><p>Durante su intervenci\u00f3n, el alcalde de Mequinenza y presidente de la Fundaci\u00f3n, Antonio Sanju\u00e1n, reivindic\u00f3 la figura de Joaqu\u00edn Torres como ejemplo de visi\u00f3n y generosidad. \u00abEstas becas no solo representan un apoyo econ\u00f3mico, sino tambi\u00e9n un compromiso con la educaci\u00f3n como motor de cambio social. El esfuerzo que demostr\u00e1is hoy es el mejor homenaje al legado de Joaqu\u00edn Torres\u00bb, subray\u00f3.<\/p><p>Sanju\u00e1n va voler tamb\u00e9 recon\u00e8ixer el paper fonamental de les fam\u00edlies en l\u2019\u00e8xit dels estudiants i va animar els joves a continuar formant-se amb il\u00b7lusi\u00f3 i responsabilitat: \u201caquesta beca \u00e9s un reconeixement, per\u00f2 tamb\u00e9 ha de ser un est\u00edmul per continuar lluitant pel vostre futur\u201d.<\/p><p>Els becats agra\u00efen el gest de Joaqu\u00edn Torres \u201cque ens ha donat un cop de m\u00e0 en la nostra formaci\u00f3 sense con\u00e8ixer-nos, confiant en el nostre futur\u201d, aix\u00ed com la tasca de la Fundaci\u00f3 i el suport incondicional de les fam\u00edlies. Van compartir en quin punt es troben en els seus estudis i els seus plans de futur a les portes de la seva incorporaci\u00f3 al mercat laboral. Entre les an\u00e8cdotes de les intervencions, va destacar un \u00e0udio de WhatsApp d'una de les becades, que no va poder assistir a l\u2019acte per motius laborals, donant instruccions al seu pare sobre l'agra\u00efment que havia de transmetre en el seu nom.<\/p><p>Des de la seva creaci\u00f3, la Fundaci\u00f3 ha atorgat m\u00e9s de 790 beques, amb una inversi\u00f3 propera al mili\u00f3 d\u2019euros. Cada una de les beques lliurades aquest any t\u00e9 un valor de 600 euros, xifra que ha disminu\u00eft en els darrers anys a causa de diversos factors, com els efectes econ\u00f2mics de la pand\u00e8mia i les guerres que han afectat el rendiment econ\u00f2mic dels fons dels quals es nodreixen les beques.<\/p><p>Un descens en l'import de les beques atorgades que es va compensar en edicions anteriors amb aportacions de l'Ajuntament i d'empreses locals, per\u00f2 que t\u00e9 causes m\u00e9s profundes relacionades amb el compliment estricte dels estatuts que les regeixen i amb la rigorosa normativa vigent que regula el funcionament de les fundacions. El president de l'entitat va avan\u00e7ar que la Fundaci\u00f3 est\u00e0 treballant, juntament amb el Protectorat de Fundacions del Govern d'Arag\u00f3, per corregir la situaci\u00f3 i assegurar la sostenibilitat de les ajudes en el futur \u201cperqu\u00e8 tornin a estar a l'altura de l'esfor\u00e7 dels nostres estudiants\u201d.<\/p>\t\t\t\t\t\t\t\t<\/div>\n\t\t\t\t<\/div>\n\t\t\t\t\t<\/div>\n\t\t<\/div>\n\t\t\t\t\t<\/div>\n\t\t<\/section>\n\t\t\t\t<\/div>","protected":false},"excerpt":{"rendered":"<p>Antonio Sanju\u00e1n, alcalde de Mequinenza y presidente de la Fundaci\u00f3n, reivindic\u00f3 en el acto de entrega la figura del mequinenzano Joaqu\u00edn Torres como ejemplo de visi\u00f3n y generosidad, subrayando que la educaci\u00f3n sigue siendo la herramienta esencial para construir una sociedad m\u00e1s justa y preparada. La Sala Goya acog\u00eda un a\u00f1o m\u00e1s el acto de<\/p>\n<p><a href=\"https:\/\/www.museosdemequinenza.com\/ca\/la-fundacion-joaquin-torres-reafirma-su-compromiso-con-la-educacion-concediendo-29-becas-a-jovenes-universitarios-de-mequinenza\/\" class=\"more-link themebutton\">Read More<\/a><\/p>","protected":false},"author":1,"featured_media":12439,"comment_status":"closed","ping_status":"closed","sticky":false,"template":"","format":"standard","meta":{"_monsterinsights_skip_tracking":false,"_monsterinsights_sitenote_active":false,"_monsterinsights_sitenote_note":"","_monsterinsights_sitenote_category":0,"footnotes":""},"categories":[18],"tags":[],"class_list":["post-12437","post","type-post","status-publish","format-standard","has-post-thumbnail","hentry","category-sin-categoria-en"],"aioseo_notices":[],"_links":{"self":[{"href":"https:\/\/www.museosdemequinenza.com\/ca\/wp-json\/wp\/v2\/posts\/12437","targetHints":{"allow":["GET"]}}],"collection":[{"href":"https:\/\/www.museosdemequinenza.com\/ca\/wp-json\/wp\/v2\/posts"}],"about":[{"href":"https:\/\/www.museosdemequinenza.com\/ca\/wp-json\/wp\/v2\/types\/post"}],"author":[{"embeddable":true,"href":"https:\/\/www.museosdemequinenza.com\/ca\/wp-json\/wp\/v2\/users\/1"}],"replies":[{"embeddable":true,"href":"https:\/\/www.museosdemequinenza.com\/ca\/wp-json\/wp\/v2\/comments?post=12437"}],"version-history":[{"count":4,"href":"https:\/\/www.museosdemequinenza.com\/ca\/wp-json\/wp\/v2\/posts\/12437\/revisions"}],"predecessor-version":[{"id":12443,"href":"https:\/\/www.museosdemequinenza.com\/ca\/wp-json\/wp\/v2\/posts\/12437\/revisions\/12443"}],"wp:featuredmedia":[{"embeddable":true,"href":"https:\/\/www.museosdemequinenza.com\/ca\/wp-json\/wp\/v2\/media\/12439"}],"wp:attachment":[{"href":"https:\/\/www.museosdemequinenza.com\/ca\/wp-json\/wp\/v2\/media?parent=12437"}],"wp:term":[{"taxonomy":"category","embeddable":true,"href":"https:\/\/www.museosdemequinenza.com\/ca\/wp-json\/wp\/v2\/categories?post=12437"},{"taxonomy":"post_tag","embeddable":true,"href":"https:\/\/www.museosdemequinenza.com\/ca\/wp-json\/wp\/v2\/tags?post=12437"}],"curies":[{"name":"wp","href":"https:\/\/api.w.org\/{rel}","templated":true}]}}