{"id":11739,"date":"2025-01-09T14:26:56","date_gmt":"2025-01-09T12:26:56","guid":{"rendered":"https:\/\/www.museosdemequinenza.com\/?p=11739"},"modified":"2025-01-09T15:00:13","modified_gmt":"2025-01-09T13:00:13","slug":"museos-de-mequinenza-supera-las-6-100-vistas-en-2024-y-se-prepara-para-la-celebracion-de-su-15-aniversario","status":"publish","type":"post","link":"https:\/\/www.museosdemequinenza.com\/ca\/museos-de-mequinenza-supera-las-6-100-vistas-en-2024-y-se-prepara-para-la-celebracion-de-su-15-aniversario\/","title":{"rendered":"Els Museus de Mequinensa superen les 6.100 visites en 2024 i es preparen per a la celebraci\u00f3 del seu 15\u00e8 aniversari."},"content":{"rendered":"<div data-elementor-type=\"wp-post\" data-elementor-id=\"11739\" class=\"elementor elementor-11739\">\n\t\t\t\t\t\t<section class=\"elementor-section elementor-top-section elementor-element elementor-element-78fd090 elementor-section-boxed elementor-section-height-default elementor-section-height-default\" data-id=\"78fd090\" data-element_type=\"section\" data-e-type=\"section\">\n\t\t\t\t\t\t<div class=\"elementor-container elementor-column-gap-default\">\n\t\t\t\t\t<div class=\"elementor-column elementor-col-100 elementor-top-column elementor-element elementor-element-d26ac06\" data-id=\"d26ac06\" data-element_type=\"column\" data-e-type=\"column\">\n\t\t\t<div class=\"elementor-widget-wrap elementor-element-populated\">\n\t\t\t\t\t\t<div class=\"elementor-element elementor-element-1ec36d3 elementor-widget elementor-widget-image\" data-id=\"1ec36d3\" data-element_type=\"widget\" data-e-type=\"widget\" data-widget_type=\"image.default\">\n\t\t\t\t<div class=\"elementor-widget-container\">\n\t\t\t\t\t\t\t\t\t\t\t\t\t\t\t<img fetchpriority=\"high\" decoding=\"async\" width=\"1024\" height=\"683\" src=\"https:\/\/www.museosdemequinenza.com\/wp-content\/uploads\/2025\/01\/IMG_7235-1024x683.jpg\" class=\"attachment-large size-large wp-image-11751\" alt=\"\" srcset=\"https:\/\/www.museosdemequinenza.com\/wp-content\/uploads\/2025\/01\/IMG_7235-1024x683.jpg 1024w, https:\/\/www.museosdemequinenza.com\/wp-content\/uploads\/2025\/01\/IMG_7235-300x200.jpg 300w, https:\/\/www.museosdemequinenza.com\/wp-content\/uploads\/2025\/01\/IMG_7235-768x512.jpg 768w, https:\/\/www.museosdemequinenza.com\/wp-content\/uploads\/2025\/01\/IMG_7235-1536x1024.jpg 1536w, https:\/\/www.museosdemequinenza.com\/wp-content\/uploads\/2025\/01\/IMG_7235-2048x1365.jpg 2048w, https:\/\/www.museosdemequinenza.com\/wp-content\/uploads\/2025\/01\/IMG_7235-18x12.jpg 18w, https:\/\/www.museosdemequinenza.com\/wp-content\/uploads\/2025\/01\/IMG_7235-1140x760.jpg 1140w, https:\/\/www.museosdemequinenza.com\/wp-content\/uploads\/2025\/01\/IMG_7235-570x380.jpg 570w, https:\/\/www.museosdemequinenza.com\/wp-content\/uploads\/2025\/01\/IMG_7235-380x254.jpg 380w, https:\/\/www.museosdemequinenza.com\/wp-content\/uploads\/2025\/01\/IMG_7235-285x190.jpg 285w\" sizes=\"(max-width: 1024px) 100vw, 1024px\" \/>\t\t\t\t\t\t\t\t\t\t\t\t\t\t\t<\/div>\n\t\t\t\t<\/div>\n\t\t\t\t<div class=\"elementor-element elementor-element-89ac5a0 elementor-widget elementor-widget-text-editor\" data-id=\"89ac5a0\" data-element_type=\"widget\" data-e-type=\"widget\" data-widget_type=\"text-editor.default\">\n\t\t\t\t<div class=\"elementor-widget-container\">\n\t\t\t\t\t\t\t\t\t<p><strong>L'espai expositiu es consolida com a referent cultural i motor tur\u00edstic de la localitat amb un creixement en el nombre de visitants superior al 18 % respecte al any anterior.<\/strong><\/p>\t\t\t\t\t\t\t\t<\/div>\n\t\t\t\t<\/div>\n\t\t\t\t<div class=\"elementor-element elementor-element-5be78f6 elementor-widget elementor-widget-text-editor\" data-id=\"5be78f6\" data-element_type=\"widget\" data-e-type=\"widget\" data-widget_type=\"text-editor.default\">\n\t\t\t\t<div class=\"elementor-widget-container\">\n\t\t\t\t\t\t\t\t\t<p><strong>.<\/strong> Els Museus de Mequinensa tanquen el 2024 amb una xifra de 6.132 visitants, la segona m\u00e9s alta de la seva hist\u00f2ria, amb un increment del 18,12 % respecte al 2023. Cal destacar l'augment de visitants internacionals procedents de 27 pa\u00efsos, fet que evidencia l'impacte positiu de la promoci\u00f3 digital i la diversificaci\u00f3 d'activitats tur\u00edstiques a la localitat m\u00e9s enll\u00e0 de la pesca esportiva. Pel que fa al visitant nacional, Catalunya i Arag\u00f3 continuen liderant les xifres de proced\u00e8ncia, seguits de visitants de les 17 comunitats aut\u00f2nomes.<\/p><p>Aquestes xifres, afavorides pel refor\u00e7 en l'oferta d'infraestructures destinades al turisme de caravanes i campers, mostren l'increment de l'inter\u00e8s pel patrimoni cultural, hist\u00f2ric i miner del municipi, posicionant-lo com un dels destins de refer\u00e8ncia a Arag\u00f3 a les portes de la celebraci\u00f3 del 15\u00e8 aniversari de la seva obertura. Un fita que s'aprofitar\u00e0 per continuar impulsant el turisme i el reconeixement del municipi com a referent cultural m\u00e9s enll\u00e0 de la comarca del Baix Cinca.<\/p><p>\u00a0<\/p>\t\t\t\t\t\t\t\t<\/div>\n\t\t\t\t<\/div>\n\t\t\t\t<section class=\"elementor-section elementor-inner-section elementor-element elementor-element-0a08b1c elementor-section-boxed elementor-section-height-default elementor-section-height-default\" data-id=\"0a08b1c\" data-element_type=\"section\" data-e-type=\"section\">\n\t\t\t\t\t\t<div class=\"elementor-container elementor-column-gap-default\">\n\t\t\t\t\t<div class=\"elementor-column elementor-col-50 elementor-inner-column elementor-element elementor-element-a385a2b\" data-id=\"a385a2b\" data-element_type=\"column\" data-e-type=\"column\">\n\t\t\t<div class=\"elementor-widget-wrap elementor-element-populated\">\n\t\t\t\t\t\t<div class=\"elementor-element elementor-element-d295111 elementor-widget elementor-widget-image\" data-id=\"d295111\" data-element_type=\"widget\" data-e-type=\"widget\" data-widget_type=\"image.default\">\n\t\t\t\t<div class=\"elementor-widget-container\">\n\t\t\t\t\t\t\t\t\t\t\t\t\t\t\t<img decoding=\"async\" width=\"1024\" height=\"683\" src=\"https:\/\/www.museosdemequinenza.com\/wp-content\/uploads\/2025\/01\/IMG_3317-1024x683.jpg\" class=\"attachment-large size-large wp-image-11745\" alt=\"\" srcset=\"https:\/\/www.museosdemequinenza.com\/wp-content\/uploads\/2025\/01\/IMG_3317-1024x683.jpg 1024w, https:\/\/www.museosdemequinenza.com\/wp-content\/uploads\/2025\/01\/IMG_3317-300x200.jpg 300w, https:\/\/www.museosdemequinenza.com\/wp-content\/uploads\/2025\/01\/IMG_3317-768x512.jpg 768w, https:\/\/www.museosdemequinenza.com\/wp-content\/uploads\/2025\/01\/IMG_3317-1536x1024.jpg 1536w, https:\/\/www.museosdemequinenza.com\/wp-content\/uploads\/2025\/01\/IMG_3317-2048x1365.jpg 2048w, https:\/\/www.museosdemequinenza.com\/wp-content\/uploads\/2025\/01\/IMG_3317-18x12.jpg 18w, https:\/\/www.museosdemequinenza.com\/wp-content\/uploads\/2025\/01\/IMG_3317-1140x760.jpg 1140w, https:\/\/www.museosdemequinenza.com\/wp-content\/uploads\/2025\/01\/IMG_3317-570x380.jpg 570w, https:\/\/www.museosdemequinenza.com\/wp-content\/uploads\/2025\/01\/IMG_3317-380x254.jpg 380w, https:\/\/www.museosdemequinenza.com\/wp-content\/uploads\/2025\/01\/IMG_3317-285x190.jpg 285w\" sizes=\"(max-width: 1024px) 100vw, 1024px\" \/>\t\t\t\t\t\t\t\t\t\t\t\t\t\t\t<\/div>\n\t\t\t\t<\/div>\n\t\t\t\t\t<\/div>\n\t\t<\/div>\n\t\t\t\t<div class=\"elementor-column elementor-col-50 elementor-inner-column elementor-element elementor-element-67ecbfe\" data-id=\"67ecbfe\" data-element_type=\"column\" data-e-type=\"column\">\n\t\t\t<div class=\"elementor-widget-wrap elementor-element-populated\">\n\t\t\t\t\t\t<div class=\"elementor-element elementor-element-61b8ff8 elementor-widget elementor-widget-image\" data-id=\"61b8ff8\" data-element_type=\"widget\" data-e-type=\"widget\" data-widget_type=\"image.default\">\n\t\t\t\t<div class=\"elementor-widget-container\">\n\t\t\t\t\t\t\t\t\t\t\t\t\t\t\t<img decoding=\"async\" width=\"1024\" height=\"683\" src=\"https:\/\/www.museosdemequinenza.com\/wp-content\/uploads\/2025\/01\/IMG_9889-1024x683.jpg\" class=\"attachment-large size-large wp-image-11749\" alt=\"\" srcset=\"https:\/\/www.museosdemequinenza.com\/wp-content\/uploads\/2025\/01\/IMG_9889-1024x683.jpg 1024w, https:\/\/www.museosdemequinenza.com\/wp-content\/uploads\/2025\/01\/IMG_9889-300x200.jpg 300w, https:\/\/www.museosdemequinenza.com\/wp-content\/uploads\/2025\/01\/IMG_9889-768x512.jpg 768w, https:\/\/www.museosdemequinenza.com\/wp-content\/uploads\/2025\/01\/IMG_9889-1536x1024.jpg 1536w, https:\/\/www.museosdemequinenza.com\/wp-content\/uploads\/2025\/01\/IMG_9889-2048x1365.jpg 2048w, https:\/\/www.museosdemequinenza.com\/wp-content\/uploads\/2025\/01\/IMG_9889-18x12.jpg 18w, https:\/\/www.museosdemequinenza.com\/wp-content\/uploads\/2025\/01\/IMG_9889-1140x760.jpg 1140w, https:\/\/www.museosdemequinenza.com\/wp-content\/uploads\/2025\/01\/IMG_9889-570x380.jpg 570w, https:\/\/www.museosdemequinenza.com\/wp-content\/uploads\/2025\/01\/IMG_9889-380x254.jpg 380w, https:\/\/www.museosdemequinenza.com\/wp-content\/uploads\/2025\/01\/IMG_9889-285x190.jpg 285w\" sizes=\"(max-width: 1024px) 100vw, 1024px\" \/>\t\t\t\t\t\t\t\t\t\t\t\t\t\t\t<\/div>\n\t\t\t\t<\/div>\n\t\t\t\t\t<\/div>\n\t\t<\/div>\n\t\t\t\t\t<\/div>\n\t\t<\/section>\n\t\t\t\t<div class=\"elementor-element elementor-element-c8ef258 elementor-widget elementor-widget-text-editor\" data-id=\"c8ef258\" data-element_type=\"widget\" data-e-type=\"widget\" data-widget_type=\"text-editor.default\">\n\t\t\t\t<div class=\"elementor-widget-container\">\n\t\t\t\t\t\t\t\t\t<p>Els Museus de Mequinensa, amb el Museu de la Mina i el Museu de la Hist\u00f2ria com a referents, han mantingut el seu protagonisme com a motor cultural i tur\u00edstic de la localitat, complementant l'oferta amb iniciatives vinculades al turisme literari i les activitats a l'aire lliure. El 2024, la Ruta Liter\u00e0ria Jes\u00fas Moncada va experimentar un creixement del 40%, atraient instituts, grups de lectura i turistes literaris per con\u00e8ixer el Poble Vell, escenari de les novel\u00b7les de l'escriptor mequinens\u00e0. Es preveu que el 2025 aquesta tend\u00e8ncia continu\u00ef a l'al\u00e7a, coincidint amb el 20\u00e8 aniversari de la seva defunci\u00f3.<\/p><p>Cal destacar la participaci\u00f3 en diferents f\u00f2rums, com la Confer\u00e8ncia Internacional en Turisme Literari i Cinematogr\u00e0fic del CETT de Barcelona, en el projecte de Ci\u00e8ncia Ciutadana \u201cVigilants del S\u00f2l\u201d, en la Confer\u00e8ncia Internacional de la Xarxa Mundial de Museus de l'Aigua, en el Congr\u00e9s \u201cEls rius: territori, societat i cultura\u201d o, per primera vegada, com a seu de la Festa de la Hist\u00f2ria de la Universitat de Saragossa i projectes de difusi\u00f3 com el de l\u2019obra de Jes\u00fas Moncada a biblioteques. Tamb\u00e9 en l'organitzaci\u00f3 de confer\u00e8ncies, concerts, presentacions de llibres i exposicions, aix\u00ed com en les celebracions del Dia dels Museus, de la Museum Week, de Sant Jordi al Poble Vell o del Festival Dansa M\u00ednima.<\/p>\t\t\t\t\t\t\t\t<\/div>\n\t\t\t\t<\/div>\n\t\t\t\t<section class=\"elementor-section elementor-inner-section elementor-element elementor-element-c0d24e2 elementor-section-boxed elementor-section-height-default elementor-section-height-default\" data-id=\"c0d24e2\" data-element_type=\"section\" data-e-type=\"section\">\n\t\t\t\t\t\t<div class=\"elementor-container elementor-column-gap-default\">\n\t\t\t\t\t<div class=\"elementor-column elementor-col-50 elementor-inner-column elementor-element elementor-element-43e41ec\" data-id=\"43e41ec\" data-element_type=\"column\" data-e-type=\"column\">\n\t\t\t<div class=\"elementor-widget-wrap elementor-element-populated\">\n\t\t\t\t\t\t<div class=\"elementor-element elementor-element-a63c98f elementor-widget elementor-widget-image\" data-id=\"a63c98f\" data-element_type=\"widget\" data-e-type=\"widget\" data-widget_type=\"image.default\">\n\t\t\t\t<div class=\"elementor-widget-container\">\n\t\t\t\t\t\t\t\t\t\t\t\t\t\t\t<img loading=\"lazy\" decoding=\"async\" width=\"1024\" height=\"683\" src=\"https:\/\/www.museosdemequinenza.com\/wp-content\/uploads\/2025\/01\/IMG_7470-1024x683.jpg\" class=\"attachment-large size-large wp-image-11750\" alt=\"\" srcset=\"https:\/\/www.museosdemequinenza.com\/wp-content\/uploads\/2025\/01\/IMG_7470-1024x683.jpg 1024w, https:\/\/www.museosdemequinenza.com\/wp-content\/uploads\/2025\/01\/IMG_7470-300x200.jpg 300w, https:\/\/www.museosdemequinenza.com\/wp-content\/uploads\/2025\/01\/IMG_7470-768x512.jpg 768w, https:\/\/www.museosdemequinenza.com\/wp-content\/uploads\/2025\/01\/IMG_7470-1536x1024.jpg 1536w, https:\/\/www.museosdemequinenza.com\/wp-content\/uploads\/2025\/01\/IMG_7470-2048x1365.jpg 2048w, https:\/\/www.museosdemequinenza.com\/wp-content\/uploads\/2025\/01\/IMG_7470-18x12.jpg 18w, https:\/\/www.museosdemequinenza.com\/wp-content\/uploads\/2025\/01\/IMG_7470-1140x760.jpg 1140w, https:\/\/www.museosdemequinenza.com\/wp-content\/uploads\/2025\/01\/IMG_7470-570x380.jpg 570w, https:\/\/www.museosdemequinenza.com\/wp-content\/uploads\/2025\/01\/IMG_7470-380x254.jpg 380w, https:\/\/www.museosdemequinenza.com\/wp-content\/uploads\/2025\/01\/IMG_7470-285x190.jpg 285w\" sizes=\"(max-width: 1024px) 100vw, 1024px\" \/>\t\t\t\t\t\t\t\t\t\t\t\t\t\t\t<\/div>\n\t\t\t\t<\/div>\n\t\t\t\t\t<\/div>\n\t\t<\/div>\n\t\t\t\t<div class=\"elementor-column elementor-col-50 elementor-inner-column elementor-element elementor-element-1019941\" data-id=\"1019941\" data-element_type=\"column\" data-e-type=\"column\">\n\t\t\t<div class=\"elementor-widget-wrap elementor-element-populated\">\n\t\t\t\t\t\t<div class=\"elementor-element elementor-element-f97ba67 elementor-widget elementor-widget-image\" data-id=\"f97ba67\" data-element_type=\"widget\" data-e-type=\"widget\" data-widget_type=\"image.default\">\n\t\t\t\t<div class=\"elementor-widget-container\">\n\t\t\t\t\t\t\t\t\t\t\t\t\t\t\t<img loading=\"lazy\" decoding=\"async\" width=\"1024\" height=\"683\" src=\"https:\/\/www.museosdemequinenza.com\/wp-content\/uploads\/2025\/01\/IMG_1648-1024x683.jpg\" class=\"attachment-large size-large wp-image-11744\" alt=\"\" srcset=\"https:\/\/www.museosdemequinenza.com\/wp-content\/uploads\/2025\/01\/IMG_1648-1024x683.jpg 1024w, https:\/\/www.museosdemequinenza.com\/wp-content\/uploads\/2025\/01\/IMG_1648-300x200.jpg 300w, https:\/\/www.museosdemequinenza.com\/wp-content\/uploads\/2025\/01\/IMG_1648-768x512.jpg 768w, https:\/\/www.museosdemequinenza.com\/wp-content\/uploads\/2025\/01\/IMG_1648-1536x1024.jpg 1536w, https:\/\/www.museosdemequinenza.com\/wp-content\/uploads\/2025\/01\/IMG_1648-2048x1365.jpg 2048w, https:\/\/www.museosdemequinenza.com\/wp-content\/uploads\/2025\/01\/IMG_1648-18x12.jpg 18w, https:\/\/www.museosdemequinenza.com\/wp-content\/uploads\/2025\/01\/IMG_1648-1140x760.jpg 1140w, https:\/\/www.museosdemequinenza.com\/wp-content\/uploads\/2025\/01\/IMG_1648-570x380.jpg 570w, https:\/\/www.museosdemequinenza.com\/wp-content\/uploads\/2025\/01\/IMG_1648-380x254.jpg 380w, https:\/\/www.museosdemequinenza.com\/wp-content\/uploads\/2025\/01\/IMG_1648-285x190.jpg 285w\" sizes=\"(max-width: 1024px) 100vw, 1024px\" \/>\t\t\t\t\t\t\t\t\t\t\t\t\t\t\t<\/div>\n\t\t\t\t<\/div>\n\t\t\t\t\t<\/div>\n\t\t<\/div>\n\t\t\t\t\t<\/div>\n\t\t<\/section>\n\t\t\t\t<section class=\"elementor-section elementor-inner-section elementor-element elementor-element-10db2fc elementor-section-boxed elementor-section-height-default elementor-section-height-default\" data-id=\"10db2fc\" data-element_type=\"section\" data-e-type=\"section\">\n\t\t\t\t\t\t<div class=\"elementor-container elementor-column-gap-default\">\n\t\t\t\t\t<div class=\"elementor-column elementor-col-50 elementor-inner-column elementor-element elementor-element-3744f8a\" data-id=\"3744f8a\" data-element_type=\"column\" data-e-type=\"column\">\n\t\t\t<div class=\"elementor-widget-wrap elementor-element-populated\">\n\t\t\t\t\t\t<div class=\"elementor-element elementor-element-43b2b57 elementor-widget elementor-widget-image\" data-id=\"43b2b57\" data-element_type=\"widget\" data-e-type=\"widget\" data-widget_type=\"image.default\">\n\t\t\t\t<div class=\"elementor-widget-container\">\n\t\t\t\t\t\t\t\t\t\t\t\t\t\t\t<img loading=\"lazy\" decoding=\"async\" width=\"1024\" height=\"683\" src=\"https:\/\/www.museosdemequinenza.com\/wp-content\/uploads\/2025\/01\/IMG_8825-1024x683.jpg\" class=\"attachment-large size-large wp-image-11752\" alt=\"\" srcset=\"https:\/\/www.museosdemequinenza.com\/wp-content\/uploads\/2025\/01\/IMG_8825-1024x683.jpg 1024w, https:\/\/www.museosdemequinenza.com\/wp-content\/uploads\/2025\/01\/IMG_8825-300x200.jpg 300w, https:\/\/www.museosdemequinenza.com\/wp-content\/uploads\/2025\/01\/IMG_8825-768x512.jpg 768w, https:\/\/www.museosdemequinenza.com\/wp-content\/uploads\/2025\/01\/IMG_8825-1536x1024.jpg 1536w, https:\/\/www.museosdemequinenza.com\/wp-content\/uploads\/2025\/01\/IMG_8825-2048x1365.jpg 2048w, https:\/\/www.museosdemequinenza.com\/wp-content\/uploads\/2025\/01\/IMG_8825-18x12.jpg 18w, https:\/\/www.museosdemequinenza.com\/wp-content\/uploads\/2025\/01\/IMG_8825-1140x760.jpg 1140w, https:\/\/www.museosdemequinenza.com\/wp-content\/uploads\/2025\/01\/IMG_8825-570x380.jpg 570w, https:\/\/www.museosdemequinenza.com\/wp-content\/uploads\/2025\/01\/IMG_8825-380x254.jpg 380w, https:\/\/www.museosdemequinenza.com\/wp-content\/uploads\/2025\/01\/IMG_8825-285x190.jpg 285w\" sizes=\"(max-width: 1024px) 100vw, 1024px\" \/>\t\t\t\t\t\t\t\t\t\t\t\t\t\t\t<\/div>\n\t\t\t\t<\/div>\n\t\t\t\t\t<\/div>\n\t\t<\/div>\n\t\t\t\t<div class=\"elementor-column elementor-col-50 elementor-inner-column elementor-element elementor-element-1aab099\" data-id=\"1aab099\" data-element_type=\"column\" data-e-type=\"column\">\n\t\t\t<div class=\"elementor-widget-wrap elementor-element-populated\">\n\t\t\t\t\t\t<div class=\"elementor-element elementor-element-e62a3dd elementor-widget elementor-widget-image\" data-id=\"e62a3dd\" data-element_type=\"widget\" data-e-type=\"widget\" data-widget_type=\"image.default\">\n\t\t\t\t<div class=\"elementor-widget-container\">\n\t\t\t\t\t\t\t\t\t\t\t\t\t\t\t<img loading=\"lazy\" decoding=\"async\" width=\"1024\" height=\"683\" src=\"https:\/\/www.museosdemequinenza.com\/wp-content\/uploads\/2025\/01\/IMG_4018-1024x683.jpg\" class=\"attachment-large size-large wp-image-11747\" alt=\"\" srcset=\"https:\/\/www.museosdemequinenza.com\/wp-content\/uploads\/2025\/01\/IMG_4018-1024x683.jpg 1024w, https:\/\/www.museosdemequinenza.com\/wp-content\/uploads\/2025\/01\/IMG_4018-300x200.jpg 300w, https:\/\/www.museosdemequinenza.com\/wp-content\/uploads\/2025\/01\/IMG_4018-768x512.jpg 768w, https:\/\/www.museosdemequinenza.com\/wp-content\/uploads\/2025\/01\/IMG_4018-1536x1024.jpg 1536w, https:\/\/www.museosdemequinenza.com\/wp-content\/uploads\/2025\/01\/IMG_4018-2048x1365.jpg 2048w, https:\/\/www.museosdemequinenza.com\/wp-content\/uploads\/2025\/01\/IMG_4018-18x12.jpg 18w, https:\/\/www.museosdemequinenza.com\/wp-content\/uploads\/2025\/01\/IMG_4018-1140x760.jpg 1140w, https:\/\/www.museosdemequinenza.com\/wp-content\/uploads\/2025\/01\/IMG_4018-570x380.jpg 570w, https:\/\/www.museosdemequinenza.com\/wp-content\/uploads\/2025\/01\/IMG_4018-380x254.jpg 380w, https:\/\/www.museosdemequinenza.com\/wp-content\/uploads\/2025\/01\/IMG_4018-285x190.jpg 285w\" sizes=\"(max-width: 1024px) 100vw, 1024px\" \/>\t\t\t\t\t\t\t\t\t\t\t\t\t\t\t<\/div>\n\t\t\t\t<\/div>\n\t\t\t\t\t<\/div>\n\t\t<\/div>\n\t\t\t\t\t<\/div>\n\t\t<\/section>\n\t\t\t\t<section class=\"elementor-section elementor-inner-section elementor-element elementor-element-02ec8ca elementor-section-boxed elementor-section-height-default elementor-section-height-default\" data-id=\"02ec8ca\" data-element_type=\"section\" data-e-type=\"section\">\n\t\t\t\t\t\t<div class=\"elementor-container elementor-column-gap-default\">\n\t\t\t\t\t<div class=\"elementor-column elementor-col-50 elementor-inner-column elementor-element elementor-element-58e42e1\" data-id=\"58e42e1\" data-element_type=\"column\" data-e-type=\"column\">\n\t\t\t<div class=\"elementor-widget-wrap elementor-element-populated\">\n\t\t\t\t\t\t<div class=\"elementor-element elementor-element-b3a9882 elementor-widget elementor-widget-image\" data-id=\"b3a9882\" data-element_type=\"widget\" data-e-type=\"widget\" data-widget_type=\"image.default\">\n\t\t\t\t<div class=\"elementor-widget-container\">\n\t\t\t\t\t\t\t\t\t\t\t\t\t\t\t<img loading=\"lazy\" decoding=\"async\" width=\"1024\" height=\"683\" src=\"https:\/\/www.museosdemequinenza.com\/wp-content\/uploads\/2025\/01\/IMG_5486-1024x683.jpg\" class=\"attachment-large size-large wp-image-11746\" alt=\"\" srcset=\"https:\/\/www.museosdemequinenza.com\/wp-content\/uploads\/2025\/01\/IMG_5486-1024x683.jpg 1024w, https:\/\/www.museosdemequinenza.com\/wp-content\/uploads\/2025\/01\/IMG_5486-300x200.jpg 300w, https:\/\/www.museosdemequinenza.com\/wp-content\/uploads\/2025\/01\/IMG_5486-768x512.jpg 768w, https:\/\/www.museosdemequinenza.com\/wp-content\/uploads\/2025\/01\/IMG_5486-1536x1024.jpg 1536w, https:\/\/www.museosdemequinenza.com\/wp-content\/uploads\/2025\/01\/IMG_5486-2048x1365.jpg 2048w, https:\/\/www.museosdemequinenza.com\/wp-content\/uploads\/2025\/01\/IMG_5486-18x12.jpg 18w, https:\/\/www.museosdemequinenza.com\/wp-content\/uploads\/2025\/01\/IMG_5486-1140x760.jpg 1140w, https:\/\/www.museosdemequinenza.com\/wp-content\/uploads\/2025\/01\/IMG_5486-570x380.jpg 570w, https:\/\/www.museosdemequinenza.com\/wp-content\/uploads\/2025\/01\/IMG_5486-380x254.jpg 380w, https:\/\/www.museosdemequinenza.com\/wp-content\/uploads\/2025\/01\/IMG_5486-285x190.jpg 285w\" sizes=\"(max-width: 1024px) 100vw, 1024px\" \/>\t\t\t\t\t\t\t\t\t\t\t\t\t\t\t<\/div>\n\t\t\t\t<\/div>\n\t\t\t\t\t<\/div>\n\t\t<\/div>\n\t\t\t\t<div class=\"elementor-column elementor-col-50 elementor-inner-column elementor-element elementor-element-fb0dc8a\" data-id=\"fb0dc8a\" data-element_type=\"column\" data-e-type=\"column\">\n\t\t\t<div class=\"elementor-widget-wrap elementor-element-populated\">\n\t\t\t\t\t\t<div class=\"elementor-element elementor-element-e489f86 elementor-widget elementor-widget-image\" data-id=\"e489f86\" data-element_type=\"widget\" data-e-type=\"widget\" data-widget_type=\"image.default\">\n\t\t\t\t<div class=\"elementor-widget-container\">\n\t\t\t\t\t\t\t\t\t\t\t\t\t\t\t<img loading=\"lazy\" decoding=\"async\" width=\"1024\" height=\"683\" src=\"https:\/\/www.museosdemequinenza.com\/wp-content\/uploads\/2025\/01\/IMG_0920-1024x683.jpg\" class=\"attachment-large size-large wp-image-11754\" alt=\"\" srcset=\"https:\/\/www.museosdemequinenza.com\/wp-content\/uploads\/2025\/01\/IMG_0920-1024x683.jpg 1024w, https:\/\/www.museosdemequinenza.com\/wp-content\/uploads\/2025\/01\/IMG_0920-300x200.jpg 300w, https:\/\/www.museosdemequinenza.com\/wp-content\/uploads\/2025\/01\/IMG_0920-768x512.jpg 768w, https:\/\/www.museosdemequinenza.com\/wp-content\/uploads\/2025\/01\/IMG_0920-1536x1024.jpg 1536w, https:\/\/www.museosdemequinenza.com\/wp-content\/uploads\/2025\/01\/IMG_0920-2048x1365.jpg 2048w, https:\/\/www.museosdemequinenza.com\/wp-content\/uploads\/2025\/01\/IMG_0920-18x12.jpg 18w, https:\/\/www.museosdemequinenza.com\/wp-content\/uploads\/2025\/01\/IMG_0920-1140x760.jpg 1140w, https:\/\/www.museosdemequinenza.com\/wp-content\/uploads\/2025\/01\/IMG_0920-570x380.jpg 570w, https:\/\/www.museosdemequinenza.com\/wp-content\/uploads\/2025\/01\/IMG_0920-380x254.jpg 380w, https:\/\/www.museosdemequinenza.com\/wp-content\/uploads\/2025\/01\/IMG_0920-285x190.jpg 285w\" sizes=\"(max-width: 1024px) 100vw, 1024px\" \/>\t\t\t\t\t\t\t\t\t\t\t\t\t\t\t<\/div>\n\t\t\t\t<\/div>\n\t\t\t\t\t<\/div>\n\t\t<\/div>\n\t\t\t\t\t<\/div>\n\t\t<\/section>\n\t\t\t\t\t<\/div>\n\t\t<\/div>\n\t\t\t\t\t<\/div>\n\t\t<\/section>\n\t\t\t\t<\/div>","protected":false},"excerpt":{"rendered":"<p>El espacio expositivo se consolida como referente cultural y motor tur\u00edstico de la localidad con un crecimiento en el n\u00famero de visitantes por encima del 18 % respecto al a\u00f1o anterior. . Museos de Mequinenza cierra 2024 con una cifra de 6.132 visitantes, la segunda m\u00e1s alta de su historia, con un incremento del 18,12<\/p>\n<p><a href=\"https:\/\/www.museosdemequinenza.com\/ca\/museos-de-mequinenza-supera-las-6-100-vistas-en-2024-y-se-prepara-para-la-celebracion-de-su-15-aniversario\/\" class=\"more-link themebutton\">Read More<\/a><\/p>","protected":false},"author":1,"featured_media":11751,"comment_status":"closed","ping_status":"closed","sticky":false,"template":"","format":"standard","meta":{"_monsterinsights_skip_tracking":false,"_monsterinsights_sitenote_active":false,"_monsterinsights_sitenote_note":"","_monsterinsights_sitenote_category":0,"footnotes":""},"categories":[18],"tags":[],"class_list":["post-11739","post","type-post","status-publish","format-standard","has-post-thumbnail","hentry","category-sin-categoria-en"],"aioseo_notices":[],"_links":{"self":[{"href":"https:\/\/www.museosdemequinenza.com\/ca\/wp-json\/wp\/v2\/posts\/11739","targetHints":{"allow":["GET"]}}],"collection":[{"href":"https:\/\/www.museosdemequinenza.com\/ca\/wp-json\/wp\/v2\/posts"}],"about":[{"href":"https:\/\/www.museosdemequinenza.com\/ca\/wp-json\/wp\/v2\/types\/post"}],"author":[{"embeddable":true,"href":"https:\/\/www.museosdemequinenza.com\/ca\/wp-json\/wp\/v2\/users\/1"}],"replies":[{"embeddable":true,"href":"https:\/\/www.museosdemequinenza.com\/ca\/wp-json\/wp\/v2\/comments?post=11739"}],"version-history":[{"count":8,"href":"https:\/\/www.museosdemequinenza.com\/ca\/wp-json\/wp\/v2\/posts\/11739\/revisions"}],"predecessor-version":[{"id":11759,"href":"https:\/\/www.museosdemequinenza.com\/ca\/wp-json\/wp\/v2\/posts\/11739\/revisions\/11759"}],"wp:featuredmedia":[{"embeddable":true,"href":"https:\/\/www.museosdemequinenza.com\/ca\/wp-json\/wp\/v2\/media\/11751"}],"wp:attachment":[{"href":"https:\/\/www.museosdemequinenza.com\/ca\/wp-json\/wp\/v2\/media?parent=11739"}],"wp:term":[{"taxonomy":"category","embeddable":true,"href":"https:\/\/www.museosdemequinenza.com\/ca\/wp-json\/wp\/v2\/categories?post=11739"},{"taxonomy":"post_tag","embeddable":true,"href":"https:\/\/www.museosdemequinenza.com\/ca\/wp-json\/wp\/v2\/tags?post=11739"}],"curies":[{"name":"wp","href":"https:\/\/api.w.org\/{rel}","templated":true}]}}