{"id":11686,"date":"2024-11-25T10:26:32","date_gmt":"2024-11-25T08:26:32","guid":{"rendered":"https:\/\/www.museosdemequinenza.com\/?p=11686"},"modified":"2024-11-25T10:37:19","modified_gmt":"2024-11-25T08:37:19","slug":"los-museos-de-mequinenza-participan-en-el-xiv-congreso-els-rius-territori-societat-i-cultura-de-la-ccepc","status":"publish","type":"post","link":"https:\/\/www.museosdemequinenza.com\/ca\/los-museos-de-mequinenza-participan-en-el-xiv-congreso-els-rius-territori-societat-i-cultura-de-la-ccepc\/","title":{"rendered":"Los Museos de Mequinenza participan en el XIV Congreso \u00abEls rius, territori, societat i cultura\u00bb de la CCEPC"},"content":{"rendered":"<div data-elementor-type=\"wp-post\" data-elementor-id=\"11686\" class=\"elementor elementor-11686\">\n\t\t\t\t\t\t<section class=\"elementor-section elementor-top-section elementor-element elementor-element-fb2a075 elementor-section-boxed elementor-section-height-default elementor-section-height-default\" data-id=\"fb2a075\" data-element_type=\"section\" data-e-type=\"section\">\n\t\t\t\t\t\t<div class=\"elementor-container elementor-column-gap-default\">\n\t\t\t\t\t<div class=\"elementor-column elementor-col-100 elementor-top-column elementor-element elementor-element-66613e6\" data-id=\"66613e6\" data-element_type=\"column\" data-e-type=\"column\">\n\t\t\t<div class=\"elementor-widget-wrap elementor-element-populated\">\n\t\t\t\t\t\t<div class=\"elementor-element elementor-element-806c608 elementor-widget elementor-widget-image\" data-id=\"806c608\" data-element_type=\"widget\" data-e-type=\"widget\" data-widget_type=\"image.default\">\n\t\t\t\t<div class=\"elementor-widget-container\">\n\t\t\t\t\t\t\t\t\t\t\t\t\t\t\t<img fetchpriority=\"high\" decoding=\"async\" width=\"1024\" height=\"768\" src=\"https:\/\/www.museosdemequinenza.com\/wp-content\/uploads\/2024\/11\/PublicXIVcongresBQ1-1024x768.jpg\" class=\"attachment-large size-large wp-image-11687\" alt=\"\" srcset=\"https:\/\/www.museosdemequinenza.com\/wp-content\/uploads\/2024\/11\/PublicXIVcongresBQ1-1024x768.jpg 1024w, https:\/\/www.museosdemequinenza.com\/wp-content\/uploads\/2024\/11\/PublicXIVcongresBQ1-300x225.jpg 300w, https:\/\/www.museosdemequinenza.com\/wp-content\/uploads\/2024\/11\/PublicXIVcongresBQ1-768x576.jpg 768w, https:\/\/www.museosdemequinenza.com\/wp-content\/uploads\/2024\/11\/PublicXIVcongresBQ1-16x12.jpg 16w, https:\/\/www.museosdemequinenza.com\/wp-content\/uploads\/2024\/11\/PublicXIVcongresBQ1.jpg 1500w\" sizes=\"(max-width: 1024px) 100vw, 1024px\" \/>\t\t\t\t\t\t\t\t\t\t\t\t\t\t\t<\/div>\n\t\t\t\t<\/div>\n\t\t\t\t<div class=\"elementor-element elementor-element-03de428 elementor-widget elementor-widget-text-editor\" data-id=\"03de428\" data-element_type=\"widget\" data-e-type=\"widget\" data-widget_type=\"text-editor.default\">\n\t\t\t\t<div class=\"elementor-widget-container\">\n\t\t\t\t\t\t\t\t\t<p>Los Museos de Mequinenza contin\u00faan afianzando su compromiso con la investigaci\u00f3n y la difusi\u00f3n del patrimonio hist\u00f3rico y cultural de Mequinenza a trav\u00e9s de la participaci\u00f3n en actividades acad\u00e9micas. Recientemente, fomaron parte del XIV Congreso de la Coordinadora de Centres d\u2019Estudis de Parla Catalana, celebrado en Tortosa, un evento que reuni\u00f3 a expertos en estudios de lengua, historia y patrimonio bajo el tema central \u00abEls rius, territori, societat i cultura\u00bb y donde<span style=\"font-family: Roboto, sans-serif; font-size: 16px; font-style: normal; font-weight: 400; color: var( --e-global-color-text );\">\u00a0es va subratllar la import\u00e0ncia dels rius com a agents de canvi, tant en el desenvolupament econ\u00f2mic com en la construcci\u00f3 de la identitat cultural de les localitats riberenques.<\/span><\/p><p>La pon\u00e8ncia presentada pels Museus de Mequinensa, titulada <em>\u201cLlauts, sirgues, mines i lignits: El riu Ebre en el desenvolupament de la conca carbon\u00edfera de Mequinensa\u201d<\/em>, va aprofundir en la rellev\u00e0ncia dels rius Ebre, Segre i Cinca en la configuraci\u00f3 hist\u00f2rica, econ\u00f2mica i social de Mequinensa, especialment pel que fa al desenvolupament hist\u00f2ric de la conca carbon\u00edfera de la localitat. Mitjan\u00e7ant aquest treball, es va destacar com aquests rius no nom\u00e9s han estat vies de comunicaci\u00f3 i transport mil\u00b7len\u00e0ries, sin\u00f3 tamb\u00e9 motors fonamentals en l\u2019aparici\u00f3 de la ind\u00fastria minera que va impulsar el creixement de la localitat durant els segles XIX i XX.<\/p><p><span style=\"font-size: 16px; color: var( --e-global-color-text );\">D'aquesta manera, els Museus de Mequinensa continuen desenvolupant un paper clau en el coneixement i la conservaci\u00f3 de la hist\u00f2ria i el patrimoni de Mequinensa, al mateix temps que fomenten la import\u00e0ncia d'un futur sostenible per a aquests territoris, garantint-ne la preservaci\u00f3 i rellev\u00e0ncia per a les generacions futures.<\/span><\/p>\t\t\t\t\t\t\t\t<\/div>\n\t\t\t\t<\/div>\n\t\t\t\t\t<\/div>\n\t\t<\/div>\n\t\t\t\t\t<\/div>\n\t\t<\/section>\n\t\t\t\t<\/div>","protected":false},"excerpt":{"rendered":"<p>Los Museos de Mequinenza contin\u00faan afianzando su compromiso con la investigaci\u00f3n y la difusi\u00f3n del patrimonio hist\u00f3rico y cultural de Mequinenza a trav\u00e9s de la participaci\u00f3n en actividades acad\u00e9micas. Recientemente, fomaron parte del XIV Congreso de la Coordinadora de Centres d\u2019Estudis de Parla Catalana, celebrado en Tortosa, un evento que reuni\u00f3 a expertos en estudios<\/p>\n<p><a href=\"https:\/\/www.museosdemequinenza.com\/ca\/los-museos-de-mequinenza-participan-en-el-xiv-congreso-els-rius-territori-societat-i-cultura-de-la-ccepc\/\" class=\"more-link themebutton\">Read More<\/a><\/p>","protected":false},"author":1,"featured_media":11687,"comment_status":"closed","ping_status":"closed","sticky":false,"template":"","format":"standard","meta":{"_monsterinsights_skip_tracking":false,"_monsterinsights_sitenote_active":false,"_monsterinsights_sitenote_note":"","_monsterinsights_sitenote_category":0,"footnotes":""},"categories":[18],"tags":[],"class_list":["post-11686","post","type-post","status-publish","format-standard","has-post-thumbnail","hentry","category-sin-categoria-en"],"aioseo_notices":[],"_links":{"self":[{"href":"https:\/\/www.museosdemequinenza.com\/ca\/wp-json\/wp\/v2\/posts\/11686","targetHints":{"allow":["GET"]}}],"collection":[{"href":"https:\/\/www.museosdemequinenza.com\/ca\/wp-json\/wp\/v2\/posts"}],"about":[{"href":"https:\/\/www.museosdemequinenza.com\/ca\/wp-json\/wp\/v2\/types\/post"}],"author":[{"embeddable":true,"href":"https:\/\/www.museosdemequinenza.com\/ca\/wp-json\/wp\/v2\/users\/1"}],"replies":[{"embeddable":true,"href":"https:\/\/www.museosdemequinenza.com\/ca\/wp-json\/wp\/v2\/comments?post=11686"}],"version-history":[{"count":4,"href":"https:\/\/www.museosdemequinenza.com\/ca\/wp-json\/wp\/v2\/posts\/11686\/revisions"}],"predecessor-version":[{"id":11692,"href":"https:\/\/www.museosdemequinenza.com\/ca\/wp-json\/wp\/v2\/posts\/11686\/revisions\/11692"}],"wp:featuredmedia":[{"embeddable":true,"href":"https:\/\/www.museosdemequinenza.com\/ca\/wp-json\/wp\/v2\/media\/11687"}],"wp:attachment":[{"href":"https:\/\/www.museosdemequinenza.com\/ca\/wp-json\/wp\/v2\/media?parent=11686"}],"wp:term":[{"taxonomy":"category","embeddable":true,"href":"https:\/\/www.museosdemequinenza.com\/ca\/wp-json\/wp\/v2\/categories?post=11686"},{"taxonomy":"post_tag","embeddable":true,"href":"https:\/\/www.museosdemequinenza.com\/ca\/wp-json\/wp\/v2\/tags?post=11686"}],"curies":[{"name":"wp","href":"https:\/\/api.w.org\/{rel}","templated":true}]}}