{"id":9956,"date":"2023-11-10T17:38:00","date_gmt":"2023-11-10T15:38:00","guid":{"rendered":"http:\/\/www.museosdemequinenza.com\/?p=9956"},"modified":"2023-11-12T20:51:06","modified_gmt":"2023-11-12T18:51:06","slug":"mequinenza-revivira-los-primeros-anos-del-poble-nou-a-traves-de-las-imagenes-grabadas-por-santiago-caballe","status":"publish","type":"post","link":"http:\/\/www.museosdemequinenza.com\/ca\/mequinenza-revivira-los-primeros-anos-del-poble-nou-a-traves-de-las-imagenes-grabadas-por-santiago-caballe\/","title":{"rendered":"Mequinensa reviur\u00e0 els primers anys del Poble Nou a trav\u00e9s de les imatges gravades per Santiago Caball\u00e9"},"content":{"rendered":"<div data-elementor-type=\"wp-post\" data-elementor-id=\"9956\" class=\"elementor elementor-9956\">\n\t\t\t\t\t\t<section class=\"elementor-section elementor-top-section elementor-element elementor-element-5ede87f elementor-section-boxed elementor-section-height-default elementor-section-height-default\" data-id=\"5ede87f\" data-element_type=\"section\" data-e-type=\"section\">\n\t\t\t\t\t\t<div class=\"elementor-container elementor-column-gap-default\">\n\t\t\t\t\t<div class=\"elementor-column elementor-col-100 elementor-top-column elementor-element elementor-element-46572c5\" data-id=\"46572c5\" data-element_type=\"column\" data-e-type=\"column\">\n\t\t\t<div class=\"elementor-widget-wrap elementor-element-populated\">\n\t\t\t\t\t\t<div class=\"elementor-element elementor-element-ef1ce85 elementor-widget elementor-widget-image\" data-id=\"ef1ce85\" data-element_type=\"widget\" data-e-type=\"widget\" data-widget_type=\"image.default\">\n\t\t\t\t<div class=\"elementor-widget-container\">\n\t\t\t\t\t\t\t\t\t\t\t\t\t\t\t<img fetchpriority=\"high\" decoding=\"async\" width=\"619\" height=\"309\" src=\"https:\/\/www.museosdemequinenza.com\/wp-content\/uploads\/2023\/11\/10320-e1699814792200.jpg\" class=\"attachment-large size-large wp-image-9957\" alt=\"\" srcset=\"https:\/\/www.museosdemequinenza.com\/wp-content\/uploads\/2023\/11\/10320-e1699814792200.jpg 619w, https:\/\/www.museosdemequinenza.com\/wp-content\/uploads\/2023\/11\/10320-e1699814792200-300x150.jpg 300w, https:\/\/www.museosdemequinenza.com\/wp-content\/uploads\/2023\/11\/10320-e1699814792200-18x9.jpg 18w, https:\/\/www.museosdemequinenza.com\/wp-content\/uploads\/2023\/11\/10320-e1699814792200-570x285.jpg 570w, https:\/\/www.museosdemequinenza.com\/wp-content\/uploads\/2023\/11\/10320-e1699814792200-380x190.jpg 380w, https:\/\/www.museosdemequinenza.com\/wp-content\/uploads\/2023\/11\/10320-e1699814792200-285x143.jpg 285w\" sizes=\"(max-width: 619px) 100vw, 619px\" \/>\t\t\t\t\t\t\t\t\t\t\t\t\t\t\t<\/div>\n\t\t\t\t<\/div>\n\t\t\t\t<div class=\"elementor-element elementor-element-9970ab9 elementor-widget elementor-widget-text-editor\" data-id=\"9970ab9\" data-element_type=\"widget\" data-e-type=\"widget\" data-widget_type=\"text-editor.default\">\n\t\t\t\t<div class=\"elementor-widget-container\">\n\t\t\t\t\t\t\t\t\t<p><b>Aquest cap de setmana es projectaran a la Sala Goya, en dues sessions, prop de tres hores d'imatges registrades pel fot\u00f2graf mequinens\u00e0 en una c\u00e0mera super 8 entre el 1972 i el 1985 que la seva fam\u00edlia ha digitalitzat<\/b>.<\/p>\t\t\t\t\t\t\t\t<\/div>\n\t\t\t\t<\/div>\n\t\t\t\t<div class=\"elementor-element elementor-element-2cf84c8 elementor-widget elementor-widget-text-editor\" data-id=\"2cf84c8\" data-element_type=\"widget\" data-e-type=\"widget\" data-widget_type=\"text-editor.default\">\n\t\t\t\t<div class=\"elementor-widget-container\">\n\t\t\t\t\t\t\t\t\t<p>L'estrena de la cinquena i sisena entrega dels enregistraments que el fot\u00f2graf de Mequinensa Santiago Caball\u00e9 va fer utilitzant una c\u00e0mera super 8 entre 1969 i 1985 tindr\u00e0 lloc aquest cap de setmana a la Sala Goya en horari matinal. En concret es projectar\u00e0s dos nous cap\u00edtols diferents d'aproximadament hora i mitja de durada cadascun en dues sessions programades per al dissabte 11 i el diumenge 12 de novembre totes dues a dos quarts de dotze del mat\u00ed.<\/p><p>La fam\u00edlia de Caball\u00e9 ha realitzat un interessant treball de recuperaci\u00f3 de tot aquest material digitalitzant-lo i difonent-lo a trav\u00e9s de projeccions p\u00fabliques en format cinema que es duen a terme des del 2019 i que han perm\u00e8s als ve\u00efns reviure o con\u00e8ixer la vida a la localitat durant aquests anys. anys incloent el tr\u00e0gic i convuls moment de l'obligat trasllat del Poble Vell, l'antic nucli urb\u00e0, al Poble Nou, l'actual, per la construcci\u00f3 de l'embassament de Riba-roja.<\/p>\t\t\t\t\t\t\t\t<\/div>\n\t\t\t\t<\/div>\n\t\t\t\t<section class=\"elementor-section elementor-inner-section elementor-element elementor-element-98f3d36 elementor-section-boxed elementor-section-height-default elementor-section-height-default\" data-id=\"98f3d36\" data-element_type=\"section\" data-e-type=\"section\">\n\t\t\t\t\t\t<div class=\"elementor-container elementor-column-gap-default\">\n\t\t\t\t\t<div class=\"elementor-column elementor-col-50 elementor-inner-column elementor-element elementor-element-9f3d4a2\" data-id=\"9f3d4a2\" data-element_type=\"column\" data-e-type=\"column\">\n\t\t\t<div class=\"elementor-widget-wrap elementor-element-populated\">\n\t\t\t\t\t\t<div class=\"elementor-element elementor-element-119753f elementor-widget elementor-widget-image\" data-id=\"119753f\" data-element_type=\"widget\" data-e-type=\"widget\" data-widget_type=\"image.default\">\n\t\t\t\t<div class=\"elementor-widget-container\">\n\t\t\t\t\t\t\t\t\t\t\t\t\t\t\t<img decoding=\"async\" width=\"620\" height=\"413\" src=\"https:\/\/www.museosdemequinenza.com\/wp-content\/uploads\/2023\/11\/10318.jpg\" class=\"attachment-large size-large wp-image-9959\" alt=\"\" srcset=\"https:\/\/www.museosdemequinenza.com\/wp-content\/uploads\/2023\/11\/10318.jpg 620w, https:\/\/www.museosdemequinenza.com\/wp-content\/uploads\/2023\/11\/10318-300x200.jpg 300w, https:\/\/www.museosdemequinenza.com\/wp-content\/uploads\/2023\/11\/10318-18x12.jpg 18w, https:\/\/www.museosdemequinenza.com\/wp-content\/uploads\/2023\/11\/10318-570x380.jpg 570w, https:\/\/www.museosdemequinenza.com\/wp-content\/uploads\/2023\/11\/10318-380x254.jpg 380w, https:\/\/www.museosdemequinenza.com\/wp-content\/uploads\/2023\/11\/10318-285x190.jpg 285w\" sizes=\"(max-width: 620px) 100vw, 620px\" \/>\t\t\t\t\t\t\t\t\t\t\t\t\t\t\t<\/div>\n\t\t\t\t<\/div>\n\t\t\t\t\t<\/div>\n\t\t<\/div>\n\t\t\t\t<div class=\"elementor-column elementor-col-50 elementor-inner-column elementor-element elementor-element-e8bea08\" data-id=\"e8bea08\" data-element_type=\"column\" data-e-type=\"column\">\n\t\t\t<div class=\"elementor-widget-wrap elementor-element-populated\">\n\t\t\t\t\t\t<div class=\"elementor-element elementor-element-52da56a elementor-widget elementor-widget-image\" data-id=\"52da56a\" data-element_type=\"widget\" data-e-type=\"widget\" data-widget_type=\"image.default\">\n\t\t\t\t<div class=\"elementor-widget-container\">\n\t\t\t\t\t\t\t\t\t\t\t\t\t\t\t<img decoding=\"async\" width=\"620\" height=\"413\" src=\"https:\/\/www.museosdemequinenza.com\/wp-content\/uploads\/2023\/11\/10319.jpg\" class=\"attachment-large size-large wp-image-9960\" alt=\"\" srcset=\"https:\/\/www.museosdemequinenza.com\/wp-content\/uploads\/2023\/11\/10319.jpg 620w, https:\/\/www.museosdemequinenza.com\/wp-content\/uploads\/2023\/11\/10319-300x200.jpg 300w, https:\/\/www.museosdemequinenza.com\/wp-content\/uploads\/2023\/11\/10319-18x12.jpg 18w, https:\/\/www.museosdemequinenza.com\/wp-content\/uploads\/2023\/11\/10319-570x380.jpg 570w, https:\/\/www.museosdemequinenza.com\/wp-content\/uploads\/2023\/11\/10319-380x254.jpg 380w, https:\/\/www.museosdemequinenza.com\/wp-content\/uploads\/2023\/11\/10319-285x190.jpg 285w\" sizes=\"(max-width: 620px) 100vw, 620px\" \/>\t\t\t\t\t\t\t\t\t\t\t\t\t\t\t<\/div>\n\t\t\t\t<\/div>\n\t\t\t\t\t<\/div>\n\t\t<\/div>\n\t\t\t\t\t<\/div>\n\t\t<\/section>\n\t\t\t\t<div class=\"elementor-element elementor-element-6892e91 elementor-widget elementor-widget-text-editor\" data-id=\"6892e91\" data-element_type=\"widget\" data-e-type=\"widget\" data-widget_type=\"text-editor.default\">\n\t\t\t\t<div class=\"elementor-widget-container\">\n\t\t\t\t\t\t\t\t\t<p>En aquesta ocasi\u00f3 els enregistraments es situen entre els anys 1972 i 1985 centrant-se en els primers anys de vida del Poble Nou, el ressorgir de la Mequinensa que va quedar submergida, en part baix, les aig\u00fces de l'Ebre. Inclouen imatges ic\u00f2niques de les Festes de Sant Blai i Santa \u00c0gueda, declarades Festes d'Inter\u00e8s Tur\u00edstic a Arag\u00f3, Sant Tom\u00e0s d'Aquino, amb la seva reivindicativa desfilada de carrosses al\u00b7ludint a q\u00fcestions com el transvasament, la sequera o la igualtat, i les Festes de \u201cLa Santa\u201d, amb tancament de vaquetes i concurs de can\u00e7ons.<\/p><p>A m\u00e9s, es recordaran altres esdeveniments com celebracions de final de curs, de la festivitat de quintos, la inauguraci\u00f3 de l'Esgl\u00e9sia de la Mare de D\u00e9u de l'Assumpci\u00f3, que celebra el seu 50 aniversari, la plantada de pins que ara formen el bosc que envolta el nucli urb\u00e0 o l'agermanament amb la localitat francesa de Bressuire, del qual ara es complir\u00e0 el 40\u00e8 aniversari.<\/p>\t\t\t\t\t\t\t\t<\/div>\n\t\t\t\t<\/div>\n\t\t\t\t<section class=\"elementor-section elementor-inner-section elementor-element elementor-element-03474d4 elementor-section-boxed elementor-section-height-default elementor-section-height-default\" data-id=\"03474d4\" data-element_type=\"section\" data-e-type=\"section\">\n\t\t\t\t\t\t<div class=\"elementor-container elementor-column-gap-default\">\n\t\t\t\t\t<div class=\"elementor-column elementor-col-50 elementor-inner-column elementor-element elementor-element-1cff234\" data-id=\"1cff234\" data-element_type=\"column\" data-e-type=\"column\">\n\t\t\t<div class=\"elementor-widget-wrap elementor-element-populated\">\n\t\t\t\t\t\t<div class=\"elementor-element elementor-element-8ffac5c elementor-widget elementor-widget-image\" data-id=\"8ffac5c\" data-element_type=\"widget\" data-e-type=\"widget\" data-widget_type=\"image.default\">\n\t\t\t\t<div class=\"elementor-widget-container\">\n\t\t\t\t\t\t\t\t\t\t\t\t\t\t\t<img loading=\"lazy\" decoding=\"async\" width=\"620\" height=\"413\" src=\"https:\/\/www.museosdemequinenza.com\/wp-content\/uploads\/2023\/11\/10321.jpg\" class=\"attachment-large size-large wp-image-9961\" alt=\"\" srcset=\"https:\/\/www.museosdemequinenza.com\/wp-content\/uploads\/2023\/11\/10321.jpg 620w, https:\/\/www.museosdemequinenza.com\/wp-content\/uploads\/2023\/11\/10321-300x200.jpg 300w, https:\/\/www.museosdemequinenza.com\/wp-content\/uploads\/2023\/11\/10321-18x12.jpg 18w, https:\/\/www.museosdemequinenza.com\/wp-content\/uploads\/2023\/11\/10321-570x380.jpg 570w, https:\/\/www.museosdemequinenza.com\/wp-content\/uploads\/2023\/11\/10321-380x254.jpg 380w, https:\/\/www.museosdemequinenza.com\/wp-content\/uploads\/2023\/11\/10321-285x190.jpg 285w\" sizes=\"(max-width: 620px) 100vw, 620px\" \/>\t\t\t\t\t\t\t\t\t\t\t\t\t\t\t<\/div>\n\t\t\t\t<\/div>\n\t\t\t\t\t<\/div>\n\t\t<\/div>\n\t\t\t\t<div class=\"elementor-column elementor-col-50 elementor-inner-column elementor-element elementor-element-e70a650\" data-id=\"e70a650\" data-element_type=\"column\" data-e-type=\"column\">\n\t\t\t<div class=\"elementor-widget-wrap elementor-element-populated\">\n\t\t\t\t\t\t<div class=\"elementor-element elementor-element-9f4676c elementor-widget elementor-widget-image\" data-id=\"9f4676c\" data-element_type=\"widget\" data-e-type=\"widget\" data-widget_type=\"image.default\">\n\t\t\t\t<div class=\"elementor-widget-container\">\n\t\t\t\t\t\t\t\t\t\t\t\t\t\t\t<img loading=\"lazy\" decoding=\"async\" width=\"620\" height=\"413\" src=\"https:\/\/www.museosdemequinenza.com\/wp-content\/uploads\/2023\/11\/10322.jpg\" class=\"attachment-large size-large wp-image-9962\" alt=\"\" srcset=\"https:\/\/www.museosdemequinenza.com\/wp-content\/uploads\/2023\/11\/10322.jpg 620w, https:\/\/www.museosdemequinenza.com\/wp-content\/uploads\/2023\/11\/10322-300x200.jpg 300w, https:\/\/www.museosdemequinenza.com\/wp-content\/uploads\/2023\/11\/10322-18x12.jpg 18w, https:\/\/www.museosdemequinenza.com\/wp-content\/uploads\/2023\/11\/10322-570x380.jpg 570w, https:\/\/www.museosdemequinenza.com\/wp-content\/uploads\/2023\/11\/10322-380x254.jpg 380w, https:\/\/www.museosdemequinenza.com\/wp-content\/uploads\/2023\/11\/10322-285x190.jpg 285w\" sizes=\"(max-width: 620px) 100vw, 620px\" \/>\t\t\t\t\t\t\t\t\t\t\t\t\t\t\t<\/div>\n\t\t\t\t<\/div>\n\t\t\t\t\t<\/div>\n\t\t<\/div>\n\t\t\t\t\t<\/div>\n\t\t<\/section>\n\t\t\t\t\t<\/div>\n\t\t<\/div>\n\t\t\t\t\t<\/div>\n\t\t<\/section>\n\t\t\t\t<\/div>","protected":false},"excerpt":{"rendered":"<p>Este fin de semana se proyectar\u00e1n en la Sala Goya, en dos sesiones, cerca de tres horas de im\u00e1genes registradas por el fot\u00f3grafo mequinenzano en una c\u00e1mara super 8 entre 1972 y 1985 que su familia ha digitalizado. El estreno de la quinta y sexta entrega de las grabaciones que el fot\u00f3grafo de Mequinenza Santiago<\/p>\n<p><a href=\"http:\/\/www.museosdemequinenza.com\/ca\/mequinenza-revivira-los-primeros-anos-del-poble-nou-a-traves-de-las-imagenes-grabadas-por-santiago-caballe\/\" class=\"more-link themebutton\">Read More<\/a><\/p>","protected":false},"author":1,"featured_media":9957,"comment_status":"closed","ping_status":"closed","sticky":false,"template":"","format":"standard","meta":{"_monsterinsights_skip_tracking":false,"_monsterinsights_sitenote_active":false,"_monsterinsights_sitenote_note":"","_monsterinsights_sitenote_category":0,"footnotes":""},"categories":[18],"tags":[],"class_list":["post-9956","post","type-post","status-publish","format-standard","has-post-thumbnail","hentry","category-sin-categoria-en"],"aioseo_notices":[],"_links":{"self":[{"href":"http:\/\/www.museosdemequinenza.com\/ca\/wp-json\/wp\/v2\/posts\/9956","targetHints":{"allow":["GET"]}}],"collection":[{"href":"http:\/\/www.museosdemequinenza.com\/ca\/wp-json\/wp\/v2\/posts"}],"about":[{"href":"http:\/\/www.museosdemequinenza.com\/ca\/wp-json\/wp\/v2\/types\/post"}],"author":[{"embeddable":true,"href":"http:\/\/www.museosdemequinenza.com\/ca\/wp-json\/wp\/v2\/users\/1"}],"replies":[{"embeddable":true,"href":"http:\/\/www.museosdemequinenza.com\/ca\/wp-json\/wp\/v2\/comments?post=9956"}],"version-history":[{"count":4,"href":"http:\/\/www.museosdemequinenza.com\/ca\/wp-json\/wp\/v2\/posts\/9956\/revisions"}],"predecessor-version":[{"id":9965,"href":"http:\/\/www.museosdemequinenza.com\/ca\/wp-json\/wp\/v2\/posts\/9956\/revisions\/9965"}],"wp:featuredmedia":[{"embeddable":true,"href":"http:\/\/www.museosdemequinenza.com\/ca\/wp-json\/wp\/v2\/media\/9957"}],"wp:attachment":[{"href":"http:\/\/www.museosdemequinenza.com\/ca\/wp-json\/wp\/v2\/media?parent=9956"}],"wp:term":[{"taxonomy":"category","embeddable":true,"href":"http:\/\/www.museosdemequinenza.com\/ca\/wp-json\/wp\/v2\/categories?post=9956"},{"taxonomy":"post_tag","embeddable":true,"href":"http:\/\/www.museosdemequinenza.com\/ca\/wp-json\/wp\/v2\/tags?post=9956"}],"curies":[{"name":"wp","href":"https:\/\/api.w.org\/{rel}","templated":true}]}}