{"id":9520,"date":"2023-08-11T11:16:42","date_gmt":"2023-08-11T09:16:42","guid":{"rendered":"https:\/\/www.museosdemequinenza.com\/?p=9520"},"modified":"2023-08-11T11:23:01","modified_gmt":"2023-08-11T09:23:01","slug":"piden-la-restauracion-del-cauce-del-segre-a-su-paso-por-mequinenza-en-la-presentacion-del-xxiv-descenso-internacional-del-cinca","status":"publish","type":"post","link":"http:\/\/www.museosdemequinenza.com\/ca\/piden-la-restauracion-del-cauce-del-segre-a-su-paso-por-mequinenza-en-la-presentacion-del-xxiv-descenso-internacional-del-cinca\/","title":{"rendered":"Demanen la restauraci\u00f3 de la llera del Segre al seu pas per Mequinensa en la presentaci\u00f3 del XXIV Descens Internacional del Cinca"},"content":{"rendered":"<div data-elementor-type=\"wp-post\" data-elementor-id=\"9520\" class=\"elementor elementor-9520\">\n\t\t\t\t\t\t<section class=\"elementor-section elementor-top-section elementor-element elementor-element-410332a elementor-section-boxed elementor-section-height-default elementor-section-height-default\" data-id=\"410332a\" data-element_type=\"section\" data-e-type=\"section\">\n\t\t\t\t\t\t<div class=\"elementor-container elementor-column-gap-default\">\n\t\t\t\t\t<div class=\"elementor-column elementor-col-100 elementor-top-column elementor-element elementor-element-d46b087\" data-id=\"d46b087\" data-element_type=\"column\" data-e-type=\"column\">\n\t\t\t<div class=\"elementor-widget-wrap elementor-element-populated\">\n\t\t\t\t\t\t<div class=\"elementor-element elementor-element-9796677 elementor-widget elementor-widget-image\" data-id=\"9796677\" data-element_type=\"widget\" data-e-type=\"widget\" data-widget_type=\"image.default\">\n\t\t\t\t<div class=\"elementor-widget-container\">\n\t\t\t\t\t\t\t\t\t\t\t\t\t\t\t<img fetchpriority=\"high\" decoding=\"async\" width=\"1024\" height=\"512\" src=\"https:\/\/www.museosdemequinenza.com\/wp-content\/uploads\/2023\/08\/IMG_0525-scaled-e1691745396131-1024x512.jpg\" class=\"attachment-large size-large wp-image-9521\" alt=\"\" srcset=\"https:\/\/www.museosdemequinenza.com\/wp-content\/uploads\/2023\/08\/IMG_0525-scaled-e1691745396131-1024x512.jpg 1024w, https:\/\/www.museosdemequinenza.com\/wp-content\/uploads\/2023\/08\/IMG_0525-scaled-e1691745396131-300x150.jpg 300w, https:\/\/www.museosdemequinenza.com\/wp-content\/uploads\/2023\/08\/IMG_0525-scaled-e1691745396131-768x384.jpg 768w, https:\/\/www.museosdemequinenza.com\/wp-content\/uploads\/2023\/08\/IMG_0525-scaled-e1691745396131-1536x768.jpg 1536w, https:\/\/www.museosdemequinenza.com\/wp-content\/uploads\/2023\/08\/IMG_0525-scaled-e1691745396131-2048x1024.jpg 2048w, https:\/\/www.museosdemequinenza.com\/wp-content\/uploads\/2023\/08\/IMG_0525-scaled-e1691745396131-18x9.jpg 18w, https:\/\/www.museosdemequinenza.com\/wp-content\/uploads\/2023\/08\/IMG_0525-scaled-e1691745396131-570x285.jpg 570w, https:\/\/www.museosdemequinenza.com\/wp-content\/uploads\/2023\/08\/IMG_0525-scaled-e1691745396131-380x190.jpg 380w, https:\/\/www.museosdemequinenza.com\/wp-content\/uploads\/2023\/08\/IMG_0525-scaled-e1691745396131-285x143.jpg 285w\" sizes=\"(max-width: 1024px) 100vw, 1024px\" \/>\t\t\t\t\t\t\t\t\t\t\t\t\t\t\t<\/div>\n\t\t\t\t<\/div>\n\t\t\t\t<div class=\"elementor-element elementor-element-ac469f0 elementor-widget elementor-widget-text-editor\" data-id=\"ac469f0\" data-element_type=\"widget\" data-e-type=\"widget\" data-widget_type=\"text-editor.default\">\n\t\t\t\t<div class=\"elementor-widget-container\">\n\t\t\t\t\t\t\t\t\t<p><strong>Aix\u00ed es manifestava el president de la Federaci\u00f3 Aragonesa de Pirag\u00fcisme, Chema Celorrio, pel que fa a la situaci\u00f3 provocada per l'acumulaci\u00f3 de llots al Camp Municipal de Regates provinents del desembassament de Barasona.<\/strong><\/p>\t\t\t\t\t\t\t\t<\/div>\n\t\t\t\t<\/div>\n\t\t\t\t<div class=\"elementor-element elementor-element-2c13025 elementor-widget__width-initial elementor-widget elementor-widget-text-editor\" data-id=\"2c13025\" data-element_type=\"widget\" data-e-type=\"widget\" data-widget_type=\"text-editor.default\">\n\t\t\t\t<div class=\"elementor-widget-container\">\n\t\t\t\t\t\t\t\t\t<p>El president de la <a href=\"http:\/\/www.fapiraguismo.es\/\"><b>Federaci\u00f3n Aragonesa de Pirag\u00fcismo<\/b><\/a>, <b>Chema Celorrio<\/b>, es mostrava contundent en la presentaci\u00f3 del <b>XXIV <a href=\"https:\/\/descensodelcinca.com\/\">Descens Internacional del Cinca <\/a><\/b>quant a la situaci\u00f3 en qu\u00e8 es troba el <b>Camp Municipal de Regates de Mequinensa<\/b>: \u201c\u00e9s un camp de llots, no de regates\u201d. Per <b>Celorrio <\/b>el desembassament de Barasona a meitat de la d\u00e8cada dels 90 \u201cva geperar <b>Mequinensa<\/b>\u201d i reclamava la \u201crestauraci\u00f3 a com estava i crec que en aix\u00f2 estem tots d'acord\u201d alhora que es comprometia a portar campionats d'Espanya de pista en el moment en qu\u00e8 \u201cel Camp torni a estar en condicions\u201d.<\/p><p>Una veu m\u00e9s que se suma a les d\u00e8cades de reclamacions per part del <a href=\"https:\/\/www.mequinenza.com\/\"><b>Ajuntament de Mequinensa<\/b><\/a> perqu\u00e8 es faci efectiva la retirada. <b>Antonio Sanju\u00e1n<\/b>, alcalde de la localitat, recordava que ja hi ha un comprom\u00eds del Ministeri de Transici\u00f3 Ecol\u00f2gica per, entre 2023 i 2024, realitzar proves per determinar quin ser\u00e0 el sistema m\u00e9s efica\u00e7 per emprendre la retirada de m\u00e9s de mig mili\u00f3 de metres c\u00fabics de fang acumulat, que dificulten enormement el desenvolupament d'activitats d'esports n\u00e0utics i de pesca, previsiblement el 2027 encara que recordava que \u201cel 2009 estava tot per fer l'actuaci\u00f3 i no es va executar\u201d.<\/p><p>El <b>Camp Municipal de Mequinensa<\/b> rebr\u00e0 els participants del <a href=\"https:\/\/descensodelcinca.com\/\"><b>Descens Internacional dle Cinca<\/b><\/a> el proper diumenge 20 d'agost, tant els de modalitat popular com els de la de competici\u00f3, aix\u00ed com els participants a les diferents proves pr\u00e8vies programades per al dissabte 19. Una edici\u00f3 la d'aquest any que \u00e9s la del retorn de la prova despr\u00e9s l'aturada obligada per la pand\u00e8mia de la covid-19 i la suspensi\u00f3 de l'any passat pel baix cabal i les algues, cosa que no es repetir\u00e0 aquest any ja que malgrat les dificultats per la sequera \u201cel riu estar\u00e0 practicable\u201d, apuntava <b>Jos\u00e9 Javier Ferrer<\/b> el president de la <b>Comarca del Baix Cinca<\/b>, i les algues s'han redu\u00eft, sobretot al tram final, per les importants oscil\u00b7lacions del nivell de l'aigua embassada a Riba-roja els dos \u00faltims mesos.<\/p><p>Una edici\u00f3, la del 2023, que \u00e9s vital per a la continu\u00eftat de la prova ja que segons afirmava <b>Celorrio <\/b>\u201cens juguem la viabilitat si no la arrib\u00e9ssim a celebrar\u201d ja que coincideix amb el <b>Descenso del Mi\u00f1o<\/b>, amb qu\u00e8 entra en compet\u00e8ncia directa per dates. Un esdeveniment esportiu de primer nivell que, assegurava <b>Antonio Sanju\u00e1n<\/b>, \u201cs'ha de mantenir per la repercussi\u00f3 que t\u00e9 tant per a la nostra promoci\u00f3 com per a la nostra economia\u201d alguna cosa en qu\u00e8 coincidien <b>Ver\u00f3nica Alins<\/b>, tinent d'alcalde de l'Ajuntament de Fraga, i <b>Rub\u00e9n Morell<\/b>, alcalde de Torrent de Cinca.<\/p><p>Pel que fa a la participaci\u00f3, tot sembla indicar que es reduir\u00e0 pel que fa a edicions anteriors \u201cja que el ritme d'inscripcions \u00e9s menor en el cas de la modalitat popular\u201d, assegurava <b>Dani Sorolla<\/b> el t\u00e8cnic comarcal de reports, que es mostrava m\u00e9s optimista a la competitiva en incorporar noves categories com les modalitats SUP-C i paracanoe, ambdues incloses al circuit nacional i que es disputaran a <b>Mequinensa <\/b>juntament amb la regata Joves Promeses. Lamentava la suspensi\u00f3 de la competici\u00f3 auton\u00f2mica d'esl\u00e0lom que s'havia de disputar a Fraga i que no se celebrar\u00e0 per la falta de cabal al canalet d'aig\u00fces braves.<\/p>\t\t\t\t\t\t\t\t<\/div>\n\t\t\t\t<\/div>\n\t\t\t\t<div class=\"elementor-element elementor-element-872dc9a elementor-widget elementor-widget-spacer\" data-id=\"872dc9a\" data-element_type=\"widget\" data-e-type=\"widget\" data-widget_type=\"spacer.default\">\n\t\t\t\t<div class=\"elementor-widget-container\">\n\t\t\t\t\t\t\t<div class=\"elementor-spacer\">\n\t\t\t<div class=\"elementor-spacer-inner\"><\/div>\n\t\t<\/div>\n\t\t\t\t\t\t<\/div>\n\t\t\t\t<\/div>\n\t\t\t\t\t<\/div>\n\t\t<\/div>\n\t\t\t\t\t<\/div>\n\t\t<\/section>\n\t\t\t\t<\/div>","protected":false},"excerpt":{"rendered":"<p>As\u00ed se manifestaba el presidente de la Federaci\u00f3n Aragonesa de Pirag\u00fcismo, Chema Celorrio, con respecto a la situaci\u00f3n provocada por la acumulaci\u00f3n de lodos en el Campo Municipal de Regatas provenientes del desembalse de Barasona. El presidente de la Federaci\u00f3n Aragonesa de Pirag\u00fcismo, Chema Celorrio, se mostraba contundente en la presentaci\u00f3n del XXIV Descenso Internacional<\/p>\n<p><a href=\"http:\/\/www.museosdemequinenza.com\/ca\/piden-la-restauracion-del-cauce-del-segre-a-su-paso-por-mequinenza-en-la-presentacion-del-xxiv-descenso-internacional-del-cinca\/\" class=\"more-link themebutton\">Read More<\/a><\/p>","protected":false},"author":1,"featured_media":9521,"comment_status":"closed","ping_status":"closed","sticky":false,"template":"","format":"standard","meta":{"_monsterinsights_skip_tracking":false,"_monsterinsights_sitenote_active":false,"_monsterinsights_sitenote_note":"","_monsterinsights_sitenote_category":0,"footnotes":""},"categories":[18],"tags":[],"class_list":["post-9520","post","type-post","status-publish","format-standard","has-post-thumbnail","hentry","category-sin-categoria-en"],"aioseo_notices":[],"_links":{"self":[{"href":"http:\/\/www.museosdemequinenza.com\/ca\/wp-json\/wp\/v2\/posts\/9520","targetHints":{"allow":["GET"]}}],"collection":[{"href":"http:\/\/www.museosdemequinenza.com\/ca\/wp-json\/wp\/v2\/posts"}],"about":[{"href":"http:\/\/www.museosdemequinenza.com\/ca\/wp-json\/wp\/v2\/types\/post"}],"author":[{"embeddable":true,"href":"http:\/\/www.museosdemequinenza.com\/ca\/wp-json\/wp\/v2\/users\/1"}],"replies":[{"embeddable":true,"href":"http:\/\/www.museosdemequinenza.com\/ca\/wp-json\/wp\/v2\/comments?post=9520"}],"version-history":[{"count":5,"href":"http:\/\/www.museosdemequinenza.com\/ca\/wp-json\/wp\/v2\/posts\/9520\/revisions"}],"predecessor-version":[{"id":9527,"href":"http:\/\/www.museosdemequinenza.com\/ca\/wp-json\/wp\/v2\/posts\/9520\/revisions\/9527"}],"wp:featuredmedia":[{"embeddable":true,"href":"http:\/\/www.museosdemequinenza.com\/ca\/wp-json\/wp\/v2\/media\/9521"}],"wp:attachment":[{"href":"http:\/\/www.museosdemequinenza.com\/ca\/wp-json\/wp\/v2\/media?parent=9520"}],"wp:term":[{"taxonomy":"category","embeddable":true,"href":"http:\/\/www.museosdemequinenza.com\/ca\/wp-json\/wp\/v2\/categories?post=9520"},{"taxonomy":"post_tag","embeddable":true,"href":"http:\/\/www.museosdemequinenza.com\/ca\/wp-json\/wp\/v2\/tags?post=9520"}],"curies":[{"name":"wp","href":"https:\/\/api.w.org\/{rel}","templated":true}]}}