{"id":9513,"date":"2023-08-08T20:24:44","date_gmt":"2023-08-08T18:24:44","guid":{"rendered":"http:\/\/www.museosdemequinenza.com\/?p=9513"},"modified":"2023-08-08T20:32:22","modified_gmt":"2023-08-08T18:32:22","slug":"mar-cuchi-gana-el-concurso-del-cartel-anunciador-de-las-fiestas-de-la-santa-de-mequinenza","status":"publish","type":"post","link":"http:\/\/www.museosdemequinenza.com\/ca\/mar-cuchi-gana-el-concurso-del-cartel-anunciador-de-las-fiestas-de-la-santa-de-mequinenza\/","title":{"rendered":"Mar Cuch\u00ed guanya el concurs del cartell anunciador de les Festes de \u201cLa Santa\u201d de Mequinensa"},"content":{"rendered":"<div data-elementor-type=\"wp-post\" data-elementor-id=\"9513\" class=\"elementor elementor-9513\">\n\t\t\t\t\t\t<section class=\"elementor-section elementor-top-section elementor-element elementor-element-aaf8daf elementor-section-boxed elementor-section-height-default elementor-section-height-default\" data-id=\"aaf8daf\" data-element_type=\"section\" data-e-type=\"section\">\n\t\t\t\t\t\t<div class=\"elementor-container elementor-column-gap-default\">\n\t\t\t\t\t<div class=\"elementor-column elementor-col-100 elementor-top-column elementor-element elementor-element-7aa67aa\" data-id=\"7aa67aa\" data-element_type=\"column\" data-e-type=\"column\">\n\t\t\t<div class=\"elementor-widget-wrap elementor-element-populated\">\n\t\t\t\t\t\t<div class=\"elementor-element elementor-element-2627b8d elementor-widget elementor-widget-image\" data-id=\"2627b8d\" data-element_type=\"widget\" data-e-type=\"widget\" data-widget_type=\"image.default\">\n\t\t\t\t<div class=\"elementor-widget-container\">\n\t\t\t\t\t\t\t\t\t\t\t\t\t\t\t<img fetchpriority=\"high\" decoding=\"async\" width=\"1024\" height=\"512\" src=\"https:\/\/www.museosdemequinenza.com\/wp-content\/uploads\/2023\/08\/mar-cuchi-cartel-santa-2023-scaled-e1691519048226-1024x512.jpg\" class=\"attachment-large size-large wp-image-9514\" alt=\"\" srcset=\"https:\/\/www.museosdemequinenza.com\/wp-content\/uploads\/2023\/08\/mar-cuchi-cartel-santa-2023-scaled-e1691519048226-1024x512.jpg 1024w, https:\/\/www.museosdemequinenza.com\/wp-content\/uploads\/2023\/08\/mar-cuchi-cartel-santa-2023-scaled-e1691519048226-300x150.jpg 300w, https:\/\/www.museosdemequinenza.com\/wp-content\/uploads\/2023\/08\/mar-cuchi-cartel-santa-2023-scaled-e1691519048226-768x384.jpg 768w, https:\/\/www.museosdemequinenza.com\/wp-content\/uploads\/2023\/08\/mar-cuchi-cartel-santa-2023-scaled-e1691519048226-1536x768.jpg 1536w, https:\/\/www.museosdemequinenza.com\/wp-content\/uploads\/2023\/08\/mar-cuchi-cartel-santa-2023-scaled-e1691519048226-2048x1024.jpg 2048w, https:\/\/www.museosdemequinenza.com\/wp-content\/uploads\/2023\/08\/mar-cuchi-cartel-santa-2023-scaled-e1691519048226-18x9.jpg 18w, https:\/\/www.museosdemequinenza.com\/wp-content\/uploads\/2023\/08\/mar-cuchi-cartel-santa-2023-scaled-e1691519048226-570x285.jpg 570w, https:\/\/www.museosdemequinenza.com\/wp-content\/uploads\/2023\/08\/mar-cuchi-cartel-santa-2023-scaled-e1691519048226-380x190.jpg 380w, https:\/\/www.museosdemequinenza.com\/wp-content\/uploads\/2023\/08\/mar-cuchi-cartel-santa-2023-scaled-e1691519048226-285x143.jpg 285w\" sizes=\"(max-width: 1024px) 100vw, 1024px\" \/>\t\t\t\t\t\t\t\t\t\t\t\t\t\t\t<\/div>\n\t\t\t\t<\/div>\n\t\t\t\t<div class=\"elementor-element elementor-element-3b2fbb5 elementor-widget elementor-widget-text-editor\" data-id=\"3b2fbb5\" data-element_type=\"widget\" data-e-type=\"widget\" data-widget_type=\"text-editor.default\">\n\t\t\t\t<div class=\"elementor-widget-container\">\n\t\t\t\t\t\t\t\t\t<p><strong>La suma del vot del jurat i el popular ha escollit \u201cEnvoltats de festa\u201d, la proposta de la jove dissenyadora mequinensana que tamb\u00e9 va ser l'autora del cartell del 2022.<\/strong><\/p>\t\t\t\t\t\t\t\t<\/div>\n\t\t\t\t<\/div>\n\t\t\t\t<div class=\"elementor-element elementor-element-7db3ef5 elementor-widget elementor-widget-text-editor\" data-id=\"7db3ef5\" data-element_type=\"widget\" data-e-type=\"widget\" data-widget_type=\"text-editor.default\">\n\t\t\t\t<div class=\"elementor-widget-container\">\n\t\t\t\t\t\t\t\t\t<p>Les Festes de \u201cLa Santa\u201d 2023 de Mequinensa, que es celebraran del 15 al 19 de setembre, ja tenen cartell anunciador. Es tracta de\nEnvoltats de festa, l'obra presentada per la dissenyadora local Mar Cuch\u00ed que\nrepeteix, per segon any consecutiu, com a guanyadora del concurs dotat amb 200\neuros en met\u00e0l\u00b7lic.<\/p>\n\n<p>El cartell ha resultat el favorit dels ve\u00efns, elegit\nper votaci\u00f3, i tamb\u00e9 de la majoria de jurat format per Arantxa Guardiola,\nmembre de la Comissi\u00f3 de Festes, Carmina Fornos i Maite Roca, pel Grup d\u2019Art,\nSilvia Gonz\u00e1lez, representant de les penyes i Luis Esteve, regidor de festes.<\/p>\n\n<p>El disseny, a m\u00e9s d'incloure elements que identifiquen la\nlocalitat com l'aigua o el Castell, inclou elements festius com la\npirot\u00e8cnia, els llums que decoren la Pla\u00e7a de l'Ajuntament,<span style=\"mso-spacerun:yes\">&nbsp; <\/span>una guitarra que simbolitza les activitats\nmusicals, els Correfocs, el tir de soga o un brindis per la festa.<\/p>\n\n<p>L'elecci\u00f3 del cartell anunciador entre les 8 propostes\npresentades serveix com a aperitiu a la presentaci\u00f3 oficial del programa\nfestiu, que es far\u00e0 p\u00fablic en properes dates i en qu\u00e8 s'est\u00e0 encara\ntreballant des de la Comissi\u00f3 de Festes per tancar els darrers detalls i\nquadrar horaris.<span style=\"font-size:10.5pt;line-height:115%;font-family:&quot;Arial&quot;,sans-serif;mso-fareast-font-family:&quot;Times New Roman&quot;;color:black\"><\/span><\/p>\n\n\n\n\n\n<style>@font-face\n\t{font-family:\"Cambria Math\";\n\tpanose-1:2 4 5 3 5 4 6 3 2 4;\n\tmso-font-charset:0;\n\tmso-generic-font-family:roman;\n\tmso-font-pitch:variable;\n\tmso-font-signature:-536870145 1107305727 0 0 415 0;}@font-face\n\t{font-family:Calibri;\n\tpanose-1:2 15 5 2 2 2 4 3 2 4;\n\tmso-font-charset:0;\n\tmso-generic-font-family:swiss;\n\tmso-font-pitch:variable;\n\tmso-font-signature:-469750017 -1073732485 9 0 511 0;}p.MsoNormal, li.MsoNormal, div.MsoNormal\n\t{mso-style-unhide:no;\n\tmso-style-qformat:yes;\n\tmso-style-parent:\"\";\n\tmargin-top:0cm;\n\tmargin-right:0cm;\n\tmargin-bottom:10.0pt;\n\tmargin-left:0cm;\n\tline-height:115%;\n\tmso-pagination:widow-orphan;\n\tfont-size:11.0pt;\n\tfont-family:\"Calibri\",sans-serif;\n\tmso-ascii-font-family:Calibri;\n\tmso-ascii-theme-font:minor-latin;\n\tmso-fareast-font-family:\"Times New Roman\";\n\tmso-fareast-theme-font:minor-fareast;\n\tmso-hansi-font-family:Calibri;\n\tmso-hansi-theme-font:minor-latin;\n\tmso-bidi-font-family:\"Times New Roman\";\n\tmso-bidi-theme-font:minor-bidi;\n\tmso-fareast-language:ES;}.MsoChpDefault\n\t{mso-style-type:export-only;\n\tmso-default-props:yes;\n\tfont-size:11.0pt;\n\tmso-ansi-font-size:11.0pt;\n\tmso-bidi-font-size:11.0pt;\n\tfont-family:\"Calibri\",sans-serif;\n\tmso-ascii-font-family:Calibri;\n\tmso-ascii-theme-font:minor-latin;\n\tmso-fareast-font-family:Calibri;\n\tmso-fareast-theme-font:minor-latin;\n\tmso-hansi-font-family:Calibri;\n\tmso-hansi-theme-font:minor-latin;\n\tmso-bidi-font-family:\"Times New Roman\";\n\tmso-bidi-theme-font:minor-bidi;\n\tmso-font-kerning:0pt;\n\tmso-ligatures:none;\n\tmso-fareast-language:EN-US;}.MsoPapDefault\n\t{mso-style-type:export-only;\n\tmargin-bottom:10.0pt;\n\tline-height:115%;}div.WordSection1\n\t{page:WordSection1;}<\/style>\t\t\t\t\t\t\t\t<\/div>\n\t\t\t\t<\/div>\n\t\t\t\t<div class=\"elementor-element elementor-element-e480e8b elementor-widget elementor-widget-spacer\" data-id=\"e480e8b\" data-element_type=\"widget\" data-e-type=\"widget\" data-widget_type=\"spacer.default\">\n\t\t\t\t<div class=\"elementor-widget-container\">\n\t\t\t\t\t\t\t<div class=\"elementor-spacer\">\n\t\t\t<div class=\"elementor-spacer-inner\"><\/div>\n\t\t<\/div>\n\t\t\t\t\t\t<\/div>\n\t\t\t\t<\/div>\n\t\t\t\t\t<\/div>\n\t\t<\/div>\n\t\t\t\t\t<\/div>\n\t\t<\/section>\n\t\t\t\t<\/div>","protected":false},"excerpt":{"rendered":"<p>La suma del voto del jurado y el popular ha escogido \u201cEnvoltats de festa\u201d, la propuesta de la joven dise\u00f1adora mequinenzana que tambi\u00e9n fue la autora del cartel de 2022. Las Fiestas de \u201cLa Santa\u201d 2023 de Mequinenza, que se celebrar\u00e1n del 15 al 19 de septiembre, ya tienen cartel anunciador. Se trata de \u201cEnvoltats<\/p>\n<p><a href=\"http:\/\/www.museosdemequinenza.com\/ca\/mar-cuchi-gana-el-concurso-del-cartel-anunciador-de-las-fiestas-de-la-santa-de-mequinenza\/\" class=\"more-link themebutton\">Read More<\/a><\/p>","protected":false},"author":1,"featured_media":9514,"comment_status":"closed","ping_status":"closed","sticky":false,"template":"","format":"standard","meta":{"_monsterinsights_skip_tracking":false,"_monsterinsights_sitenote_active":false,"_monsterinsights_sitenote_note":"","_monsterinsights_sitenote_category":0,"footnotes":""},"categories":[18],"tags":[],"class_list":["post-9513","post","type-post","status-publish","format-standard","has-post-thumbnail","hentry","category-sin-categoria-en"],"aioseo_notices":[],"_links":{"self":[{"href":"http:\/\/www.museosdemequinenza.com\/ca\/wp-json\/wp\/v2\/posts\/9513","targetHints":{"allow":["GET"]}}],"collection":[{"href":"http:\/\/www.museosdemequinenza.com\/ca\/wp-json\/wp\/v2\/posts"}],"about":[{"href":"http:\/\/www.museosdemequinenza.com\/ca\/wp-json\/wp\/v2\/types\/post"}],"author":[{"embeddable":true,"href":"http:\/\/www.museosdemequinenza.com\/ca\/wp-json\/wp\/v2\/users\/1"}],"replies":[{"embeddable":true,"href":"http:\/\/www.museosdemequinenza.com\/ca\/wp-json\/wp\/v2\/comments?post=9513"}],"version-history":[{"count":4,"href":"http:\/\/www.museosdemequinenza.com\/ca\/wp-json\/wp\/v2\/posts\/9513\/revisions"}],"predecessor-version":[{"id":9519,"href":"http:\/\/www.museosdemequinenza.com\/ca\/wp-json\/wp\/v2\/posts\/9513\/revisions\/9519"}],"wp:featuredmedia":[{"embeddable":true,"href":"http:\/\/www.museosdemequinenza.com\/ca\/wp-json\/wp\/v2\/media\/9514"}],"wp:attachment":[{"href":"http:\/\/www.museosdemequinenza.com\/ca\/wp-json\/wp\/v2\/media?parent=9513"}],"wp:term":[{"taxonomy":"category","embeddable":true,"href":"http:\/\/www.museosdemequinenza.com\/ca\/wp-json\/wp\/v2\/categories?post=9513"},{"taxonomy":"post_tag","embeddable":true,"href":"http:\/\/www.museosdemequinenza.com\/ca\/wp-json\/wp\/v2\/tags?post=9513"}],"curies":[{"name":"wp","href":"https:\/\/api.w.org\/{rel}","templated":true}]}}