{"id":9460,"date":"2023-07-24T18:09:48","date_gmt":"2023-07-24T16:09:48","guid":{"rendered":"http:\/\/www.museosdemequinenza.com\/?p=9460"},"modified":"2023-07-24T18:11:30","modified_gmt":"2023-07-24T16:11:30","slug":"8-propuestas-para-elegir-el-cartel-anunciador-de-las-fiestas-de-la-santa-2023-de-mequinenza","status":"publish","type":"post","link":"http:\/\/www.museosdemequinenza.com\/ca\/8-propuestas-para-elegir-el-cartel-anunciador-de-las-fiestas-de-la-santa-2023-de-mequinenza\/","title":{"rendered":"8 propostes per triar el cartell anunciador de les Festes de La Santa 2023 de Mequinensa"},"content":{"rendered":"<div data-elementor-type=\"wp-post\" data-elementor-id=\"9460\" class=\"elementor elementor-9460\">\n\t\t\t\t\t\t<section class=\"elementor-section elementor-top-section elementor-element elementor-element-ee3e449 elementor-section-boxed elementor-section-height-default elementor-section-height-default\" data-id=\"ee3e449\" data-element_type=\"section\" data-e-type=\"section\">\n\t\t\t\t\t\t<div class=\"elementor-container elementor-column-gap-default\">\n\t\t\t\t\t<div class=\"elementor-column elementor-col-100 elementor-top-column elementor-element elementor-element-9bf3bdb\" data-id=\"9bf3bdb\" data-element_type=\"column\" data-e-type=\"column\">\n\t\t\t<div class=\"elementor-widget-wrap elementor-element-populated\">\n\t\t\t\t\t\t<div class=\"elementor-element elementor-element-1fd3ba6 elementor-widget elementor-widget-image\" data-id=\"1fd3ba6\" data-element_type=\"widget\" data-e-type=\"widget\" data-widget_type=\"image.default\">\n\t\t\t\t<div class=\"elementor-widget-container\">\n\t\t\t\t\t\t\t\t\t\t\t\t\t\t\t<img fetchpriority=\"high\" decoding=\"async\" width=\"1024\" height=\"683\" src=\"https:\/\/www.museosdemequinenza.com\/wp-content\/uploads\/2023\/07\/IMG_0316-1-1024x683.jpg\" class=\"attachment-large size-large wp-image-9463\" alt=\"\" srcset=\"https:\/\/www.museosdemequinenza.com\/wp-content\/uploads\/2023\/07\/IMG_0316-1-1024x683.jpg 1024w, https:\/\/www.museosdemequinenza.com\/wp-content\/uploads\/2023\/07\/IMG_0316-1-300x200.jpg 300w, https:\/\/www.museosdemequinenza.com\/wp-content\/uploads\/2023\/07\/IMG_0316-1-768x512.jpg 768w, https:\/\/www.museosdemequinenza.com\/wp-content\/uploads\/2023\/07\/IMG_0316-1-1536x1024.jpg 1536w, https:\/\/www.museosdemequinenza.com\/wp-content\/uploads\/2023\/07\/IMG_0316-1-2048x1365.jpg 2048w, https:\/\/www.museosdemequinenza.com\/wp-content\/uploads\/2023\/07\/IMG_0316-1-18x12.jpg 18w, https:\/\/www.museosdemequinenza.com\/wp-content\/uploads\/2023\/07\/IMG_0316-1-1140x760.jpg 1140w, https:\/\/www.museosdemequinenza.com\/wp-content\/uploads\/2023\/07\/IMG_0316-1-570x380.jpg 570w, https:\/\/www.museosdemequinenza.com\/wp-content\/uploads\/2023\/07\/IMG_0316-1-380x254.jpg 380w, https:\/\/www.museosdemequinenza.com\/wp-content\/uploads\/2023\/07\/IMG_0316-1-285x190.jpg 285w\" sizes=\"(max-width: 1024px) 100vw, 1024px\" \/>\t\t\t\t\t\t\t\t\t\t\t\t\t\t\t<\/div>\n\t\t\t\t<\/div>\n\t\t\t\t<div class=\"elementor-element elementor-element-448d0a3 elementor-widget elementor-widget-text-editor\" data-id=\"448d0a3\" data-element_type=\"widget\" data-e-type=\"widget\" data-widget_type=\"text-editor.default\">\n\t\t\t\t<div class=\"elementor-widget-container\">\n\t\t\t\t\t\t\t\t\t<p><strong>Fins al proper 3 d'agost, els ve\u00efns de la localitat podran votar la seva opci\u00f3 favorita que suposar\u00e0 un 20% de la puntuaci\u00f3 final per decidir l'obra guanyadora.<\/strong><\/p>\t\t\t\t\t\t\t\t<\/div>\n\t\t\t\t<\/div>\n\t\t\t\t<div class=\"elementor-element elementor-element-ecc694e elementor-widget elementor-widget-text-editor\" data-id=\"ecc694e\" data-element_type=\"widget\" data-e-type=\"widget\" data-widget_type=\"text-editor.default\">\n\t\t\t\t<div class=\"elementor-widget-container\">\n\t\t\t\t\t\t\t\t\t<p>El concurs del cartell anunciador de les Festes de la Santa 2023 de Mequinensa, que se celebraran del 15 al 19 de setembre, ha rebut 8 propostes, el doble de les presentades l'any passat. Entre aquestes se seleccionar\u00e0 l'obra guanyadora que s'emportar\u00e0 els 200 euros en met\u00e0l\u00b7lic amb qu\u00e8 est\u00e0 dotat el premi. Tots els dissenys a concurs estaran exposats a la vitrina situada al costat de la porta d'entrada a la Sala d'Exposicions Miguel Ibarz.<\/p><p>Els ve\u00efns de la localitat tenen fins al 3 d'agost per votar la seva opci\u00f3 favorita entre les 8 propostes presentades sota els t\u00edtols: \u201cAnem a les firetes\u201d, \u201cVeniu a ball\u00e0\u201d, \u201cTuristas, bienvenidos a La Santa\u201d, \u201cVive Mequinenza, La Santa 2023\u201d, \u201cSi es juntos, mejor\u201d, \u201cSanta 2023: fantas\u00eda y realidad\u201d, \u201cPapers plens de motius\u201d o \u201cEnvoltats de festa\u201d.<\/p><p>El vot popular, que es podr\u00e0 dipositar a l'urna ubicada a l'Oficina d'Atenci\u00f3 al Ciutad\u00e0 de l'Ajuntament de Mequinensa de dilluns a divendres de 9 a 14 hores i es correspon al 20% de la puntuaci\u00f3 final que atorgue el jurat, format pel regidor de festes, un representant de la Comissi\u00f3 de Festes, un representant de les penyes. El 4 d'agost es donar\u00e0 con\u00e8ixer el veredicte.<\/p>\t\t\t\t\t\t\t\t<\/div>\n\t\t\t\t<\/div>\n\t\t\t\t<div class=\"elementor-element elementor-element-946f1dc elementor-widget elementor-widget-spacer\" data-id=\"946f1dc\" data-element_type=\"widget\" data-e-type=\"widget\" data-widget_type=\"spacer.default\">\n\t\t\t\t<div class=\"elementor-widget-container\">\n\t\t\t\t\t\t\t<div class=\"elementor-spacer\">\n\t\t\t<div class=\"elementor-spacer-inner\"><\/div>\n\t\t<\/div>\n\t\t\t\t\t\t<\/div>\n\t\t\t\t<\/div>\n\t\t\t\t\t<\/div>\n\t\t<\/div>\n\t\t\t\t\t<\/div>\n\t\t<\/section>\n\t\t\t\t<\/div>","protected":false},"excerpt":{"rendered":"<p>Hasta el pr\u00f3ximo 3 de agosto los vecinos de la localidad podr\u00e1n votar su opci\u00f3n favorita que supondr\u00e1 un 20 % de la puntuaci\u00f3n final para decidir la obra ganadora. El concurso del cartel anunciador de las Fiestas de La Santa 2023 de Mequinenza, que se celebrar\u00e1n del 15 al 19 de septiembre, ha recibido<\/p>\n<p><a href=\"http:\/\/www.museosdemequinenza.com\/ca\/8-propuestas-para-elegir-el-cartel-anunciador-de-las-fiestas-de-la-santa-2023-de-mequinenza\/\" class=\"more-link themebutton\">Read More<\/a><\/p>","protected":false},"author":1,"featured_media":9461,"comment_status":"closed","ping_status":"closed","sticky":false,"template":"","format":"standard","meta":{"_monsterinsights_skip_tracking":false,"_monsterinsights_sitenote_active":false,"_monsterinsights_sitenote_note":"","_monsterinsights_sitenote_category":0,"footnotes":""},"categories":[18],"tags":[],"class_list":["post-9460","post","type-post","status-publish","format-standard","has-post-thumbnail","hentry","category-sin-categoria-en"],"aioseo_notices":[],"_links":{"self":[{"href":"http:\/\/www.museosdemequinenza.com\/ca\/wp-json\/wp\/v2\/posts\/9460","targetHints":{"allow":["GET"]}}],"collection":[{"href":"http:\/\/www.museosdemequinenza.com\/ca\/wp-json\/wp\/v2\/posts"}],"about":[{"href":"http:\/\/www.museosdemequinenza.com\/ca\/wp-json\/wp\/v2\/types\/post"}],"author":[{"embeddable":true,"href":"http:\/\/www.museosdemequinenza.com\/ca\/wp-json\/wp\/v2\/users\/1"}],"replies":[{"embeddable":true,"href":"http:\/\/www.museosdemequinenza.com\/ca\/wp-json\/wp\/v2\/comments?post=9460"}],"version-history":[{"count":4,"href":"http:\/\/www.museosdemequinenza.com\/ca\/wp-json\/wp\/v2\/posts\/9460\/revisions"}],"predecessor-version":[{"id":9466,"href":"http:\/\/www.museosdemequinenza.com\/ca\/wp-json\/wp\/v2\/posts\/9460\/revisions\/9466"}],"wp:featuredmedia":[{"embeddable":true,"href":"http:\/\/www.museosdemequinenza.com\/ca\/wp-json\/wp\/v2\/media\/9461"}],"wp:attachment":[{"href":"http:\/\/www.museosdemequinenza.com\/ca\/wp-json\/wp\/v2\/media?parent=9460"}],"wp:term":[{"taxonomy":"category","embeddable":true,"href":"http:\/\/www.museosdemequinenza.com\/ca\/wp-json\/wp\/v2\/categories?post=9460"},{"taxonomy":"post_tag","embeddable":true,"href":"http:\/\/www.museosdemequinenza.com\/ca\/wp-json\/wp\/v2\/tags?post=9460"}],"curies":[{"name":"wp","href":"https:\/\/api.w.org\/{rel}","templated":true}]}}