{"id":13476,"date":"2026-01-30T18:20:28","date_gmt":"2026-01-30T16:20:28","guid":{"rendered":"https:\/\/www.museosdemequinenza.com\/?p=13476"},"modified":"2026-01-30T18:26:03","modified_gmt":"2026-01-30T16:26:03","slug":"el-ayuntamiento-de-mequinenza-aprueba-un-presupuesto-consolidado-de-7-millones-de-euros-para-2026-con-la-adquisicion-del-castillo-como-inversion-estrella","status":"publish","type":"post","link":"http:\/\/www.museosdemequinenza.com\/ca\/el-ayuntamiento-de-mequinenza-aprueba-un-presupuesto-consolidado-de-7-millones-de-euros-para-2026-con-la-adquisicion-del-castillo-como-inversion-estrella\/","title":{"rendered":"L\u2019Ajuntament de Mequinensa aprova un pressupost consolidat de 7 milions d\u2019euros per a 2026 amb l\u2019adquisici\u00f3 del Castell com a inversi\u00f3 estrella."},"content":{"rendered":"<div data-elementor-type=\"wp-post\" data-elementor-id=\"13476\" class=\"elementor elementor-13476\">\n\t\t\t\t\t\t<section class=\"elementor-section elementor-top-section elementor-element elementor-element-8fc3d78 elementor-section-boxed elementor-section-height-default elementor-section-height-default\" data-id=\"8fc3d78\" data-element_type=\"section\" data-e-type=\"section\">\n\t\t\t\t\t\t<div class=\"elementor-container elementor-column-gap-default\">\n\t\t\t\t\t<div class=\"elementor-column elementor-col-100 elementor-top-column elementor-element elementor-element-3151ed2\" data-id=\"3151ed2\" data-element_type=\"column\" data-e-type=\"column\">\n\t\t\t<div class=\"elementor-widget-wrap elementor-element-populated\">\n\t\t\t\t\t\t<div class=\"elementor-element elementor-element-625387b elementor-widget elementor-widget-image\" data-id=\"625387b\" data-element_type=\"widget\" data-e-type=\"widget\" data-widget_type=\"image.default\">\n\t\t\t\t<div class=\"elementor-widget-container\">\n\t\t\t\t\t\t\t\t\t\t\t\t\t\t\t<img fetchpriority=\"high\" decoding=\"async\" width=\"1024\" height=\"683\" src=\"https:\/\/www.museosdemequinenza.com\/wp-content\/uploads\/2026\/01\/castillo-mequinenza-1024x683.png\" class=\"attachment-large size-large wp-image-13477\" alt=\"\" srcset=\"https:\/\/www.museosdemequinenza.com\/wp-content\/uploads\/2026\/01\/castillo-mequinenza-1024x683.png 1024w, https:\/\/www.museosdemequinenza.com\/wp-content\/uploads\/2026\/01\/castillo-mequinenza-300x200.png 300w, https:\/\/www.museosdemequinenza.com\/wp-content\/uploads\/2026\/01\/castillo-mequinenza-768x512.png 768w, https:\/\/www.museosdemequinenza.com\/wp-content\/uploads\/2026\/01\/castillo-mequinenza-18x12.png 18w, https:\/\/www.museosdemequinenza.com\/wp-content\/uploads\/2026\/01\/castillo-mequinenza-1140x760.png 1140w, https:\/\/www.museosdemequinenza.com\/wp-content\/uploads\/2026\/01\/castillo-mequinenza-570x380.png 570w, https:\/\/www.museosdemequinenza.com\/wp-content\/uploads\/2026\/01\/castillo-mequinenza-380x254.png 380w, https:\/\/www.museosdemequinenza.com\/wp-content\/uploads\/2026\/01\/castillo-mequinenza-285x190.png 285w, https:\/\/www.museosdemequinenza.com\/wp-content\/uploads\/2026\/01\/castillo-mequinenza.png 1536w\" sizes=\"(max-width: 1024px) 100vw, 1024px\" \/>\t\t\t\t\t\t\t\t\t\t\t\t\t\t\t<\/div>\n\t\t\t\t<\/div>\n\t\t\t\t<div class=\"elementor-element elementor-element-2133b15 elementor-widget elementor-widget-text-editor\" data-id=\"2133b15\" data-element_type=\"widget\" data-e-type=\"widget\" data-widget_type=\"text-editor.default\">\n\t\t\t\t<div class=\"elementor-widget-container\">\n\t\t\t\t\t\t\t\t\t<p><strong>La compra del Castillo, una actuaci\u00f3n de inter\u00e9s general y de recuperaci\u00f3n del patrimonio colectivo, cont\u00f3 con el respaldo un\u00e1nime de todos los grupos, mientras que el presupuesto fue aprobado con el voto favorable del Grupo Municipal Socialista.<\/strong><\/p>\t\t\t\t\t\t\t\t<\/div>\n\t\t\t\t<\/div>\n\t\t\t\t<div class=\"elementor-element elementor-element-da46451 elementor-widget elementor-widget-text-editor\" data-id=\"da46451\" data-element_type=\"widget\" data-e-type=\"widget\" data-widget_type=\"text-editor.default\">\n\t\t\t\t<div class=\"elementor-widget-container\">\n\t\t\t\t\t\t\t\t\t<p>El pressupost consolidat de l\u2019Ajuntament de Mequinensa per a l\u2019exercici 2026 ascendeix a 7.010.306,89 euros, import en qu\u00e8 s\u2019inclou el pressupost de l\u2019Organisme Aut\u00f2nom Cablevisi\u00f3 Mequinensa, que ascendeix a 232.052,82 euros. Un document que \u00abpermet atendre correctament el funcionament ordinari, garantint i millorant la prestaci\u00f3 dels serveis, i al mateix temps impulsa projectes estrat\u00e8gics que miren cap al futur de Mequinensa\u00bb, apuntava el portaveu socialista.<\/p>\n<p>Contempla una aposta decidida per la inversi\u00f3, destinant-hi prop de 2,5 milions d\u2019euros, una xifra que triplica la inversi\u00f3 realitzada el 2025. Aquest important esfor\u00e7 inversor \u00e9s possible gr\u00e0cies a la capacitat de gesti\u00f3, a l\u2019aprofitament dels recursos del Pla M\u00e9s Prov\u00edncia de la Diputaci\u00f3 Provincial de Saragossa (DPZ) i a una operaci\u00f3 estrat\u00e8gica per al futur del municipi, com \u00e9s l\u2019adquisici\u00f3 del Castell de Mequinensa a la Fundaci\u00f3 Endesa, xifrada en 1,9 milions d\u2019euros.<\/p>\n<p>Un projecte que \u00e9s \u00abuna oportunitat hist\u00f2rica i estrat\u00e8gica per al futur en l\u2019\u00e0mbit de l\u2019aprofitament del potencial tur\u00edstic del municipi, que a m\u00e9s t\u00e9 una alta c\u00e0rrega sentimental\u00bb en tractar-se de l\u2019emblema del municipi que ha perdurat durant segles i \u00abmai no ha estat propietat dels mequinensans\u00bb, subratllava Antonio Sanju\u00e1n, alcalde de Mequinensa. Una decisi\u00f3 molt reflexionada que \u00abno \u00e9s a\u00efllada i \u00e9s coherent amb el municipi que volem construir\u00bb i que encaixa \u00abamb l\u2019aposta pel patrimoni, amb l\u2019estrat\u00e8gia de diversificaci\u00f3 econ\u00f2mica, amb la de fixaci\u00f3 de poblaci\u00f3 i amb la generaci\u00f3 d\u2019oportunitats\u00bb.<\/p>\n<p>La compra del <a href=\"http:\/\/www.museosdemequinenza.com\/ca\/castillo-de-mequinenza\/\"><b>Castell de Mequinensa<\/b><\/a>, entesa com una actuaci\u00f3 d\u2019inter\u00e8s general i de recuperaci\u00f3 del patrimoni col\u00b7lectiu, a m\u00e9s de ser una inversi\u00f3 productiva de futur a trav\u00e9s d\u2019un pla d\u2019acci\u00f3 que s\u2019est\u00e0 definint, va comptar amb el suport un\u00e0nime de tots els grups municipals. No obstant aix\u00f2, el conjunt del pressupost per a 2026 va ser aprovat exclusivament amb el vot favorable del Grup Municipal Socialista, que va assumir en solitari la responsabilitat de tirar endavant uns comptes municipals orientats a la inversi\u00f3, al desenvolupament del municipi i a la millora dels serveis i les infraestructures p\u00fabliques.<\/p>\n<p>Un exercici, el del 2026, que contempla la posada en marxa d\u2019un altre projecte estrat\u00e8gic de gran envergadura pel seu impacte social, com \u00e9s la Resid\u00e8ncia de Persones Majors i Centre de Dia \u201cMagda Godia\u201d, pendent del perm\u00eds d\u2019obertura sol\u00b7licitat al Govern d\u2019Arag\u00f3 a l\u2019agost. Tamb\u00e9 en l\u2019\u00e0mbit social, s\u2019incrementaran, per segon any consecutiu, les ajudes que reben les associacions i clubs de la localitat, i es destinaran 100.000 euros a la posada en marxa del Museu del Disfressa, un projecte que s\u2019ha ajornat per la construcci\u00f3 de la Resid\u00e8ncia, que ha necessitat m\u00e9s recursos econ\u00f2mics dels previstos inicialment a causa de l\u2019encariment dels materials derivat de la guerra d\u2019Ucra\u00efna i de la manca de comprom\u00eds amb el projecte per part de la Comarca del Baix Cinca, i que l\u2019Ajuntament ha assumit.<\/p>\n<p>S\u2019han previst millores al Pol\u00edgon Industrial \u201cRiols\u201d (PIR), amb la construcci\u00f3 d\u2019una nova Estaci\u00f3 Depuradora d\u2019Aig\u00fces Residuals (EDAR), per a la qual es destinaran prop de 440.000 euros; altres 250.000 euros aniran a instal\u00b7lacions municipals com el Camp Municipal de Futbol \u201cLes R\u00edas\u201d, el Pavell\u00f3 Poliesportiu Municipal, la climatitzaci\u00f3 de la Sala Vora Riu o la Sala Goya, aix\u00ed com a camins rurals, amb una dotaci\u00f3 de 100.000 euros, carrers, al Col\u00b7legi Mar\u00eda Quintana i al Centre de Formaci\u00f3 Professional Santa Agat\u00f2clia.<\/p>\n<p>A m\u00e9s, en l\u2019apartat d\u2019inversions cal afegir-hi els prop de 300.000 euros no inclosos, que corresponen al Pla d\u2019Inversions en Municipis amb Especials Dificultats Territorials o Singulars Afectacions (PIMED) de la Diputaci\u00f3 de Saragossa (DPZ). Un import que es destinar\u00e0 a la urbanitzaci\u00f3 d\u2019un solar recentment recuperat per a la construcci\u00f3 d\u2019habitatge p\u00fablic destinat a lloguer social. Pel que fa a les inversions previstes a l\u2019Organisme Aut\u00f2nom Cablevisi\u00f3, es destinaran prop de 60.000 euros a renovaci\u00f3 i adquisici\u00f3 d\u2019equips.<\/p>\n<p>L\u2019aprovaci\u00f3 dels pressupostos de 2026, subratllava Sanju\u00e1n, confirma el comprom\u00eds ferm de l\u2019Ajuntament de Mequinensa \u00abamb una pol\u00edtica \u00fatil, responsable i orientada al futur\u00bb. Uns comptes que \u00abaposten de manera decidida per la inversi\u00f3, per la millora dels serveis i les infraestructures p\u00fabliques i per projectes estrat\u00e8gics que reforcen la cohesi\u00f3 social, la fixaci\u00f3 de poblaci\u00f3, la creaci\u00f3 d\u2019ocupaci\u00f3 i el desenvolupament econ\u00f2mic del municipi\u00bb.<\/p>\t\t\t\t\t\t\t\t<\/div>\n\t\t\t\t<\/div>\n\t\t\t\t\t<\/div>\n\t\t<\/div>\n\t\t\t\t\t<\/div>\n\t\t<\/section>\n\t\t\t\t<\/div>","protected":false},"excerpt":{"rendered":"<p>La compra del Castillo, una actuaci\u00f3n de inter\u00e9s general y de recuperaci\u00f3n del patrimonio colectivo, cont\u00f3 con el respaldo un\u00e1nime de todos los grupos, mientras que el presupuesto fue aprobado con el voto favorable del Grupo Municipal Socialista. El presupuesto consolidado del Ayuntamiento de Mequinenza para el ejercicio 2026 asciende a 7.010.306,89 euros, importe en<\/p>\n<p><a href=\"http:\/\/www.museosdemequinenza.com\/ca\/el-ayuntamiento-de-mequinenza-aprueba-un-presupuesto-consolidado-de-7-millones-de-euros-para-2026-con-la-adquisicion-del-castillo-como-inversion-estrella\/\" class=\"more-link themebutton\">Read More<\/a><\/p>","protected":false},"author":1,"featured_media":13477,"comment_status":"closed","ping_status":"closed","sticky":false,"template":"","format":"standard","meta":{"_monsterinsights_skip_tracking":false,"_monsterinsights_sitenote_active":false,"_monsterinsights_sitenote_note":"","_monsterinsights_sitenote_category":0,"footnotes":""},"categories":[18],"tags":[],"class_list":["post-13476","post","type-post","status-publish","format-standard","has-post-thumbnail","hentry","category-sin-categoria-en"],"aioseo_notices":[],"_links":{"self":[{"href":"http:\/\/www.museosdemequinenza.com\/ca\/wp-json\/wp\/v2\/posts\/13476","targetHints":{"allow":["GET"]}}],"collection":[{"href":"http:\/\/www.museosdemequinenza.com\/ca\/wp-json\/wp\/v2\/posts"}],"about":[{"href":"http:\/\/www.museosdemequinenza.com\/ca\/wp-json\/wp\/v2\/types\/post"}],"author":[{"embeddable":true,"href":"http:\/\/www.museosdemequinenza.com\/ca\/wp-json\/wp\/v2\/users\/1"}],"replies":[{"embeddable":true,"href":"http:\/\/www.museosdemequinenza.com\/ca\/wp-json\/wp\/v2\/comments?post=13476"}],"version-history":[{"count":10,"href":"http:\/\/www.museosdemequinenza.com\/ca\/wp-json\/wp\/v2\/posts\/13476\/revisions"}],"predecessor-version":[{"id":13488,"href":"http:\/\/www.museosdemequinenza.com\/ca\/wp-json\/wp\/v2\/posts\/13476\/revisions\/13488"}],"wp:featuredmedia":[{"embeddable":true,"href":"http:\/\/www.museosdemequinenza.com\/ca\/wp-json\/wp\/v2\/media\/13477"}],"wp:attachment":[{"href":"http:\/\/www.museosdemequinenza.com\/ca\/wp-json\/wp\/v2\/media?parent=13476"}],"wp:term":[{"taxonomy":"category","embeddable":true,"href":"http:\/\/www.museosdemequinenza.com\/ca\/wp-json\/wp\/v2\/categories?post=13476"},{"taxonomy":"post_tag","embeddable":true,"href":"http:\/\/www.museosdemequinenza.com\/ca\/wp-json\/wp\/v2\/tags?post=13476"}],"curies":[{"name":"wp","href":"https:\/\/api.w.org\/{rel}","templated":true}]}}